{"id":330347,"date":"2019-10-28T13:47:29","date_gmt":"2019-10-28T12:47:29","guid":{"rendered":"https:\/\/hashtag.al\/?p=330347"},"modified":"2019-10-28T13:47:30","modified_gmt":"2019-10-28T12:47:30","slug":"ne-kelcyre-dhe-bularat-perkujtohet-dita-ushtareve-greke-te-rene-ne-lufte","status":"publish","type":"post","link":"https:\/\/www.hashtag.al\/index.php\/2019\/10\/28\/ne-kelcyre-dhe-bularat-perkujtohet-dita-ushtareve-greke-te-rene-ne-lufte\/","title":{"rendered":"N\u00eb K\u00eblcyr\u00eb dhe Bularat p\u00ebrkujtohet dita ushtar\u00ebve grek\u00eb t\u00eb r\u00ebn\u00eb n\u00eb luft\u00eb","gt_translate_keys":[{"key":"rendered","format":"text"}]},"content":{"rendered":"<p><img loading=\"lazy\" decoding=\"async\" class=\"aligncenter size-full wp-image-330348\" src=\"https:\/\/hashtag.al\/wp-content\/uploads\/2019\/10\/varrezat.png\" alt=\"\" width=\"640\" height=\"352\" srcset=\"https:\/\/www.hashtag.al\/wp-content\/uploads\/2019\/10\/varrezat.png 640w, https:\/\/www.hashtag.al\/wp-content\/uploads\/2019\/10\/varrezat-300x165.png 300w\" sizes=\"auto, (max-width: 640px) 100vw, 640px\" \/><\/p>\n<p><span style=\"color: #000000;\">N\u00eb Bularat dhe K\u00eblcyr\u00eb ka nisur ceremonia p\u00ebr t\u00eb r\u00ebn\u00ebt e luft\u00ebs.<\/span><\/p>\n<p><span style=\"color: #000000;\">Me prezenc\u00ebn e flamujve grek\u00eb persona t\u00eb shumt\u00eb zhvilluan ceremonin\u00eb n\u00eb 28 tetor e cila njihet edhe si dita e \u201cJO-s\u00eb\u201d. \u00a0<\/span><\/p>\n<p><span style=\"color: #000000;\">28 tetori \u00ebsht\u00eb dita e Jo-s\u00eb kur ish mbreti grek refuzoi Musolinin para se t\u00eb niste lufta italo greke. Nj\u00eb pjes\u00eb e ushtarave greke dhe italiane jan\u00eb vrar\u00eb n\u00eb tok\u00ebn shqiptar\u00eb aty ku u p\u00ebrplas\u00ebn n\u00eb nj\u00eb luft\u00eb q\u00eb ende sot e k\u00ebsaj dite ka l\u00ebn\u00eb pasoja.<\/span><\/p>\n<p><span style=\"color: #000000;\">Ceremonia ka nisur fillimisht n\u00eb Kish\u00ebn e fshatit dhe m\u00eb pas zhvendoset n\u00eb varrezat e ngritura enkas p\u00ebr t\u00eb r\u00ebn\u00ebt n\u00eb luft\u00eb.<\/span><\/p>\n<p><span style=\"color: #000000;\">N\u00eb ceremoni kan\u00eb marr\u00eb pjes\u00eb edhe familjar\u00ebt e Kostandin Kacifas i cili mbeti i vrar\u00eb nj\u00eb vit m\u00eb par\u00eb gjat\u00eb shk\u00ebmbimit t\u00eb zjarrit me forcat RENEA.<\/span><\/p>\n<div style=\"width: 640px;\" class=\"wp-video\"><video class=\"wp-video-shortcode\" id=\"video-330347-1\" width=\"640\" height=\"352\" preload=\"metadata\" controls=\"controls\"><source type=\"video\/mp4\" src=\"https:\/\/hashtag.al\/wp-content\/uploads\/2019\/10\/WhatsApp-Video-2019-10-28-at-12.01.40.mp4?_=1\" \/><a href=\"https:\/\/hashtag.al\/wp-content\/uploads\/2019\/10\/WhatsApp-Video-2019-10-28-at-12.01.40.mp4\">https:\/\/hashtag.al\/wp-content\/uploads\/2019\/10\/WhatsApp-Video-2019-10-28-at-12.01.40.mp4<\/a><\/video><\/div>\n","protected":false,"gt_translate_keys":[{"key":"rendered","format":"html"}]},"excerpt":{"rendered":"<p>N\u00eb Bularat dhe K\u00eblcyr\u00eb ka nisur ceremonia p\u00ebr t\u00eb r\u00ebn\u00ebt e luft\u00ebs. Me prezenc\u00ebn e flamujve grek\u00eb persona t\u00eb shumt\u00eb zhvilluan ceremonin\u00eb n\u00eb 28 tetor e cila njihet edhe si dita e \u201cJO-s\u00eb\u201d. \u00a0 28 tetori \u00ebsht\u00eb dita e Jo-s\u00eb kur ish mbreti grek refuzoi Musolinin para se t\u00eb niste lufta italo greke. Nj\u00eb pjes\u00eb [&hellip;]<\/p>\n","protected":false,"gt_translate_keys":[{"key":"rendered","format":"html"}]},"author":32,"featured_media":330348,"comment_status":"open","ping_status":"open","sticky":false,"template":"","format":"standard","meta":{"footnotes":""},"categories":[65,13],"tags":[],"class_list":["post-330347","post","type-post","status-publish","format-standard","has-post-thumbnail","hentry","category-lajme","category-te-fundit"],"gt_translate_keys":[{"key":"link","format":"url"}],"_links":{"self":[{"href":"https:\/\/www.hashtag.al\/index.php\/wp-json\/wp\/v2\/posts\/330347","targetHints":{"allow":["GET"]}}],"collection":[{"href":"https:\/\/www.hashtag.al\/index.php\/wp-json\/wp\/v2\/posts"}],"about":[{"href":"https:\/\/www.hashtag.al\/index.php\/wp-json\/wp\/v2\/types\/post"}],"author":[{"embeddable":true,"href":"https:\/\/www.hashtag.al\/index.php\/wp-json\/wp\/v2\/users\/32"}],"replies":[{"embeddable":true,"href":"https:\/\/www.hashtag.al\/index.php\/wp-json\/wp\/v2\/comments?post=330347"}],"version-history":[{"count":0,"href":"https:\/\/www.hashtag.al\/index.php\/wp-json\/wp\/v2\/posts\/330347\/revisions"}],"wp:featuredmedia":[{"embeddable":true,"href":"https:\/\/www.hashtag.al\/index.php\/wp-json\/wp\/v2\/media\/330348"}],"wp:attachment":[{"href":"https:\/\/www.hashtag.al\/index.php\/wp-json\/wp\/v2\/media?parent=330347"}],"wp:term":[{"taxonomy":"category","embeddable":true,"href":"https:\/\/www.hashtag.al\/index.php\/wp-json\/wp\/v2\/categories?post=330347"},{"taxonomy":"post_tag","embeddable":true,"href":"https:\/\/www.hashtag.al\/index.php\/wp-json\/wp\/v2\/tags?post=330347"}],"curies":[{"name":"wp","href":"https:\/\/api.w.org\/{rel}","templated":true}]}}