{"id":330144,"date":"2019-10-27T20:13:00","date_gmt":"2019-10-27T19:13:00","guid":{"rendered":"https:\/\/hashtag.al\/?p=330144"},"modified":"2019-10-27T20:13:00","modified_gmt":"2019-10-27T19:13:00","slug":"kosova-te-jete-shembull-per-standardet-demokratike-e-mireqeverisjen-meta-pret-albin-kurtin","status":"publish","type":"post","link":"https:\/\/www.hashtag.al\/index.php\/2019\/10\/27\/kosova-te-jete-shembull-per-standardet-demokratike-e-mireqeverisjen-meta-pret-albin-kurtin\/","title":{"rendered":"&#8220;Kosova t\u00eb jet\u00eb shembull p\u00ebr standardet demokratike e mir\u00ebqeverisjen&#8221; &#8211; Meta pret Albin Kurtin","gt_translate_keys":[{"key":"rendered","format":"text"}]},"content":{"rendered":"<p><img loading=\"lazy\" decoding=\"async\" class=\"aligncenter size-full wp-image-330145\" src=\"https:\/\/hashtag.al\/wp-content\/uploads\/2019\/10\/Metakurti.jpg\" alt=\"\" width=\"1280\" height=\"853\" srcset=\"https:\/\/www.hashtag.al\/wp-content\/uploads\/2019\/10\/Metakurti.jpg 1280w, https:\/\/www.hashtag.al\/wp-content\/uploads\/2019\/10\/Metakurti-300x200.jpg 300w, https:\/\/www.hashtag.al\/wp-content\/uploads\/2019\/10\/Metakurti-768x512.jpg 768w, https:\/\/www.hashtag.al\/wp-content\/uploads\/2019\/10\/Metakurti-1024x682.jpg 1024w\" sizes=\"auto, (max-width: 1280px) 100vw, 1280px\" \/><\/p>\n<p><span style=\"color: #000000;\">Presidenti Meta ka pritur n\u00eb zyr\u00ebn e tij para pak \u00e7astesh kreun e Vet\u00ebvendosjes, Albin Kurti. <\/span><\/p>\n<p><span style=\"color: #000000;\">Kreu i shtetit ka postuar n\u00eb Facebook foton e takimit nd\u00ebrsa thekson se e ka uruar p\u00ebr suksesin e arritur n\u00eb zgjedhje. <\/span><\/p>\n<p><span style=\"color: #000000;\">M\u00eb tej Meta shkruan se ka uruar q\u00eb Kosova t\u00eb forcoj\u00eb institucionet demokratike duke u kthyer n\u00eb shembull p\u00ebr rajonin si\u00e7 e tregoi n\u00eb zgjedhjet e fundit.<\/span><\/p>\n<p><span style=\"color: #000000;\"><em>\u2018K\u00ebnaq\u00ebsi t\u00eb prisja sot liderin e L\u00ebvizjes Vet\u00ebvendosje, z.Albin Kurti dhe ta uroja p\u00ebr suksesin e arritur n\u00eb zgjedhje. Uroj q\u00eb Kosova t\u00eb ec\u00eb n\u00eb rrug\u00ebn e forcimit t\u00eb institucioneve demokratike, q\u00eb t\u00eb jet\u00eb nj\u00eb shembull pozitiv n\u00eb t\u00eb gjith\u00eb rajonin, si\u00e7 e d\u00ebshmoi edhe n\u00eb zgjedhjet e fundit, p\u00ebr standardet demokratike, por edhe p\u00ebr mir\u00ebqeverisjen.\u2019<\/em> \u00a0shkruan Meta.<\/span><\/p>\n","protected":false,"gt_translate_keys":[{"key":"rendered","format":"html"}]},"excerpt":{"rendered":"<p>Presidenti Meta ka pritur n\u00eb zyr\u00ebn e tij para pak \u00e7astesh kreun e Vet\u00ebvendosjes, Albin Kurti. Kreu i shtetit ka postuar n\u00eb Facebook foton e takimit nd\u00ebrsa thekson se e ka uruar p\u00ebr suksesin e arritur n\u00eb zgjedhje. M\u00eb tej Meta shkruan se ka uruar q\u00eb Kosova t\u00eb forcoj\u00eb institucionet demokratike duke u kthyer n\u00eb [&hellip;]<\/p>\n","protected":false,"gt_translate_keys":[{"key":"rendered","format":"html"}]},"author":51,"featured_media":330145,"comment_status":"open","ping_status":"open","sticky":false,"template":"","format":"standard","meta":{"footnotes":""},"categories":[65,13],"tags":[],"class_list":["post-330144","post","type-post","status-publish","format-standard","has-post-thumbnail","hentry","category-lajme","category-te-fundit"],"gt_translate_keys":[{"key":"link","format":"url"}],"_links":{"self":[{"href":"https:\/\/www.hashtag.al\/index.php\/wp-json\/wp\/v2\/posts\/330144","targetHints":{"allow":["GET"]}}],"collection":[{"href":"https:\/\/www.hashtag.al\/index.php\/wp-json\/wp\/v2\/posts"}],"about":[{"href":"https:\/\/www.hashtag.al\/index.php\/wp-json\/wp\/v2\/types\/post"}],"author":[{"embeddable":true,"href":"https:\/\/www.hashtag.al\/index.php\/wp-json\/wp\/v2\/users\/51"}],"replies":[{"embeddable":true,"href":"https:\/\/www.hashtag.al\/index.php\/wp-json\/wp\/v2\/comments?post=330144"}],"version-history":[{"count":0,"href":"https:\/\/www.hashtag.al\/index.php\/wp-json\/wp\/v2\/posts\/330144\/revisions"}],"wp:featuredmedia":[{"embeddable":true,"href":"https:\/\/www.hashtag.al\/index.php\/wp-json\/wp\/v2\/media\/330145"}],"wp:attachment":[{"href":"https:\/\/www.hashtag.al\/index.php\/wp-json\/wp\/v2\/media?parent=330144"}],"wp:term":[{"taxonomy":"category","embeddable":true,"href":"https:\/\/www.hashtag.al\/index.php\/wp-json\/wp\/v2\/categories?post=330144"},{"taxonomy":"post_tag","embeddable":true,"href":"https:\/\/www.hashtag.al\/index.php\/wp-json\/wp\/v2\/tags?post=330144"}],"curies":[{"name":"wp","href":"https:\/\/api.w.org\/{rel}","templated":true}]}}