{"id":330062,"date":"2019-10-27T12:48:33","date_gmt":"2019-10-27T11:48:33","guid":{"rendered":"https:\/\/hashtag.al\/?p=330062"},"modified":"2019-10-27T12:48:33","modified_gmt":"2019-10-27T11:48:33","slug":"motorcikleta-perplaset-me-makinen-ne-elbasan-plagosen-dy-persona","status":"publish","type":"post","link":"https:\/\/www.hashtag.al\/index.php\/2019\/10\/27\/motorcikleta-perplaset-me-makinen-ne-elbasan-plagosen-dy-persona\/","title":{"rendered":"Motor\u00e7ikleta p\u00ebrplaset me makin\u00ebn n\u00eb Elbasan, plagosen dy persona","gt_translate_keys":[{"key":"rendered","format":"text"}]},"content":{"rendered":"<p><img loading=\"lazy\" decoding=\"async\" class=\"aligncenter size-full wp-image-318609\" src=\"https:\/\/hashtag.al\/wp-content\/uploads\/2019\/08\/aksident-1.jpg\" alt=\"\" width=\"900\" height=\"530\" srcset=\"https:\/\/www.hashtag.al\/wp-content\/uploads\/2019\/08\/aksident-1.jpg 900w, https:\/\/www.hashtag.al\/wp-content\/uploads\/2019\/08\/aksident-1-300x177.jpg 300w, https:\/\/www.hashtag.al\/wp-content\/uploads\/2019\/08\/aksident-1-768x452.jpg 768w\" sizes=\"auto, (max-width: 900px) 100vw, 900px\" \/><\/p>\n<p><span style=\"color: #000000;\">Nj\u00eb aksident ka ndodhur dit\u00ebn e sotme n\u00eb aksin rural Elbasan-Shushic\u00eb ku nj\u00eb motor\u00e7iklet\u00eb \u00ebsht\u00eb p\u00ebrplasur me nj\u00eb makin\u00eb.<\/span><\/p>\n<p><span style=\"color: #000000;\">Nga p\u00ebrplasja drejtuesi i motor\u00e7klet\u00ebs D.P 21- vje\u00e7 dhe drejtuesi i makin\u00ebs Xh.C jan\u00eb l\u00ebnuduar dhe d\u00ebrguar n\u00eb spital p\u00ebr marrjen e ndihm\u00ebs mjek\u00ebsore.<\/span><\/p>\n<p><span style=\"color: #000000;\">\u201c<em>N\u00eb rrug\u00ebn rurale Elbasan- Shushic\u00eb, n\u00eb fshatin Byshek, drejtuesi D.P., 21 vje\u00e7, \u00a0banues n\u00eb fshatin Shushic\u00eb , duke drejtuar moto\u00e7iklet\u00ebn \u00ebsht\u00eb p\u00ebrplasur me mjetin tip \u201cBenz\u201d, me drejtues shtetasin Xh.C., 53 vje\u00e7, banues n\u00eb fshatin Shushic\u00eb, Elbasan. <\/em><\/span><\/p>\n<p><span style=\"color: #000000;\"><em>Si pasoj\u00eb e aksidentit \u00ebsht\u00eb d\u00ebmtuar drejtuesi i mjetit dhe pasagjeri i moto\u00e7iklet\u00ebs,\u00a0 dhe ndodhen n\u00ebn kujdesin e mjek\u00ebve. Grupi hetimore ndodhet n\u00eb vendngjarje dhe po punon p\u00ebr zbardhjen e shkakut t\u00eb aksidentit<\/em>\u201d-thuhet n\u00eb njoftimin e policis\u00eb.<\/span><\/p>\n","protected":false,"gt_translate_keys":[{"key":"rendered","format":"html"}]},"excerpt":{"rendered":"<p>Nj\u00eb aksident ka ndodhur dit\u00ebn e sotme n\u00eb aksin rural Elbasan-Shushic\u00eb ku nj\u00eb motor\u00e7iklet\u00eb \u00ebsht\u00eb p\u00ebrplasur me nj\u00eb makin\u00eb. Nga p\u00ebrplasja drejtuesi i motor\u00e7klet\u00ebs D.P 21- vje\u00e7 dhe drejtuesi i makin\u00ebs Xh.C jan\u00eb l\u00ebnuduar dhe d\u00ebrguar n\u00eb spital p\u00ebr marrjen e ndihm\u00ebs mjek\u00ebsore. \u201cN\u00eb rrug\u00ebn rurale Elbasan- Shushic\u00eb, n\u00eb fshatin Byshek, drejtuesi D.P., 21 vje\u00e7, [&hellip;]<\/p>\n","protected":false,"gt_translate_keys":[{"key":"rendered","format":"html"}]},"author":32,"featured_media":308306,"comment_status":"open","ping_status":"open","sticky":false,"template":"","format":"standard","meta":{"footnotes":""},"categories":[65,13],"tags":[],"class_list":["post-330062","post","type-post","status-publish","format-standard","has-post-thumbnail","hentry","category-lajme","category-te-fundit"],"gt_translate_keys":[{"key":"link","format":"url"}],"_links":{"self":[{"href":"https:\/\/www.hashtag.al\/index.php\/wp-json\/wp\/v2\/posts\/330062","targetHints":{"allow":["GET"]}}],"collection":[{"href":"https:\/\/www.hashtag.al\/index.php\/wp-json\/wp\/v2\/posts"}],"about":[{"href":"https:\/\/www.hashtag.al\/index.php\/wp-json\/wp\/v2\/types\/post"}],"author":[{"embeddable":true,"href":"https:\/\/www.hashtag.al\/index.php\/wp-json\/wp\/v2\/users\/32"}],"replies":[{"embeddable":true,"href":"https:\/\/www.hashtag.al\/index.php\/wp-json\/wp\/v2\/comments?post=330062"}],"version-history":[{"count":0,"href":"https:\/\/www.hashtag.al\/index.php\/wp-json\/wp\/v2\/posts\/330062\/revisions"}],"wp:featuredmedia":[{"embeddable":true,"href":"https:\/\/www.hashtag.al\/index.php\/wp-json\/wp\/v2\/media\/308306"}],"wp:attachment":[{"href":"https:\/\/www.hashtag.al\/index.php\/wp-json\/wp\/v2\/media?parent=330062"}],"wp:term":[{"taxonomy":"category","embeddable":true,"href":"https:\/\/www.hashtag.al\/index.php\/wp-json\/wp\/v2\/categories?post=330062"},{"taxonomy":"post_tag","embeddable":true,"href":"https:\/\/www.hashtag.al\/index.php\/wp-json\/wp\/v2\/tags?post=330062"}],"curies":[{"name":"wp","href":"https:\/\/api.w.org\/{rel}","templated":true}]}}