{"id":329976,"date":"2019-10-26T16:41:14","date_gmt":"2019-10-26T14:41:14","guid":{"rendered":"https:\/\/hashtag.al\/?p=329976"},"modified":"2019-10-26T16:41:14","modified_gmt":"2019-10-26T14:41:14","slug":"protesta-masive-ne-kili-kerkohet-doreheqja-e-qeverise","status":"publish","type":"post","link":"https:\/\/www.hashtag.al\/index.php\/2019\/10\/26\/protesta-masive-ne-kili-kerkohet-doreheqja-e-qeverise\/","title":{"rendered":"Protesta masive n\u00eb Kili, k\u00ebrkohet dor\u00ebheqja e qeveris\u00eb","gt_translate_keys":[{"key":"rendered","format":"text"}]},"content":{"rendered":"<p><img loading=\"lazy\" decoding=\"async\" class=\"aligncenter size-full wp-image-329977\" src=\"https:\/\/hashtag.al\/wp-content\/uploads\/2019\/10\/kili-man.jpg\" alt=\"\" width=\"660\" height=\"281\" srcset=\"https:\/\/www.hashtag.al\/wp-content\/uploads\/2019\/10\/kili-man.jpg 660w, https:\/\/www.hashtag.al\/wp-content\/uploads\/2019\/10\/kili-man-300x128.jpg 300w\" sizes=\"auto, (max-width: 660px) 100vw, 660px\" \/><\/p>\n<p><span style=\"color: #000000;\">Qindra mij\u00ebra manifestues u mblodh\u00ebn sot n\u00eb sheshin e Santiagos p\u00ebr t\u00eb protestuar kund\u00ebr pabarazive social-ekonomike duke b\u00ebr\u00eb thirrje p\u00ebr dor\u00ebheqjen e presidentit konservator kilian, Sebastian Pinjera.<\/span><\/p>\n<p><span style=\"color: #000000;\">Duke k\u00ebnduar k\u00ebng\u00eb t\u00eb periudh\u00ebs s\u00eb diktatur\u00ebs s\u00eb Augusto Pino\u00e7et (1973-1990), manifestuesit u drejtuan n\u00eb sheshin Plaza Italia, epiqend\u00ebr e nj\u00eb kryengritjeje sociale t\u00eb pazakont\u00eb shp\u00ebrthyer nj\u00eb jav\u00eb m\u00eb par\u00eb n\u00eb Kili, nj\u00eb prej vendeve m\u00eb t\u00eb q\u00ebndrueshme t\u00eb Amerik\u00ebs latine.<\/span><\/p>\n<p><span style=\"color: #000000;\">Qeveria u p\u00ebrgjigj shum\u00eb ashp\u00ebr ndaj manifestimeve, gj\u00eb q\u00eb rriti zem\u00ebrimin e sindikatave, t\u00eb cil\u00ebt filluan grevat dhe l\u00ebvizjet shoq\u00ebrore kund\u00ebr qeveris\u00eb, kund\u00ebr rritjes s\u00eb kostos s\u00eb jetes\u00ebs, pabarazis\u00eb dhe korrupsionit.<\/span><\/p>\n<p>&nbsp;<\/p>\n","protected":false,"gt_translate_keys":[{"key":"rendered","format":"html"}]},"excerpt":{"rendered":"<p>Qindra mij\u00ebra manifestues u mblodh\u00ebn sot n\u00eb sheshin e Santiagos p\u00ebr t\u00eb protestuar kund\u00ebr pabarazive social-ekonomike duke b\u00ebr\u00eb thirrje p\u00ebr dor\u00ebheqjen e presidentit konservator kilian, Sebastian Pinjera. Duke k\u00ebnduar k\u00ebng\u00eb t\u00eb periudh\u00ebs s\u00eb diktatur\u00ebs s\u00eb Augusto Pino\u00e7et (1973-1990), manifestuesit u drejtuan n\u00eb sheshin Plaza Italia, epiqend\u00ebr e nj\u00eb kryengritjeje sociale t\u00eb pazakont\u00eb shp\u00ebrthyer nj\u00eb jav\u00eb [&hellip;]<\/p>\n","protected":false,"gt_translate_keys":[{"key":"rendered","format":"html"}]},"author":32,"featured_media":329977,"comment_status":"open","ping_status":"open","sticky":false,"template":"","format":"standard","meta":{"footnotes":""},"categories":[6,13],"tags":[],"class_list":["post-329976","post","type-post","status-publish","format-standard","has-post-thumbnail","hentry","category-nderkombetare","category-te-fundit"],"gt_translate_keys":[{"key":"link","format":"url"}],"_links":{"self":[{"href":"https:\/\/www.hashtag.al\/index.php\/wp-json\/wp\/v2\/posts\/329976","targetHints":{"allow":["GET"]}}],"collection":[{"href":"https:\/\/www.hashtag.al\/index.php\/wp-json\/wp\/v2\/posts"}],"about":[{"href":"https:\/\/www.hashtag.al\/index.php\/wp-json\/wp\/v2\/types\/post"}],"author":[{"embeddable":true,"href":"https:\/\/www.hashtag.al\/index.php\/wp-json\/wp\/v2\/users\/32"}],"replies":[{"embeddable":true,"href":"https:\/\/www.hashtag.al\/index.php\/wp-json\/wp\/v2\/comments?post=329976"}],"version-history":[{"count":0,"href":"https:\/\/www.hashtag.al\/index.php\/wp-json\/wp\/v2\/posts\/329976\/revisions"}],"wp:featuredmedia":[{"embeddable":true,"href":"https:\/\/www.hashtag.al\/index.php\/wp-json\/wp\/v2\/media\/329977"}],"wp:attachment":[{"href":"https:\/\/www.hashtag.al\/index.php\/wp-json\/wp\/v2\/media?parent=329976"}],"wp:term":[{"taxonomy":"category","embeddable":true,"href":"https:\/\/www.hashtag.al\/index.php\/wp-json\/wp\/v2\/categories?post=329976"},{"taxonomy":"post_tag","embeddable":true,"href":"https:\/\/www.hashtag.al\/index.php\/wp-json\/wp\/v2\/tags?post=329976"}],"curies":[{"name":"wp","href":"https:\/\/api.w.org\/{rel}","templated":true}]}}