{"id":329560,"date":"2019-10-24T19:51:19","date_gmt":"2019-10-24T17:51:19","guid":{"rendered":"https:\/\/hashtag.al\/?p=329560"},"modified":"2019-10-24T19:51:19","modified_gmt":"2019-10-24T17:51:19","slug":"tirana-3-dite-stakime-te-energjise-elektrike-zonat-dhe-oraret","status":"publish","type":"post","link":"https:\/\/www.hashtag.al\/index.php\/2019\/10\/24\/tirana-3-dite-stakime-te-energjise-elektrike-zonat-dhe-oraret\/","title":{"rendered":"Tirana 3 dit\u00eb stakime t\u00eb energjis\u00eb elektrike, zonat dhe oraret","gt_translate_keys":[{"key":"rendered","format":"text"}]},"content":{"rendered":"<p><img loading=\"lazy\" decoding=\"async\" class=\"aligncenter size-full wp-image-310161\" src=\"https:\/\/hashtag.al\/wp-content\/uploads\/2019\/07\/OSHEE14korrik.jpg\" alt=\"\" width=\"1024\" height=\"682\" srcset=\"https:\/\/www.hashtag.al\/wp-content\/uploads\/2019\/07\/OSHEE14korrik.jpg 1024w, https:\/\/www.hashtag.al\/wp-content\/uploads\/2019\/07\/OSHEE14korrik-300x200.jpg 300w, https:\/\/www.hashtag.al\/wp-content\/uploads\/2019\/07\/OSHEE14korrik-768x512.jpg 768w\" sizes=\"auto, (max-width: 1024px) 100vw, 1024px\" \/><\/p>\n<p><span style=\"color: #000000;\">Disa zona n\u00eb kryeqytet do t\u00eb ken\u00eb munges\u00eb t\u00eb energjis\u00eb elektrike, p\u00ebr disa or\u00eb, tre dit\u00ebt n\u00eb vijim, 25, 26 dhe 27 tetor.<\/span><\/p>\n<p><span style=\"color: #000000;\">Sipas OSHEE, shk\u00ebputja e energjis\u00eb elektrike vjen si shkak i punimeve p\u00ebr rikonstruksionin e kabinave.<\/span><\/p>\n<p><span style=\"color: #000000;\"><strong>Zonat dhe oraret:<\/strong><\/span><\/p>\n<p><span style=\"color: #000000;\">25 Tetor<\/span><\/p>\n<p><span style=\"color: #000000;\">09:00-15:00<\/span><\/p>\n<p><span style=\"color: #000000;\">Pjes\u00ebrisht rrug\u00ebt: \u201cIbrahim Buzhiqi\u201d,\u00a0 \u201cBesim Daja\u201d, \u201cHysen Zhura\u201d<\/span><\/p>\n<p><span style=\"color: #000000;\">26 Tetor<\/span><\/p>\n<p><span style=\"color: #000000;\">09:00-15:00<\/span><\/p>\n<p><span style=\"color: #000000;\">Unaza pjes\u00ebrisht, pran\u00eb ish Stacionit t\u00eb Trenit<\/span><\/p>\n<p><span style=\"color: #000000;\">27 tetor<\/span><\/p>\n<p><span style=\"color: #000000;\">10:00-13:00<\/span><\/p>\n<p><span style=\"color: #000000;\">Biznese nga Megateg, p\u00ebrgjat\u00eb autostrad\u00ebs Tiran\u00eb- Durr\u00ebs dhe Tiran\u00eb-Rinas<\/span><\/p>\n<p>&nbsp;<\/p>\n","protected":false,"gt_translate_keys":[{"key":"rendered","format":"html"}]},"excerpt":{"rendered":"<p>Disa zona n\u00eb kryeqytet do t\u00eb ken\u00eb munges\u00eb t\u00eb energjis\u00eb elektrike, p\u00ebr disa or\u00eb, tre dit\u00ebt n\u00eb vijim, 25, 26 dhe 27 tetor. Sipas OSHEE, shk\u00ebputja e energjis\u00eb elektrike vjen si shkak i punimeve p\u00ebr rikonstruksionin e kabinave. Zonat dhe oraret: 25 Tetor 09:00-15:00 Pjes\u00ebrisht rrug\u00ebt: \u201cIbrahim Buzhiqi\u201d,\u00a0 \u201cBesim Daja\u201d, \u201cHysen Zhura\u201d 26 Tetor 09:00-15:00 [&hellip;]<\/p>\n","protected":false,"gt_translate_keys":[{"key":"rendered","format":"html"}]},"author":32,"featured_media":310161,"comment_status":"open","ping_status":"open","sticky":false,"template":"","format":"standard","meta":{"footnotes":""},"categories":[65,13],"tags":[],"class_list":["post-329560","post","type-post","status-publish","format-standard","has-post-thumbnail","hentry","category-lajme","category-te-fundit"],"gt_translate_keys":[{"key":"link","format":"url"}],"_links":{"self":[{"href":"https:\/\/www.hashtag.al\/index.php\/wp-json\/wp\/v2\/posts\/329560","targetHints":{"allow":["GET"]}}],"collection":[{"href":"https:\/\/www.hashtag.al\/index.php\/wp-json\/wp\/v2\/posts"}],"about":[{"href":"https:\/\/www.hashtag.al\/index.php\/wp-json\/wp\/v2\/types\/post"}],"author":[{"embeddable":true,"href":"https:\/\/www.hashtag.al\/index.php\/wp-json\/wp\/v2\/users\/32"}],"replies":[{"embeddable":true,"href":"https:\/\/www.hashtag.al\/index.php\/wp-json\/wp\/v2\/comments?post=329560"}],"version-history":[{"count":0,"href":"https:\/\/www.hashtag.al\/index.php\/wp-json\/wp\/v2\/posts\/329560\/revisions"}],"wp:featuredmedia":[{"embeddable":true,"href":"https:\/\/www.hashtag.al\/index.php\/wp-json\/wp\/v2\/media\/310161"}],"wp:attachment":[{"href":"https:\/\/www.hashtag.al\/index.php\/wp-json\/wp\/v2\/media?parent=329560"}],"wp:term":[{"taxonomy":"category","embeddable":true,"href":"https:\/\/www.hashtag.al\/index.php\/wp-json\/wp\/v2\/categories?post=329560"},{"taxonomy":"post_tag","embeddable":true,"href":"https:\/\/www.hashtag.al\/index.php\/wp-json\/wp\/v2\/tags?post=329560"}],"curies":[{"name":"wp","href":"https:\/\/api.w.org\/{rel}","templated":true}]}}