{"id":329111,"date":"2019-10-22T19:48:50","date_gmt":"2019-10-22T17:48:50","guid":{"rendered":"https:\/\/hashtag.al\/?p=329111"},"modified":"2019-10-22T19:48:50","modified_gmt":"2019-10-22T17:48:50","slug":"marreveshja-putin-erdogan-ushtria-ruse-dhe-siriane-do-vendosen-ne-verilindje-turqia-do-vazhdoje-operacionin-ne-zone-te-kufizuar","status":"publish","type":"post","link":"https:\/\/www.hashtag.al\/index.php\/2019\/10\/22\/marreveshja-putin-erdogan-ushtria-ruse-dhe-siriane-do-vendosen-ne-verilindje-turqia-do-vazhdoje-operacionin-ne-zone-te-kufizuar\/","title":{"rendered":"Marr\u00ebveshja Putin-Erdogan: Ushtria Ruse dhe Siriane do vendosen n\u00eb verilindje, Turqia do vazhdoj\u00eb operacionin n\u00eb zon\u00eb t\u00eb kufizuar","gt_translate_keys":[{"key":"rendered","format":"text"}]},"content":{"rendered":"<p><img loading=\"lazy\" decoding=\"async\" class=\"aligncenter size-full wp-image-329112\" src=\"https:\/\/hashtag.al\/wp-content\/uploads\/2019\/10\/5daefcac85f54026b879e6cc.jpg\" alt=\"\" width=\"980\" height=\"551\" srcset=\"https:\/\/www.hashtag.al\/wp-content\/uploads\/2019\/10\/5daefcac85f54026b879e6cc.jpg 980w, https:\/\/www.hashtag.al\/wp-content\/uploads\/2019\/10\/5daefcac85f54026b879e6cc-300x169.jpg 300w, https:\/\/www.hashtag.al\/wp-content\/uploads\/2019\/10\/5daefcac85f54026b879e6cc-768x432.jpg 768w\" sizes=\"auto, (max-width: 980px) 100vw, 980px\" \/><\/p>\n<p><span style=\"color: #000000;\">President\u00ebt Putin dhe Erdogan kan\u00eb r\u00ebn\u00eb dakord pas bisedimeve t\u00eb gjata q\u00eb \u201cPolicia ushtarake ruse dhe ushtarak\u00ebt sirian\u00eb do t\u00eb vendosen n\u00eb veri-lindje t\u00eb Siris\u00eb, nd\u00ebrsa operacioni i Turqis\u00eb &#8220;Pranvera e Paqes&#8221; do t\u00eb vazhdoj\u00eb n\u00eb nj\u00eb zon\u00eb t\u00eb kufizuar\u201d.<\/span><\/p>\n<p><span style=\"color: #000000;\">\u201c<em>Moska i kupton arsyet e nd\u00ebrhyrjes s\u00eb vazhdueshme ushtarake turke n\u00eb Siri<\/em>\u201d tha Putin, megjith\u00ebse ai theksoi se nuk duhet t\u00eb luaj\u00eb n\u00eb duart e terrorist\u00ebve dhe se duhet t\u00eb ruhet t\u00ebr\u00ebsia territoriale e Siris\u00eb. N\u00eb fund t\u00eb fundit, vendi duhet t\u00eb \u00e7lirohet nga \u00e7do &#8220;prani e paligjshme ushtarake e huaj&#8221;, shtoi Presidenti, duke p\u00ebrs\u00ebritur pozicionin e Mosk\u00ebs p\u00ebr nj\u00eb koh\u00eb t\u00eb gjat\u00eb.<\/span><\/p>\n<p><span style=\"color: #000000;\">Bisedimet gati shtat\u00eb-or\u00ebshe n\u00eb So\u00e7i, Rusi u p\u00ebrqendruan n\u00eb situat\u00ebn n\u00eb Siri, ve\u00e7an\u00ebrisht sulmin n\u00eb rajonin verilindor.<\/span><\/p>\n<p><span style=\"color: #000000;\">M\u00eb 9 tetor, rajoni u pushtua nga ushtria turke dhe militant\u00ebt e lidhur me t\u00eb ashtuquajtur\u00ebn &#8220;opozita Siriane&#8221;. Operacioni synoi milicit\u00eb e udh\u00ebhequra nga kurd\u00ebt, t\u00eb cil\u00ebt Ankaraja i konsideron si &#8220;terrorist\u00eb&#8221;. Sulmi, i quajtur &#8220;Operacioni i Paqes s\u00eb Pranver\u00ebs&#8221; , &#8216;nisi vet\u00ebm dy dit\u00eb pasi Presidenti amerikan Donald Trump njoftoi t\u00ebrheqjen e trupave t\u00eb vendit t\u00eb tij nga verilindja e Siris\u00eb.<\/span><\/p>\n<p><span style=\"color: #000000;\">Jav\u00ebn e kaluar, SHBA dhe Turqia ran\u00eb dakord p\u00ebr nj\u00eb arm\u00ebpushim pes\u00eb-ditor n\u00eb rajon, i cili skadon n\u00eb 10:00 me koh\u00ebn lokale (19:00 GMT) t\u00eb mart\u00ebn. Pushimi n\u00eb operacion kishte p\u00ebr q\u00ebllim t\u00eb lejonte milicit\u00eb e udh\u00ebhequra nga kurd\u00ebt t\u00eb t\u00ebrhiqen, duke leht\u00ebsuar krijimin e nj\u00eb &#8220;zone t\u00eb sigurt&#8221; 20 milje brenda Siris\u00eb q\u00eb Turqia ka k\u00ebrkuar t\u00eb krijoj\u00eb. M\u00eb par\u00eb gjat\u00eb dit\u00ebs, Erdogan tha se ishte gati t\u00eb rifilloj\u00eb operacionin n\u00ebse SHBA. nuk arrin t&#8217;i mbaj\u00eb premtimet e veta.<\/span><\/p>\n<p><span style=\"color: #000000;\"><span style=\"color: #ff0000;\">VINI RE:<\/span> Artikulli \u00ebsht\u00eb pron\u00ebsi intelektuale e <a href=\"https:\/\/www.rt.com\/news\/471529-putin-erdogan-sochi-talks\/\"><span style=\"color: #0000ff;\">RT<\/span><\/a><\/span><\/p>\n","protected":false,"gt_translate_keys":[{"key":"rendered","format":"html"}]},"excerpt":{"rendered":"<p>President\u00ebt Putin dhe Erdogan kan\u00eb r\u00ebn\u00eb dakord pas bisedimeve t\u00eb gjata q\u00eb \u201cPolicia ushtarake ruse dhe ushtarak\u00ebt sirian\u00eb do t\u00eb vendosen n\u00eb veri-lindje t\u00eb Siris\u00eb, nd\u00ebrsa operacioni i Turqis\u00eb &#8220;Pranvera e Paqes&#8221; do t\u00eb vazhdoj\u00eb n\u00eb nj\u00eb zon\u00eb t\u00eb kufizuar\u201d. \u201cMoska i kupton arsyet e nd\u00ebrhyrjes s\u00eb vazhdueshme ushtarake turke n\u00eb Siri\u201d tha Putin, megjith\u00ebse [&hellip;]<\/p>\n","protected":false,"gt_translate_keys":[{"key":"rendered","format":"html"}]},"author":32,"featured_media":329112,"comment_status":"open","ping_status":"open","sticky":false,"template":"","format":"standard","meta":{"footnotes":""},"categories":[6,13],"tags":[],"class_list":["post-329111","post","type-post","status-publish","format-standard","has-post-thumbnail","hentry","category-nderkombetare","category-te-fundit"],"gt_translate_keys":[{"key":"link","format":"url"}],"_links":{"self":[{"href":"https:\/\/www.hashtag.al\/index.php\/wp-json\/wp\/v2\/posts\/329111","targetHints":{"allow":["GET"]}}],"collection":[{"href":"https:\/\/www.hashtag.al\/index.php\/wp-json\/wp\/v2\/posts"}],"about":[{"href":"https:\/\/www.hashtag.al\/index.php\/wp-json\/wp\/v2\/types\/post"}],"author":[{"embeddable":true,"href":"https:\/\/www.hashtag.al\/index.php\/wp-json\/wp\/v2\/users\/32"}],"replies":[{"embeddable":true,"href":"https:\/\/www.hashtag.al\/index.php\/wp-json\/wp\/v2\/comments?post=329111"}],"version-history":[{"count":0,"href":"https:\/\/www.hashtag.al\/index.php\/wp-json\/wp\/v2\/posts\/329111\/revisions"}],"wp:featuredmedia":[{"embeddable":true,"href":"https:\/\/www.hashtag.al\/index.php\/wp-json\/wp\/v2\/media\/329112"}],"wp:attachment":[{"href":"https:\/\/www.hashtag.al\/index.php\/wp-json\/wp\/v2\/media?parent=329111"}],"wp:term":[{"taxonomy":"category","embeddable":true,"href":"https:\/\/www.hashtag.al\/index.php\/wp-json\/wp\/v2\/categories?post=329111"},{"taxonomy":"post_tag","embeddable":true,"href":"https:\/\/www.hashtag.al\/index.php\/wp-json\/wp\/v2\/tags?post=329111"}],"curies":[{"name":"wp","href":"https:\/\/api.w.org\/{rel}","templated":true}]}}