{"id":328881,"date":"2019-10-21T23:59:27","date_gmt":"2019-10-21T21:59:27","guid":{"rendered":"https:\/\/hashtag.al\/?p=328881"},"modified":"2019-10-21T21:16:46","modified_gmt":"2019-10-21T19:16:46","slug":"sjelljet-raciste-ne-stadiume-uefa-denon-serbine","status":"publish","type":"post","link":"https:\/\/www.hashtag.al\/index.php\/2019\/10\/21\/sjelljet-raciste-ne-stadiume-uefa-denon-serbine\/","title":{"rendered":"Sjelljet raciste n\u00eb stadiume, UEFA d\u00ebnon Serbin\u00eb","gt_translate_keys":[{"key":"rendered","format":"text"}]},"content":{"rendered":"<p><img loading=\"lazy\" decoding=\"async\" class=\"aligncenter size-full wp-image-328882\" src=\"https:\/\/hashtag.al\/wp-content\/uploads\/2019\/10\/serbia-700x452.jpg\" alt=\"\" width=\"700\" height=\"452\" srcset=\"https:\/\/www.hashtag.al\/wp-content\/uploads\/2019\/10\/serbia-700x452.jpg 700w, https:\/\/www.hashtag.al\/wp-content\/uploads\/2019\/10\/serbia-700x452-300x194.jpg 300w\" sizes=\"auto, (max-width: 700px) 100vw, 700px\" \/><\/p>\n<p><span style=\"color: #000000;\">Serbia \u00ebsht\u00eb urdh\u00ebruar q\u00eb t\u00eb luaj\u00eb ndeshjen tjet\u00ebr futbollistike kund\u00ebr ekipit t\u00eb Luksemburgut me dyer t\u00eb mbyllura p\u00ebr shkak t\u00eb qasjes raciste t\u00eb tifoz\u00ebve n\u00eb ndeshjen kund\u00ebr Portugalis\u00eb, q\u00eb \u00ebsht\u00eb zhvilluar muajin e kaluar n\u00eb Beograd.<\/span><\/p>\n<p><span style=\"color: #000000;\">Ndeshja e 14 n\u00ebntorit kund\u00ebr Luksemburgut do t\u00eb zhvillohet n\u00eb kuad\u00ebr t\u00eb takimeve p\u00ebr kualifikim n\u00eb Kampionatin Evropian t\u00eb Futbollit m\u00eb 2020.<\/span><\/p>\n<p><span style=\"color: #000000;\">Federata Evropiane e Futbollit (UEFA) ka th\u00ebn\u00eb p\u00ebrmes nj\u00eb deklarate se Asociacioni i Futbollit t\u00eb Serbis\u00eb \u00ebsht\u00eb nd\u00ebshkuar edhe p\u00ebr hyrje t\u00eb tifoz\u00ebve n\u00eb fush\u00eb, ndezje t\u00eb fishekzjarreve dhe thirrjeve t\u00eb paligjshme.<\/span><\/p>\n<p><span style=\"color: #000000;\">\u201cDepartamenti Kontrollues, Etik dhe Disiplinor ka vendosur t\u00eb urdh\u00ebroj\u00eb Asociacionin serb t\u00eb Futbollit t\u00eb luaj\u00eb dy ndeshjet e ardhshme n\u00eb kuad\u00ebr t\u00eb garave t\u00eb UEFA-s, me dyer t\u00eb mbyllura\u201d, ka th\u00ebn\u00eb Federata Evropiane e Futbollit p\u00ebrmes nj\u00eb deklarate.<\/span><\/p>\n<p><span style=\"color: #000000;\">Serbia po ashtu \u00ebsht\u00eb nd\u00ebshkuar edhe me 33,250 euro gjob\u00eb, si dhe i \u00ebsht\u00eb k\u00ebrkuar t\u00eb shfaq\u00eb n\u00eb stadium mbishkrimin \u201c#EqualGame\u201d (#Loj\u00ebeBarabart\u00eb) me logon e UEFA-s n\u00eb dy ndeshjet e radh\u00ebs ku \u00ebsht\u00eb nikoqire.<\/span><\/p>\n<p><span style=\"color: #000000;\">Ekipi i Serbis\u00eb renditet i treti n\u00eb Grupin B me 10 pik\u00eb, n\u00ebnt\u00eb pik\u00eb mbrapa Ukrain\u00ebs, e cila tashm\u00eb ka fituar kualifikimin dhe \u00ebsht\u00eb nj\u00eb pik\u00eb mbrapa Portugalis\u00eb, q\u00eb z\u00eb pozit\u00ebn e dyt\u00eb.<\/span><\/p>\n","protected":false,"gt_translate_keys":[{"key":"rendered","format":"html"}]},"excerpt":{"rendered":"<p>Serbia \u00ebsht\u00eb urdh\u00ebruar q\u00eb t\u00eb luaj\u00eb ndeshjen tjet\u00ebr futbollistike kund\u00ebr ekipit t\u00eb Luksemburgut me dyer t\u00eb mbyllura p\u00ebr shkak t\u00eb qasjes raciste t\u00eb tifoz\u00ebve n\u00eb ndeshjen kund\u00ebr Portugalis\u00eb, q\u00eb \u00ebsht\u00eb zhvilluar muajin e kaluar n\u00eb Beograd. Ndeshja e 14 n\u00ebntorit kund\u00ebr Luksemburgut do t\u00eb zhvillohet n\u00eb kuad\u00ebr t\u00eb takimeve p\u00ebr kualifikim n\u00eb Kampionatin Evropian t\u00eb [&hellip;]<\/p>\n","protected":false,"gt_translate_keys":[{"key":"rendered","format":"html"}]},"author":32,"featured_media":328882,"comment_status":"open","ping_status":"open","sticky":false,"template":"","format":"standard","meta":{"footnotes":""},"categories":[134,13],"tags":[],"class_list":["post-328881","post","type-post","status-publish","format-standard","has-post-thumbnail","hentry","category-sport","category-te-fundit"],"gt_translate_keys":[{"key":"link","format":"url"}],"_links":{"self":[{"href":"https:\/\/www.hashtag.al\/index.php\/wp-json\/wp\/v2\/posts\/328881","targetHints":{"allow":["GET"]}}],"collection":[{"href":"https:\/\/www.hashtag.al\/index.php\/wp-json\/wp\/v2\/posts"}],"about":[{"href":"https:\/\/www.hashtag.al\/index.php\/wp-json\/wp\/v2\/types\/post"}],"author":[{"embeddable":true,"href":"https:\/\/www.hashtag.al\/index.php\/wp-json\/wp\/v2\/users\/32"}],"replies":[{"embeddable":true,"href":"https:\/\/www.hashtag.al\/index.php\/wp-json\/wp\/v2\/comments?post=328881"}],"version-history":[{"count":0,"href":"https:\/\/www.hashtag.al\/index.php\/wp-json\/wp\/v2\/posts\/328881\/revisions"}],"wp:featuredmedia":[{"embeddable":true,"href":"https:\/\/www.hashtag.al\/index.php\/wp-json\/wp\/v2\/media\/328882"}],"wp:attachment":[{"href":"https:\/\/www.hashtag.al\/index.php\/wp-json\/wp\/v2\/media?parent=328881"}],"wp:term":[{"taxonomy":"category","embeddable":true,"href":"https:\/\/www.hashtag.al\/index.php\/wp-json\/wp\/v2\/categories?post=328881"},{"taxonomy":"post_tag","embeddable":true,"href":"https:\/\/www.hashtag.al\/index.php\/wp-json\/wp\/v2\/tags?post=328881"}],"curies":[{"name":"wp","href":"https:\/\/api.w.org\/{rel}","templated":true}]}}