{"id":328831,"date":"2019-10-21T15:55:26","date_gmt":"2019-10-21T13:55:26","guid":{"rendered":"https:\/\/hashtag.al\/?p=328831"},"modified":"2019-10-21T15:55:26","modified_gmt":"2019-10-21T13:55:26","slug":"ke-deshtuar-europa-te-refuzoi-e-keshtu-do-bejne-edhe-shqiptaret-basha-i-drejtohet-rames-me-dy-postime-te-njepasnjeshme","status":"publish","type":"post","link":"https:\/\/www.hashtag.al\/index.php\/2019\/10\/21\/ke-deshtuar-europa-te-refuzoi-e-keshtu-do-bejne-edhe-shqiptaret-basha-i-drejtohet-rames-me-dy-postime-te-njepasnjeshme\/","title":{"rendered":"&#8220;Ke d\u00ebshtuar, Europa t\u00eb refuzoi e k\u00ebshtu do b\u00ebjn\u00eb edhe shqiptar\u00ebt&#8221; &#8211; Basha i drejtohet Ram\u00ebs me dy postime t\u00eb nj\u00ebpasnj\u00ebshme","gt_translate_keys":[{"key":"rendered","format":"text"}]},"content":{"rendered":"<p><img loading=\"lazy\" decoding=\"async\" class=\"aligncenter size-full wp-image-328834\" src=\"https:\/\/hashtag.al\/wp-content\/uploads\/2019\/10\/basharamatwitter.JPG3_.jpg\" alt=\"\" width=\"2000\" height=\"1000\" srcset=\"https:\/\/www.hashtag.al\/wp-content\/uploads\/2019\/10\/basharamatwitter.JPG3_.jpg 2000w, https:\/\/www.hashtag.al\/wp-content\/uploads\/2019\/10\/basharamatwitter.JPG3_-300x150.jpg 300w, https:\/\/www.hashtag.al\/wp-content\/uploads\/2019\/10\/basharamatwitter.JPG3_-768x384.jpg 768w, https:\/\/www.hashtag.al\/wp-content\/uploads\/2019\/10\/basharamatwitter.JPG3_-1024x512.jpg 1024w\" sizes=\"auto, (max-width: 2000px) 100vw, 2000px\" \/><\/p>\n<p><span style=\"color: #000000;\">Kreu i Partis\u00eb Demokratike, Basha, ka b\u00ebr\u00eb dy postime nj\u00ebri pas tjetrit n\u00eb T\u00ebitter duke akuzuar kryeministrin Rama se ka d\u00ebshtuar dhe se shqiptar\u00ebt e refuzojn\u00eb. <\/span><\/p>\n<p><span style=\"color: #000000;\">N\u00eb t\u00eb parin kryedemokrati i b\u00ebn thirrje kreut t\u00eb qeveris\u00eb q\u00eb t\u00eb pranoj\u00eb p\u00ebrgjegj\u00ebsin\u00eb e tij p\u00ebr d\u00ebshtimet dhe se Europa e ka refuzuar.<\/span><\/p>\n<p><span style=\"color: #000000;\"><em>\u201cMjaft me shfaj\u00ebsime personale dhe faj\u00ebsimin e t\u00eb tjer\u00ebve z. Rama. T\u00eb gjith\u00eb jan\u00eb lodhur me justifikimet e tua p\u00ebr d\u00ebshtimet e tua, gjithmon\u00eb duke mbrojtur veten, kurr\u00eb popullin t\u00ebnd, asnj\u00ebher\u00eb gati t\u00eb pranosh p\u00ebrgjegj\u00ebsin\u00eb t\u00ebnde. Fakti \u00ebsht\u00eb, Europa t\u00eb ka refuzuar.Ti ke d\u00ebshtuar.\u201d<\/em> &#8211; shkruan Basha.<\/span><\/p>\n<p><img loading=\"lazy\" decoding=\"async\" class=\"aligncenter size-full wp-image-328832\" src=\"https:\/\/hashtag.al\/wp-content\/uploads\/2019\/10\/basharamatwitter.jpg\" alt=\"\" width=\"744\" height=\"324\" srcset=\"https:\/\/www.hashtag.al\/wp-content\/uploads\/2019\/10\/basharamatwitter.jpg 744w, https:\/\/www.hashtag.al\/wp-content\/uploads\/2019\/10\/basharamatwitter-300x131.jpg 300w\" sizes=\"auto, (max-width: 744px) 100vw, 744px\" \/><\/p>\n<p><span style=\"color: #000000;\">Pas nj\u00eb minute, Basha, ka publikuar nj\u00eb tjet\u00ebr status duke i p\u00ebrmendur Ram\u00ebs d\u00ebshtimin me sh\u00ebndet\u00ebsin\u00eb, ekonomin\u00eb, korrupsionin duke i rip\u00ebrmendur se ashtu si Europa edhe shqiptar\u00ebt do e refuzojn\u00eb.<\/span><\/p>\n<p><span style=\"color: #000000;\"><em>\u201cKujt do t&#8217;ja hedh\u00ebsh fajin p\u00ebr d\u00ebshtimin me sh\u00ebndet\u00ebsin\u00eb?P\u00ebr ekonomin\u00eb e shkat\u00ebrruar?Kujt do t&#8217;ja hedh\u00ebsh fajin p\u00ebr qeverin\u00eb t\u00ebnde t\u00eb korruptuar? Ka ardhur koha t\u00eb pranosh p\u00ebrgjegj\u00ebsit\u00eb p\u00ebr d\u00ebshtimet e tua.\u00cbsht\u00eb mbushur kupa. Europa t\u00eb ka refuzuar, dhe shqiptar\u00ebt do t\u00eb refuzojn\u00eb.\u201d<\/em> &#8211; shton Basha.<\/span><\/p>\n<p><img loading=\"lazy\" decoding=\"async\" class=\"aligncenter size-full wp-image-328833\" src=\"https:\/\/hashtag.al\/wp-content\/uploads\/2019\/10\/basharamatwitter.JPG2_.jpg\" alt=\"\" width=\"741\" height=\"308\" srcset=\"https:\/\/www.hashtag.al\/wp-content\/uploads\/2019\/10\/basharamatwitter.JPG2_.jpg 741w, https:\/\/www.hashtag.al\/wp-content\/uploads\/2019\/10\/basharamatwitter.JPG2_-300x125.jpg 300w\" sizes=\"auto, (max-width: 741px) 100vw, 741px\" \/><\/p>\n","protected":false,"gt_translate_keys":[{"key":"rendered","format":"html"}]},"excerpt":{"rendered":"<p>Kreu i Partis\u00eb Demokratike, Basha, ka b\u00ebr\u00eb dy postime nj\u00ebri pas tjetrit n\u00eb T\u00ebitter duke akuzuar kryeministrin Rama se ka d\u00ebshtuar dhe se shqiptar\u00ebt e refuzojn\u00eb. N\u00eb t\u00eb parin kryedemokrati i b\u00ebn thirrje kreut t\u00eb qeveris\u00eb q\u00eb t\u00eb pranoj\u00eb p\u00ebrgjegj\u00ebsin\u00eb e tij p\u00ebr d\u00ebshtimet dhe se Europa e ka refuzuar. \u201cMjaft me shfaj\u00ebsime personale dhe [&hellip;]<\/p>\n","protected":false,"gt_translate_keys":[{"key":"rendered","format":"html"}]},"author":51,"featured_media":328834,"comment_status":"open","ping_status":"open","sticky":false,"template":"","format":"standard","meta":{"footnotes":""},"categories":[65,13],"tags":[],"class_list":["post-328831","post","type-post","status-publish","format-standard","has-post-thumbnail","hentry","category-lajme","category-te-fundit"],"gt_translate_keys":[{"key":"link","format":"url"}],"_links":{"self":[{"href":"https:\/\/www.hashtag.al\/index.php\/wp-json\/wp\/v2\/posts\/328831","targetHints":{"allow":["GET"]}}],"collection":[{"href":"https:\/\/www.hashtag.al\/index.php\/wp-json\/wp\/v2\/posts"}],"about":[{"href":"https:\/\/www.hashtag.al\/index.php\/wp-json\/wp\/v2\/types\/post"}],"author":[{"embeddable":true,"href":"https:\/\/www.hashtag.al\/index.php\/wp-json\/wp\/v2\/users\/51"}],"replies":[{"embeddable":true,"href":"https:\/\/www.hashtag.al\/index.php\/wp-json\/wp\/v2\/comments?post=328831"}],"version-history":[{"count":0,"href":"https:\/\/www.hashtag.al\/index.php\/wp-json\/wp\/v2\/posts\/328831\/revisions"}],"wp:featuredmedia":[{"embeddable":true,"href":"https:\/\/www.hashtag.al\/index.php\/wp-json\/wp\/v2\/media\/328834"}],"wp:attachment":[{"href":"https:\/\/www.hashtag.al\/index.php\/wp-json\/wp\/v2\/media?parent=328831"}],"wp:term":[{"taxonomy":"category","embeddable":true,"href":"https:\/\/www.hashtag.al\/index.php\/wp-json\/wp\/v2\/categories?post=328831"},{"taxonomy":"post_tag","embeddable":true,"href":"https:\/\/www.hashtag.al\/index.php\/wp-json\/wp\/v2\/tags?post=328831"}],"curies":[{"name":"wp","href":"https:\/\/api.w.org\/{rel}","templated":true}]}}