{"id":328824,"date":"2019-10-21T15:19:57","date_gmt":"2019-10-21T13:19:57","guid":{"rendered":"https:\/\/hashtag.al\/?p=328824"},"modified":"2019-10-21T15:19:57","modified_gmt":"2019-10-21T13:19:57","slug":"conte-kerkon-perforcime-per-te-perballuar-juventusin-pritet-merkatoja-e-janarit","status":"publish","type":"post","link":"https:\/\/www.hashtag.al\/index.php\/2019\/10\/21\/conte-kerkon-perforcime-per-te-perballuar-juventusin-pritet-merkatoja-e-janarit\/","title":{"rendered":"Conte k\u00ebrkon p\u00ebrforcime p\u00ebr t\u00eb p\u00ebrballuar Juventusin, pritet merkatoja e janarit","gt_translate_keys":[{"key":"rendered","format":"text"}]},"content":{"rendered":"<p><img loading=\"lazy\" decoding=\"async\" class=\"aligncenter size-full wp-image-328825\" src=\"https:\/\/hashtag.al\/wp-content\/uploads\/2019\/10\/maticrakitiv.jpg\" alt=\"\" width=\"750\" height=\"450\" srcset=\"https:\/\/www.hashtag.al\/wp-content\/uploads\/2019\/10\/maticrakitiv.jpg 750w, https:\/\/www.hashtag.al\/wp-content\/uploads\/2019\/10\/maticrakitiv-300x180.jpg 300w\" sizes=\"auto, (max-width: 750px) 100vw, 750px\" \/><\/p>\n<p><span style=\"color: #000000;\">Interi k\u00ebrkon t\u00eb b\u00ebj\u00eb t\u00eb tjera p\u00ebrforcime n\u00eb merkaton e janarit p\u00ebr t\u00eb nd\u00ebrtuar nj\u00eb skuad\u00ebr sa m\u00eb t\u00eb fort\u00eb q\u00eb do luftoj\u00eb p\u00ebr titullin kampion. <\/span><\/p>\n<p><span style=\"color: #000000;\">Zikalt\u00ebrit e kan\u00eb nisur vrullsh\u00ebm sezonin dhe vet\u00ebm humbja ndaj Juventusit n\u00eb p\u00ebrballjen direkte i zbriti n\u00eb vendin e dyt\u00eb t\u00eb renditje, me nj\u00eb pik\u00eb m\u00eb pak se torinez\u00ebt. <\/span><\/p>\n<p><span style=\"color: #000000;\">Mediat italiane raportojn\u00eb se trajneri Conte ka k\u00ebrkuar Matic e Rakitic n\u00eb janar, dy lojtar\u00eb q\u00eb i sheh t\u00eb nevojsh\u00ebm p\u00ebr ekipin. <\/span><\/p>\n<p><span style=\"color: #000000;\">Matic aktivizohet me anglez\u00ebt e Manchester United kurse Rakitic \u00ebsht\u00eb pjes\u00eb e Barcelon\u00ebs.<\/span><\/p>\n<p><span style=\"color: #000000;\"> Nd\u00ebrkoh\u00eb drejtuesit e ekipit pritet t\u00eb takohen s\u00eb shpejti me p\u00ebrfaq\u00ebsuesit e Lautaro Martinez, p\u00ebr t\u00eb diskutuat p\u00ebr zgjatjen e kontrat\u00ebs q\u00eb skadon n\u00eb vitin 2023.<\/span><\/p>\n","protected":false,"gt_translate_keys":[{"key":"rendered","format":"html"}]},"excerpt":{"rendered":"<p>Interi k\u00ebrkon t\u00eb b\u00ebj\u00eb t\u00eb tjera p\u00ebrforcime n\u00eb merkaton e janarit p\u00ebr t\u00eb nd\u00ebrtuar nj\u00eb skuad\u00ebr sa m\u00eb t\u00eb fort\u00eb q\u00eb do luftoj\u00eb p\u00ebr titullin kampion. Zikalt\u00ebrit e kan\u00eb nisur vrullsh\u00ebm sezonin dhe vet\u00ebm humbja ndaj Juventusit n\u00eb p\u00ebrballjen direkte i zbriti n\u00eb vendin e dyt\u00eb t\u00eb renditje, me nj\u00eb pik\u00eb m\u00eb pak se torinez\u00ebt. [&hellip;]<\/p>\n","protected":false,"gt_translate_keys":[{"key":"rendered","format":"html"}]},"author":51,"featured_media":328825,"comment_status":"open","ping_status":"open","sticky":false,"template":"","format":"standard","meta":{"footnotes":""},"categories":[134],"tags":[],"class_list":["post-328824","post","type-post","status-publish","format-standard","has-post-thumbnail","hentry","category-sport"],"gt_translate_keys":[{"key":"link","format":"url"}],"_links":{"self":[{"href":"https:\/\/www.hashtag.al\/index.php\/wp-json\/wp\/v2\/posts\/328824","targetHints":{"allow":["GET"]}}],"collection":[{"href":"https:\/\/www.hashtag.al\/index.php\/wp-json\/wp\/v2\/posts"}],"about":[{"href":"https:\/\/www.hashtag.al\/index.php\/wp-json\/wp\/v2\/types\/post"}],"author":[{"embeddable":true,"href":"https:\/\/www.hashtag.al\/index.php\/wp-json\/wp\/v2\/users\/51"}],"replies":[{"embeddable":true,"href":"https:\/\/www.hashtag.al\/index.php\/wp-json\/wp\/v2\/comments?post=328824"}],"version-history":[{"count":0,"href":"https:\/\/www.hashtag.al\/index.php\/wp-json\/wp\/v2\/posts\/328824\/revisions"}],"wp:featuredmedia":[{"embeddable":true,"href":"https:\/\/www.hashtag.al\/index.php\/wp-json\/wp\/v2\/media\/328825"}],"wp:attachment":[{"href":"https:\/\/www.hashtag.al\/index.php\/wp-json\/wp\/v2\/media?parent=328824"}],"wp:term":[{"taxonomy":"category","embeddable":true,"href":"https:\/\/www.hashtag.al\/index.php\/wp-json\/wp\/v2\/categories?post=328824"},{"taxonomy":"post_tag","embeddable":true,"href":"https:\/\/www.hashtag.al\/index.php\/wp-json\/wp\/v2\/tags?post=328824"}],"curies":[{"name":"wp","href":"https:\/\/api.w.org\/{rel}","templated":true}]}}