{"id":328722,"date":"2019-10-21T09:32:14","date_gmt":"2019-10-21T07:32:14","guid":{"rendered":"https:\/\/hashtag.al\/?p=328722"},"modified":"2019-10-21T09:32:14","modified_gmt":"2019-10-21T07:32:14","slug":"edi-rama-nuk-e-paditi-kurre-gazeten-bild","status":"publish","type":"post","link":"https:\/\/www.hashtag.al\/index.php\/2019\/10\/21\/edi-rama-nuk-e-paditi-kurre-gazeten-bild\/","title":{"rendered":"Edi Rama nuk e paditi kurr\u00eb gazet\u00ebn BILD","gt_translate_keys":[{"key":"rendered","format":"text"}]},"content":{"rendered":"<p><a href=\"https:\/\/hashtag.al\/wp-content\/uploads\/2019\/10\/Rama-Tiede.jpg\"><img loading=\"lazy\" decoding=\"async\" class=\"aligncenter size-full wp-image-328723\" src=\"https:\/\/hashtag.al\/wp-content\/uploads\/2019\/10\/Rama-Tiede.jpg\" alt=\"\" width=\"1920\" height=\"1080\" srcset=\"https:\/\/www.hashtag.al\/wp-content\/uploads\/2019\/10\/Rama-Tiede.jpg 1920w, https:\/\/www.hashtag.al\/wp-content\/uploads\/2019\/10\/Rama-Tiede-300x169.jpg 300w, https:\/\/www.hashtag.al\/wp-content\/uploads\/2019\/10\/Rama-Tiede-768x432.jpg 768w, https:\/\/www.hashtag.al\/wp-content\/uploads\/2019\/10\/Rama-Tiede-1024x576.jpg 1024w\" sizes=\"auto, (max-width: 1920px) 100vw, 1920px\" \/><\/a><\/p>\n<p><span style=\"color: #000000;\">N\u00eb muajin qershor Kryeministri Rama\u00a0deklaroi se do t\u00eb padiste\u00a0gazet\u00ebn Bild dhe gazetarin e saj, Peter Tiede, n\u00eb Gjermani p\u00ebr botimin e p\u00ebrgjimeve q\u00eb tregonin p\u00ebrfshijen e dejtuesve t\u00eb \u00a0t\u00eb lart\u00eb socialist\u00eb n\u00eb manipulimin e zgjedhjeve vendore n\u00eb Dib\u00ebr m\u00eb 2016 dhe zgjedhjet e p\u00ebrgjithshme t\u00eb 2017.<\/span><\/p>\n<p><span style=\"color: #000000;\">Nd\u00ebrkoh\u00eb prokuroria shqiptare nisi nj\u00eb hetim t\u00eb brendsh\u00ebm p\u00ebr t\u00eb zbuluar se kush mund t\u2019i kishte rrjedhur p\u00ebrgjimet e dosjes hetimore, me q\u00ebllim p\u00ebr t\u00eb theksua faktin se nxjerrja e povave hetimore ishte krim i r\u00ebnd\u00eb.<\/span><\/p>\n<p><span style=\"color: #000000;\">Kan\u00eb kaluar kat\u00ebr muaj, por nuk ka patur asnj\u00eb lajm se \u00e7far\u00eb ka ndodhur me padin\u00eb e zotit Rama ndaj Bild.<\/span><\/p>\n<p><span style=\"color: #000000;\">P\u00ebr t\u00eb m\u00ebsuar mbi ecurin\u00eb e saj, Exit.al bashk\u00ebpunoi me nj\u00eb avokat gjerman, Nils Bruckhuisen, p\u00ebrmes t\u00eb cilit u p\u00ebrpoq\u00ebm t\u00eb kuptonim akuzat e mundshme q\u00eb Zoti Rama mund t\u00eb kishte ngritur ndaj Bild dhe Zotit Tiede, bazuar mbi ligjet gjermane, por edhe p\u00ebr t\u00eb peshuar gjasat e fitimit t\u00eb nj\u00eb \u00e7\u00ebshtjeje t\u00eb till\u00eb.<\/span><\/p>\n<p><span style=\"color: #000000;\">N\u00eb nj\u00eb artikull vler\u00ebsues q\u00eb ne botuam, bazuar n\u00eb arsyetimet e Zoti Buckuisner, mbas vler\u00ebsimit t\u00eb fakteve t\u00eb b\u00ebra publike deri tani, arrit\u00ebm n\u00eb p\u00ebrfundimin se padia e Zoti Rama ndaj Bild, qoft\u00eb civile apo penale, ka pak gjasa t\u00eb jet\u00eb e suksesshme.<\/span><\/p>\n<p><span style=\"color: #000000;\">Por, spekulimeve t\u00eb Exit.al mbi meritat e mundshme t\u00eb padis\u00eb, i dha fund Zoti Tiede, i cili pasi lexoi artikullin ton\u00eb na informoi:<\/span><\/p>\n<p><em><span style=\"color: #000000;\">\u201cNuk ka padi. Pati nj\u00eb let\u00ebr.\u00a0Asgj\u00eb m\u00eb tep\u00ebr. As padi, asgj\u00eb!\u201d<\/span><\/em><\/p>\n<p><span style=\"color: #000000;\">Zoti Tiede i referohet nj\u00eb letre t\u00eb d\u00ebrguar n\u00eb muajin gusht nga p\u00ebrfaq\u00ebsuesit e Kryeministrit Rama, q\u00eb sikurse e kemi raportuar m\u00eb par\u00eb, \u00ebsht\u00eb injoruar nga Bild.<\/span><\/p>\n<p><span style=\"color: #000000;\">Me gjas\u00eb, n\u00eb k\u00ebt\u00eb let\u00ebr avokat\u00ebt e Zoti Rama kan\u00eb pretenduar se Bild ka shtr\u00ebmb\u00ebruar faktet me botimin e audiop\u00ebrgjimeve dhe kan\u00eb k\u00ebrkuar botimin e nj\u00eb p\u00ebrg\u00ebnjeshtrimi nga ana e saj apo m\u00eb pak gjasa, nj\u00eb d\u00ebmshp\u00ebrblim, p\u00ebr ta zgjidhur \u00e7\u00ebshtjen \u201cme mir\u00ebkuptim\u201d midis pal\u00ebve.<\/span><\/p>\n<p><span style=\"color: #000000;\">Normalisht, kur letra t\u00eb tilla shp\u00ebrfillen, ato pasohen nga nj\u00eb padi.<\/span><\/p>\n<p><span style=\"color: #000000;\">Por kjo nuk ka ndodhur ende. Pavar\u00ebsisht k\u00ebrc\u00ebnimeve dhe mburrjes publike, Kryeministri Rama nuk e ka paditur kurr\u00eb gazet\u00ebn Bild dhe Peter Tieden n\u00eb gjykatat gjermane.<\/span><\/p>\n<p><strong><span style=\"color: #000000;\"><span style=\"color: #ff0000;\">VINI RE:<\/span> Ky artikull \u00ebsht\u00eb pron\u00eb intelektuale e <span style=\"color: #0000ff;\"><a style=\"color: #0000ff;\" href=\"https:\/\/exit.al\/2019\/10\/kryeministri-rama-nuk-e-paditi-kurre-gazeten-bild\/\">Exit.al<\/a><\/span><\/span><\/strong><\/p>\n","protected":false,"gt_translate_keys":[{"key":"rendered","format":"html"}]},"excerpt":{"rendered":"<p>N\u00eb muajin qershor Kryeministri Rama\u00a0deklaroi se do t\u00eb padiste\u00a0gazet\u00ebn Bild dhe gazetarin e saj, Peter Tiede, n\u00eb Gjermani p\u00ebr botimin e p\u00ebrgjimeve q\u00eb tregonin p\u00ebrfshijen e dejtuesve t\u00eb \u00a0t\u00eb lart\u00eb socialist\u00eb n\u00eb manipulimin e zgjedhjeve vendore n\u00eb Dib\u00ebr m\u00eb 2016 dhe zgjedhjet e p\u00ebrgjithshme t\u00eb 2017. Nd\u00ebrkoh\u00eb prokuroria shqiptare nisi nj\u00eb hetim t\u00eb brendsh\u00ebm p\u00ebr [&hellip;]<\/p>\n","protected":false,"gt_translate_keys":[{"key":"rendered","format":"html"}]},"author":30,"featured_media":328723,"comment_status":"open","ping_status":"open","sticky":false,"template":"","format":"standard","meta":{"footnotes":""},"categories":[65,13],"tags":[],"class_list":["post-328722","post","type-post","status-publish","format-standard","has-post-thumbnail","hentry","category-lajme","category-te-fundit"],"gt_translate_keys":[{"key":"link","format":"url"}],"_links":{"self":[{"href":"https:\/\/www.hashtag.al\/index.php\/wp-json\/wp\/v2\/posts\/328722","targetHints":{"allow":["GET"]}}],"collection":[{"href":"https:\/\/www.hashtag.al\/index.php\/wp-json\/wp\/v2\/posts"}],"about":[{"href":"https:\/\/www.hashtag.al\/index.php\/wp-json\/wp\/v2\/types\/post"}],"author":[{"embeddable":true,"href":"https:\/\/www.hashtag.al\/index.php\/wp-json\/wp\/v2\/users\/30"}],"replies":[{"embeddable":true,"href":"https:\/\/www.hashtag.al\/index.php\/wp-json\/wp\/v2\/comments?post=328722"}],"version-history":[{"count":0,"href":"https:\/\/www.hashtag.al\/index.php\/wp-json\/wp\/v2\/posts\/328722\/revisions"}],"wp:featuredmedia":[{"embeddable":true,"href":"https:\/\/www.hashtag.al\/index.php\/wp-json\/wp\/v2\/media\/328723"}],"wp:attachment":[{"href":"https:\/\/www.hashtag.al\/index.php\/wp-json\/wp\/v2\/media?parent=328722"}],"wp:term":[{"taxonomy":"category","embeddable":true,"href":"https:\/\/www.hashtag.al\/index.php\/wp-json\/wp\/v2\/categories?post=328722"},{"taxonomy":"post_tag","embeddable":true,"href":"https:\/\/www.hashtag.al\/index.php\/wp-json\/wp\/v2\/tags?post=328722"}],"curies":[{"name":"wp","href":"https:\/\/api.w.org\/{rel}","templated":true}]}}