{"id":328657,"date":"2019-10-20T20:52:32","date_gmt":"2019-10-20T18:52:32","guid":{"rendered":"https:\/\/hashtag.al\/?p=328657"},"modified":"2019-10-20T20:52:32","modified_gmt":"2019-10-20T18:52:32","slug":"makina-perplas-motorin-ne-farke-humb-jeten-46-vjecari","status":"publish","type":"post","link":"https:\/\/www.hashtag.al\/index.php\/2019\/10\/20\/makina-perplas-motorin-ne-farke-humb-jeten-46-vjecari\/","title":{"rendered":"Makina p\u00ebrplas motorin n\u00eb Fark\u00eb, humb jet\u00ebn 46-vje\u00e7ari","gt_translate_keys":[{"key":"rendered","format":"text"}]},"content":{"rendered":"<p><img loading=\"lazy\" decoding=\"async\" class=\"aligncenter size-full wp-image-328658\" src=\"https:\/\/hashtag.al\/wp-content\/uploads\/2019\/10\/motoraksident.jpg\" alt=\"\" width=\"1013\" height=\"779\" srcset=\"https:\/\/www.hashtag.al\/wp-content\/uploads\/2019\/10\/motoraksident.jpg 1013w, https:\/\/www.hashtag.al\/wp-content\/uploads\/2019\/10\/motoraksident-300x231.jpg 300w, https:\/\/www.hashtag.al\/wp-content\/uploads\/2019\/10\/motoraksident-768x591.jpg 768w\" sizes=\"auto, (max-width: 1013px) 100vw, 1013px\" \/><\/p>\n<p><img loading=\"lazy\" decoding=\"async\" class=\"aligncenter size-full wp-image-328658\" src=\"https:\/\/hashtag.al\/wp-content\/uploads\/2019\/10\/motoraksident.jpg\" alt=\"\" width=\"1013\" height=\"779\" srcset=\"https:\/\/www.hashtag.al\/wp-content\/uploads\/2019\/10\/motoraksident.jpg 1013w, https:\/\/www.hashtag.al\/wp-content\/uploads\/2019\/10\/motoraksident-300x231.jpg 300w, https:\/\/www.hashtag.al\/wp-content\/uploads\/2019\/10\/motoraksident-768x591.jpg 768w\" sizes=\"auto, (max-width: 1013px) 100vw, 1013px\" \/><\/p>\n<p><span style=\"color: #000000;\">Tjet\u00ebr aksident fatal ka ndodhur dit\u00ebn e sotme, k\u00ebsaj here n\u00eb Tiran\u00eb. <\/span><\/p>\n<p><span style=\"color: #000000;\">Ngjarja e r\u00ebnd\u00eb ka ndodhur n\u00eb Fark\u00eb, n\u00eb or\u00ebn 18:45 ku nj\u00eb automjet i drejtuat nga E.\u00c7., ka p\u00ebrplasur nj\u00eb motor q\u00eb drejtohej nga L.M. <\/span><\/p>\n<p><span style=\"color: #000000;\">P\u00ebr pasoj\u00eb 46-vje\u00e7ari q\u00eb drejtonte motorin ka humbur jet\u00ebn n\u00eb spital, nd\u00ebrsa drejtuesi i automjetit \u00ebsht\u00eb shoq\u00ebruar nga policia.<\/span><\/p>\n<p><span style=\"color: #000000;\"><strong>Njoftimi i policis\u00eb<\/strong><\/span><\/p>\n<p><span style=\"color: #000000;\"><em>Rreth or\u00ebs 18:45 n\u00eb Fark\u00eb automjeti me drejtues E. \u00c7 \u00ebsht\u00eb p\u00ebrplasur me nj\u00eb moto\u00e7iklet\u00eb me drejtues L. M.,46 vje\u00e7.Si pasoj\u00eb e p\u00ebrplasjes dhe plag\u00ebve t\u00eb marra ka nd\u00ebrruar jet\u00eb n\u00eb spital, drejtuesi i moto\u00e7iklet\u00ebs shtetasi L. M. Drejtuesi i automjetit shtetasi E. \u00c7 \u00ebsht\u00eb shoq\u00ebruar n\u00eb komisariat p\u00ebr veprime t\u00eb metejshme hetimore.Policia rrugore po vijon pun\u00ebn p\u00ebr sqarimin e rrethanave t\u00eb ngjarjes, dhe shkakut t\u00eb aksidentit.<\/em><\/span><\/p>\n","protected":false,"gt_translate_keys":[{"key":"rendered","format":"html"}]},"excerpt":{"rendered":"<p>Tjet\u00ebr aksident fatal ka ndodhur dit\u00ebn e sotme, k\u00ebsaj here n\u00eb Tiran\u00eb. Ngjarja e r\u00ebnd\u00eb ka ndodhur n\u00eb Fark\u00eb, n\u00eb or\u00ebn 18:45 ku nj\u00eb automjet i drejtuat nga E.\u00c7., ka p\u00ebrplasur nj\u00eb motor q\u00eb drejtohej nga L.M. P\u00ebr pasoj\u00eb 46-vje\u00e7ari q\u00eb drejtonte motorin ka humbur jet\u00ebn n\u00eb spital, nd\u00ebrsa drejtuesi i automjetit \u00ebsht\u00eb shoq\u00ebruar nga [&hellip;]<\/p>\n","protected":false,"gt_translate_keys":[{"key":"rendered","format":"html"}]},"author":51,"featured_media":328658,"comment_status":"open","ping_status":"open","sticky":false,"template":"","format":"standard","meta":{"footnotes":""},"categories":[65,13],"tags":[],"class_list":["post-328657","post","type-post","status-publish","format-standard","has-post-thumbnail","hentry","category-lajme","category-te-fundit"],"gt_translate_keys":[{"key":"link","format":"url"}],"_links":{"self":[{"href":"https:\/\/www.hashtag.al\/index.php\/wp-json\/wp\/v2\/posts\/328657","targetHints":{"allow":["GET"]}}],"collection":[{"href":"https:\/\/www.hashtag.al\/index.php\/wp-json\/wp\/v2\/posts"}],"about":[{"href":"https:\/\/www.hashtag.al\/index.php\/wp-json\/wp\/v2\/types\/post"}],"author":[{"embeddable":true,"href":"https:\/\/www.hashtag.al\/index.php\/wp-json\/wp\/v2\/users\/51"}],"replies":[{"embeddable":true,"href":"https:\/\/www.hashtag.al\/index.php\/wp-json\/wp\/v2\/comments?post=328657"}],"version-history":[{"count":0,"href":"https:\/\/www.hashtag.al\/index.php\/wp-json\/wp\/v2\/posts\/328657\/revisions"}],"wp:featuredmedia":[{"embeddable":true,"href":"https:\/\/www.hashtag.al\/index.php\/wp-json\/wp\/v2\/media\/328658"}],"wp:attachment":[{"href":"https:\/\/www.hashtag.al\/index.php\/wp-json\/wp\/v2\/media?parent=328657"}],"wp:term":[{"taxonomy":"category","embeddable":true,"href":"https:\/\/www.hashtag.al\/index.php\/wp-json\/wp\/v2\/categories?post=328657"},{"taxonomy":"post_tag","embeddable":true,"href":"https:\/\/www.hashtag.al\/index.php\/wp-json\/wp\/v2\/tags?post=328657"}],"curies":[{"name":"wp","href":"https:\/\/api.w.org\/{rel}","templated":true}]}}