{"id":328554,"date":"2019-10-20T11:21:57","date_gmt":"2019-10-20T09:21:57","guid":{"rendered":"https:\/\/hashtag.al\/?p=328554"},"modified":"2019-10-20T11:21:57","modified_gmt":"2019-10-20T09:21:57","slug":"konflikti-ne-kashmir-9-te-vrare-nga-te-dy-kampet","status":"publish","type":"post","link":"https:\/\/www.hashtag.al\/index.php\/2019\/10\/20\/konflikti-ne-kashmir-9-te-vrare-nga-te-dy-kampet\/","title":{"rendered":"Konflikti n\u00eb Kashmir, 9 t\u00eb vrar\u00eb nga t\u00eb dy kampet","gt_translate_keys":[{"key":"rendered","format":"text"}]},"content":{"rendered":"<p><img loading=\"lazy\" decoding=\"async\" class=\"aligncenter size-full wp-image-328555\" src=\"https:\/\/hashtag.al\/wp-content\/uploads\/2019\/10\/Kashmiri-600x360.jpg\" alt=\"\" width=\"600\" height=\"360\" srcset=\"https:\/\/www.hashtag.al\/wp-content\/uploads\/2019\/10\/Kashmiri-600x360.jpg 600w, https:\/\/www.hashtag.al\/wp-content\/uploads\/2019\/10\/Kashmiri-600x360-300x180.jpg 300w\" sizes=\"auto, (max-width: 600px) 100vw, 600px\" \/><\/p>\n<p><span style=\"color: #000000;\">Autoritetet indiane njoftuan t\u00eb diel\u00ebn se dy ushtar\u00eb t\u00eb saj dhe nj\u00eb civil jan\u00eb vrar\u00eb nga p\u00ebrleshja e armatosur me forcat pakistaneze n\u00eb rajonin e Kashmirit. N\u00eb an\u00ebn tjet\u00ebr, Pakistani tha se gjasht\u00eb civil\u00eb pakistanez\u00eb jan\u00eb vrar\u00eb n\u00eb k\u00ebt\u00eb konflikt.<\/span><\/p>\n<p><span style=\"color: #000000;\">Tre civil\u00eb indian\u00eb u l\u00ebnduan dhe disa nd\u00ebrtesa e automjete u shkat\u00ebrruan p\u00ebr shkak t\u00eb luftimeve t\u00eb ashpra n\u00eb rajonin Tanghdar, i cili shtrihet n\u00eb pjes\u00ebn veriore t\u00eb Kashmirit. Nj\u00eb zyrtar i lart\u00eb policor tha se konflikti i armatosur ndodhi gjat\u00eb or\u00ebve t\u00eb vona t\u00eb s\u00eb shtun\u00ebs.<\/span><\/p>\n<p><span style=\"color: #000000;\">Z\u00ebdh\u00ebn\u00ebsi i Ministris\u00eb s\u00eb Mbrojtjes n\u00eb Indi, koloneli Rajesh Kalia, tha se Pakistani e shkeli marr\u00ebveshjen e arm\u00ebpushimit n\u00eb k\u00ebt\u00eb rajon pa qen\u00eb i provokuar nga forcat rivale. \u201cTrupat tona u hakmor\u00ebn fuqish\u00ebm dhe i shkaktuan d\u00ebme t\u00eb r\u00ebnda dhe viktima armikut\u201d, tha ai.<\/span><\/p>\n<p><span style=\"color: #000000;\">Tensionet mes dy vendeve jan\u00eb rritur n\u00eb muajt e fundit q\u00eb nga vendimi i Indis\u00eb p\u00ebr t\u2019ia hequr statusin e ve\u00e7ant\u00eb autonom rajonit t\u00eb Kashmirit dhe d\u00ebrgimit t\u00eb ushtris\u00eb n\u00eb k\u00ebt\u00eb rajon m\u00eb 5 gusht.<\/span><\/p>\n<p><span style=\"color: #000000;\">Ndryshe, Pakistani dhe India n\u00eb t\u00eb kaluar\u00ebn i kan\u00eb zhvilluar dy luft\u00ebra mes vete p\u00ebr shkak t\u00eb rajonit t\u00eb Kashmirit. T\u00eb dyja vendet pretendojn\u00eb se Kashmiri \u00ebsht\u00eb pjes\u00eb e territorit t\u00eb tyre, shkruan \u201cReuters\u201d<\/span><\/p>\n","protected":false,"gt_translate_keys":[{"key":"rendered","format":"html"}]},"excerpt":{"rendered":"<p>Autoritetet indiane njoftuan t\u00eb diel\u00ebn se dy ushtar\u00eb t\u00eb saj dhe nj\u00eb civil jan\u00eb vrar\u00eb nga p\u00ebrleshja e armatosur me forcat pakistaneze n\u00eb rajonin e Kashmirit. N\u00eb an\u00ebn tjet\u00ebr, Pakistani tha se gjasht\u00eb civil\u00eb pakistanez\u00eb jan\u00eb vrar\u00eb n\u00eb k\u00ebt\u00eb konflikt. Tre civil\u00eb indian\u00eb u l\u00ebnduan dhe disa nd\u00ebrtesa e automjete u shkat\u00ebrruan p\u00ebr shkak t\u00eb [&hellip;]<\/p>\n","protected":false,"gt_translate_keys":[{"key":"rendered","format":"html"}]},"author":32,"featured_media":328555,"comment_status":"open","ping_status":"open","sticky":false,"template":"","format":"standard","meta":{"footnotes":""},"categories":[6,13],"tags":[],"class_list":["post-328554","post","type-post","status-publish","format-standard","has-post-thumbnail","hentry","category-nderkombetare","category-te-fundit"],"gt_translate_keys":[{"key":"link","format":"url"}],"_links":{"self":[{"href":"https:\/\/www.hashtag.al\/index.php\/wp-json\/wp\/v2\/posts\/328554","targetHints":{"allow":["GET"]}}],"collection":[{"href":"https:\/\/www.hashtag.al\/index.php\/wp-json\/wp\/v2\/posts"}],"about":[{"href":"https:\/\/www.hashtag.al\/index.php\/wp-json\/wp\/v2\/types\/post"}],"author":[{"embeddable":true,"href":"https:\/\/www.hashtag.al\/index.php\/wp-json\/wp\/v2\/users\/32"}],"replies":[{"embeddable":true,"href":"https:\/\/www.hashtag.al\/index.php\/wp-json\/wp\/v2\/comments?post=328554"}],"version-history":[{"count":0,"href":"https:\/\/www.hashtag.al\/index.php\/wp-json\/wp\/v2\/posts\/328554\/revisions"}],"wp:featuredmedia":[{"embeddable":true,"href":"https:\/\/www.hashtag.al\/index.php\/wp-json\/wp\/v2\/media\/328555"}],"wp:attachment":[{"href":"https:\/\/www.hashtag.al\/index.php\/wp-json\/wp\/v2\/media?parent=328554"}],"wp:term":[{"taxonomy":"category","embeddable":true,"href":"https:\/\/www.hashtag.al\/index.php\/wp-json\/wp\/v2\/categories?post=328554"},{"taxonomy":"post_tag","embeddable":true,"href":"https:\/\/www.hashtag.al\/index.php\/wp-json\/wp\/v2\/tags?post=328554"}],"curies":[{"name":"wp","href":"https:\/\/api.w.org\/{rel}","templated":true}]}}