{"id":328544,"date":"2019-10-20T10:20:30","date_gmt":"2019-10-20T08:20:30","guid":{"rendered":"https:\/\/hashtag.al\/?p=328544"},"modified":"2019-10-20T10:17:12","modified_gmt":"2019-10-20T08:17:12","slug":"fuste-djathe-kontrabande-nga-maqedonia-e-veriut-ndalohet-32-vjecari","status":"publish","type":"post","link":"https:\/\/www.hashtag.al\/index.php\/2019\/10\/20\/fuste-djathe-kontrabande-nga-maqedonia-e-veriut-ndalohet-32-vjecari\/","title":{"rendered":"Fuste djath\u00eb kontraband\u00eb nga Maqedonia e Veriut, ndalohet 32-vje\u00e7ari","gt_translate_keys":[{"key":"rendered","format":"text"}]},"content":{"rendered":"<p><img loading=\"lazy\" decoding=\"async\" class=\"aligncenter size-full wp-image-328545\" src=\"https:\/\/hashtag.al\/wp-content\/uploads\/2019\/10\/djathee.jpg\" alt=\"\" width=\"960\" height=\"540\" srcset=\"https:\/\/www.hashtag.al\/wp-content\/uploads\/2019\/10\/djathee.jpg 960w, https:\/\/www.hashtag.al\/wp-content\/uploads\/2019\/10\/djathee-300x169.jpg 300w, https:\/\/www.hashtag.al\/wp-content\/uploads\/2019\/10\/djathee-768x432.jpg 768w\" sizes=\"auto, (max-width: 960px) 100vw, 960px\" \/><\/p>\n<p><span style=\"color: #000000;\">Nj\u00eb 32-vje\u00e7ar i cili po transportonte 142 koli me djath\u00eb u arrestua nga policia e Elbasanit.<\/span><\/p>\n<p><span style=\"color: #000000;\">B\u00ebhet fjal\u00eb p\u00ebr shtetasin me iniciale M.Z nga Tirana, t\u00eb cilin policia e kontrolloi n\u00eb makin\u00ebn q\u00eb ai drejtonte.<\/span><\/p>\n<p><span style=\"color: #000000;\">&#8220;Gjat\u00eb kontrollit Policia gjeti dhe \u00a0sekuestroi n\u00eb cil\u00ebsin\u00eb e prov\u00ebs materiale 142 koli me djath\u00eb. Nga veprimet e para hetimore \u00a0dyshohet t\u00eb jet\u00eb futur \u00a0kontraband\u00eb nga Maqedonia e Veriut&#8221;,\u00a0sqaron policia.<\/span><\/p>\n<p><span style=\"color: #000000;\">Materiale hetimore i kaluan Prokuroris\u00eb pran\u00eb Gjykat\u00ebs s\u00eb Shkall\u00ebs Par\u00eb Elbasan, p\u00ebr veprat penale, \u00a0&#8220;Tregtimi dhe transportimi i mallrave q\u00eb jan\u00eb kontraband\u00eb&#8221;, dhe &#8220;Fshehja e t\u00eb ardhurave&#8221;.<\/span><\/p>\n","protected":false,"gt_translate_keys":[{"key":"rendered","format":"html"}]},"excerpt":{"rendered":"<p>Nj\u00eb 32-vje\u00e7ar i cili po transportonte 142 koli me djath\u00eb u arrestua nga policia e Elbasanit. B\u00ebhet fjal\u00eb p\u00ebr shtetasin me iniciale M.Z nga Tirana, t\u00eb cilin policia e kontrolloi n\u00eb makin\u00ebn q\u00eb ai drejtonte. &#8220;Gjat\u00eb kontrollit Policia gjeti dhe \u00a0sekuestroi n\u00eb cil\u00ebsin\u00eb e prov\u00ebs materiale 142 koli me djath\u00eb. Nga veprimet e para hetimore [&hellip;]<\/p>\n","protected":false,"gt_translate_keys":[{"key":"rendered","format":"html"}]},"author":32,"featured_media":328545,"comment_status":"open","ping_status":"open","sticky":false,"template":"","format":"standard","meta":{"footnotes":""},"categories":[65,13],"tags":[],"class_list":["post-328544","post","type-post","status-publish","format-standard","has-post-thumbnail","hentry","category-lajme","category-te-fundit"],"gt_translate_keys":[{"key":"link","format":"url"}],"_links":{"self":[{"href":"https:\/\/www.hashtag.al\/index.php\/wp-json\/wp\/v2\/posts\/328544","targetHints":{"allow":["GET"]}}],"collection":[{"href":"https:\/\/www.hashtag.al\/index.php\/wp-json\/wp\/v2\/posts"}],"about":[{"href":"https:\/\/www.hashtag.al\/index.php\/wp-json\/wp\/v2\/types\/post"}],"author":[{"embeddable":true,"href":"https:\/\/www.hashtag.al\/index.php\/wp-json\/wp\/v2\/users\/32"}],"replies":[{"embeddable":true,"href":"https:\/\/www.hashtag.al\/index.php\/wp-json\/wp\/v2\/comments?post=328544"}],"version-history":[{"count":0,"href":"https:\/\/www.hashtag.al\/index.php\/wp-json\/wp\/v2\/posts\/328544\/revisions"}],"wp:featuredmedia":[{"embeddable":true,"href":"https:\/\/www.hashtag.al\/index.php\/wp-json\/wp\/v2\/media\/328545"}],"wp:attachment":[{"href":"https:\/\/www.hashtag.al\/index.php\/wp-json\/wp\/v2\/media?parent=328544"}],"wp:term":[{"taxonomy":"category","embeddable":true,"href":"https:\/\/www.hashtag.al\/index.php\/wp-json\/wp\/v2\/categories?post=328544"},{"taxonomy":"post_tag","embeddable":true,"href":"https:\/\/www.hashtag.al\/index.php\/wp-json\/wp\/v2\/tags?post=328544"}],"curies":[{"name":"wp","href":"https:\/\/api.w.org\/{rel}","templated":true}]}}