{"id":328397,"date":"2019-10-19T15:20:02","date_gmt":"2019-10-19T13:20:02","guid":{"rendered":"https:\/\/hashtag.al\/?p=328397"},"modified":"2019-10-19T15:24:07","modified_gmt":"2019-10-19T13:24:07","slug":"pd-seshte-faji-i-europes-por-i-rames-te-jape-doreheqjen-per-te-miren-e-vendit","status":"publish","type":"post","link":"https:\/\/www.hashtag.al\/index.php\/2019\/10\/19\/pd-seshte-faji-i-europes-por-i-rames-te-jape-doreheqjen-per-te-miren-e-vendit\/","title":{"rendered":"PD: S&#8217;\u00ebsht\u00eb faji i Europ\u00ebs, por i Ram\u00ebs. T\u00eb jap\u00eb dor\u00ebheqjen p\u00ebr t\u00eb mir\u00ebn e vendit","gt_translate_keys":[{"key":"rendered","format":"text"}]},"content":{"rendered":"<p><span style=\"color: #000000;\"><a style=\"color: #000000;\" href=\"https:\/\/hashtag.al\/wp-content\/uploads\/2019\/10\/Kashaku-e1571491158910.jpeg\"><img loading=\"lazy\" decoding=\"async\" class=\"aligncenter size-full wp-image-328398\" src=\"https:\/\/hashtag.al\/wp-content\/uploads\/2019\/10\/Kashaku-e1571491158910.jpeg\" alt=\"\" width=\"675\" height=\"450\" srcset=\"https:\/\/www.hashtag.al\/wp-content\/uploads\/2019\/10\/Kashaku-e1571491158910.jpeg 675w, https:\/\/www.hashtag.al\/wp-content\/uploads\/2019\/10\/Kashaku-e1571491158910-300x200.jpeg 300w\" sizes=\"auto, (max-width: 675px) 100vw, 675px\" \/><\/a><\/span><\/p>\n<p><span style=\"color: #000000;\">Sekretari p\u00ebr marr\u00ebdh\u00ebniet nd\u00ebrkomb\u00ebtare n\u00eb PD, Arben Kashahu, ka dal\u00eb n\u00eb nj\u00eb deklarat\u00eb p\u00ebr mediat, ku \u00ebsht\u00eb shprehur se \u00ebsht\u00eb kryeministri Edi Rama ai q\u00eb e ka fajin p\u00ebr mos hapjen e negociatave.<\/span><\/p>\n<p><span style=\"color: #000000;\">Kashaku k\u00ebrkoi q\u00eb kryeministri Rama t\u00eb jap\u00eb dor\u00ebheqjen &#8220;p\u00ebr t\u00eb mir\u00ebn e vendit&#8221; dhe t\u00eb \u00e7liroj\u00eb vendin nga keqqeverisja, si\u00e7 shprehet ai.<\/span><\/p>\n<p><span style=\"color: #000000;\"><em>&#8220;Edi Rama vuri s\u00ebrish interesin e pasuris\u00eb dhe pushtetit t\u00eb tij personal p\u00ebrpara interesit t\u00eb shqiptar\u00ebve dhe fatit europian t\u00eb Shqip\u00ebris\u00eb. Ai ka v\u00ebn\u00eb n\u00eb levizje mekanizimin e propagand\u00ebs p\u00ebr t\u00eb faj\u00ebsuar Bashkimin Europian, duke mos i njohur vetes asnj\u00eb p\u00ebrgjegj\u00ebsi pse Shqip\u00ebris\u00eb nuk iu hap\u00ebn s\u00ebrish negociatat.<\/em><\/span><\/p>\n<p><span style=\"color: #000000;\"><em>Faji nuk \u00ebsht\u00eb i Europ\u00ebs! Pengesa kryesore p\u00ebr moshapjen e negociatave \u00ebsht\u00eb Edi Rama. Ai ka 6 vjet q\u00eb, me keqqeverisjen e tij, po bllokon \u00ebndrr\u00ebn e shqiptar\u00ebve p\u00ebr t\u2019u b\u00ebr\u00eb pjes\u00eb e familjes europiane.<\/em><\/span><\/p>\n<p><span style=\"color: #000000;\"><em>Ndaj, duhet t\u00eb jet\u00eb e qart\u00eb p\u00ebr t\u00eb gjith\u00eb, n\u00ebse Shqip\u00ebria do q\u00eb t\u00eb bashkohet me Bashkimin Europian, kjo do t\u00eb ndodh\u00eb pa Edi Ram\u00ebn.<\/em><\/span><\/p>\n<p><span style=\"color: #000000;\"><em>P\u00ebr t\u00eb mir\u00ebn e vendit, Edi Rama duhet t\u00eb jap\u00eb dor\u00ebheqjen. N\u00ebse ai do t\u00eb vendoste ineteresat e shqiptar\u00ebve para interesave t\u00eb tij, Rama do t\u00eb ikte, do t\u00eb na \u00e7lironte nga qeverisja e tij e d\u00ebshtuar dhe do t\u00eb na linte t\u00eb ecnim drejt Bashkimit Europian.<\/em><\/span><\/p>\n<p><span style=\"color: #000000;\"><em>Ndaj t\u00eb mos ket\u00eb asnj\u00eb dyshim se ky vendim \u00ebsht\u00eb nj\u00eb d\u00ebshtim personal p\u00ebr Edi Ram\u00ebn. Nuk ka t\u00eb b\u00ebj\u00eb me Shqip\u00ebrin\u00eb, por ka t\u00eb b\u00ebj\u00eb me Edi Ram\u00ebn.<\/em><\/span><\/p>\n<p><span style=\"color: #000000;\"><em>Nuk jan\u00eb problemet e brendshme t\u00eb Europ\u00ebs ato q\u00eb pengojn\u00eb vendet europiane t\u00eb hapin negociatat me Shqip\u00ebrin\u00eb. \u00cbsht\u00eb korrupsioni, manipulimi i zgjedhjeve dhe sundimi i d\u00ebshtuar i Edi Ram\u00ebs q\u00eb nuk bind Bashkimin Europian.<\/em><\/span><\/p>\n<p><span style=\"color: #000000;\"><em>Jan\u00eb mij\u00ebra shqiptar\u00eb q\u00eb k\u00ebrkojn\u00eb azil n\u00eb Franc\u00eb, n\u00ebn qeverin\u00eb e Edi Ram\u00ebs, Shqip\u00ebria nuk \u00ebsht\u00eb m\u00eb i tyrja, po i nj\u00eb grushti oligark\u00ebsh dhe kriminel\u00ebsh. N\u00eb raport me popullsin\u00eb, numri i azilk\u00ebrkuesve shqiptar\u00eb gjat\u00eb qeveris\u00eb s\u00eb Edi Ram\u00ebs \u00ebsht\u00eb m\u00eb i larti n\u00eb bot\u00eb.<\/em><\/span><\/p>\n<p><span style=\"color: #000000;\"><em>Krimi shqiptar \u00ebsht\u00eb dhjet\u00ebfishuar n\u00eb Holland\u00eb, por trafikant\u00ebt e drog\u00ebs n\u00eb Shqip\u00ebri shnd\u00ebrrohen n\u00eb biznesmen\u00eb t\u00eb fuqish\u00ebm, q\u00eb pasrojn\u00eb para dhe blejn\u00eb gjith\u00e7ka, drejt\u00ebsin\u00eb, qeverin\u00eb, parlamentin.<\/em><\/span><\/p>\n<p><span style=\"color: #000000;\"><em>P\u00ebr t\u00eb gjitha k\u00ebto nuk e ka fajin Europa.&#8221;<\/em>, tha Kashaku.<\/span><\/p>\n<p><span style=\"color: #000000;\">Mes t\u00eb tjerash, Kashaku shtoi se kryeministri Rama as nuk e ka nd\u00ebrmend t\u00eb p\u00ebrmbush\u00eb 9 kushtet e vendosura nga Bundestagu n\u00eb shtator.<\/span><\/p>\n<p><span style=\"color: #000000;\"><em>&#8220;Ky \u00ebsht\u00eb d\u00ebshtimi personal i Edi Ram\u00ebs. \u00cbsht\u00eb ajo \u00e7far\u00eb ka mbjell\u00eb 6 vjet n\u00eb drejtimin e vendit, duke shkelur pa m\u00ebshir\u00eb interesat e shqiptar\u00ebve, duke i zbuar ata nga vendi dhe duke e b\u00ebr\u00eb Shqip\u00ebrin\u00eb parajs\u00ebn e krimit t\u00eb organizuar dhe t\u00eb disa klient\u00ebve t\u00eb tij, me t\u00eb cil\u00ebt grabit pasurit\u00eb e shqiptar\u00ebve dhe i varf\u00ebron ata.<\/em><\/span><\/p>\n<p><span style=\"color: #000000;\"><em>Shumica d\u00ebrrmuese e shqiptar\u00ebve e kan\u00eb kuptuar se p\u00ebrsa koh\u00eb Shqip\u00ebria do t\u00eb drejtohet nga Edi Rama, vendi ka p\u00ebr t\u00eb b\u00ebr\u00eb vet\u00ebm hapa prapa.<\/em><\/span><\/p>\n<p><span style=\"color: #000000;\"><em>Edi Rama nuk ka nd\u00ebrmend t\u00eb p\u00ebrmbush\u00eb as 9 kushtet e Bundestagut gjerman, q\u00eb p\u00ebr opozit\u00ebn jan\u00eb udh\u00ebrr\u00ebfyesi p\u00ebr nxjerrjen e vendit nga kriza.<\/em><\/span><\/p>\n<p><span style=\"color: #000000;\"><em>Vet\u00ebm duke siguruar zgjedhje t\u00eb lira e t\u00eb ndershme, vet\u00ebm duke zbatuar standardet m\u00eb elementar\u00eb p\u00ebr barazin\u00eb para ligjit, Shqip\u00ebria do t\u00eb b\u00ebhet si Europa dhe Europa do t\u00eb na pranoj\u00eb n\u00eb familjen e saj.&#8221;<\/em>, tha Kashaku.<\/span><\/p>\n<p><span style=\"color: #000000;\">Kryeministri i Maqedonis\u00eb s\u00eb Veriut, Zoran Zaev, propozoi zgjedhje t\u00eb parakohshme p\u00ebr shkak t\u00eb p\u00ebrgjigjes negative p\u00ebr negociatat nga BE-ja. Mir\u00ebpo nga ana e kryeministrit Edi Rama nuk shohim t\u00eb nj\u00ebjtin q\u00ebndrim. Ministri n\u00eb detyr\u00eb p\u00ebr Europ\u00ebn dhe Pun\u00ebt e Jashtme, Gent Cakaj, tha se rasti mes dy vendeve \u00ebsht\u00eb i ndrysh\u00ebm p\u00ebr shkak se lider\u00ebt atje kan\u00eb sakrifikuar emrin e vendit pik\u00ebrisht p\u00ebr integrimin n\u00eb BE dhe kan\u00eb premtuar dor\u00ebheqjen n\u00eb rast se kjo nuk do realizohej. N\u00eb Shqip\u00ebri s&#8217;ka patur nj\u00eb zotim t\u00eb till\u00eb tha Cakaj, por vet\u00ebm p\u00ebr p\u00ebrmbushje detyrash.<\/span><\/p>\n","protected":false,"gt_translate_keys":[{"key":"rendered","format":"html"}]},"excerpt":{"rendered":"<p>Sekretari p\u00ebr marr\u00ebdh\u00ebniet nd\u00ebrkomb\u00ebtare n\u00eb PD, Arben Kashahu, ka dal\u00eb n\u00eb nj\u00eb deklarat\u00eb p\u00ebr mediat, ku \u00ebsht\u00eb shprehur se \u00ebsht\u00eb kryeministri Edi Rama ai q\u00eb e ka fajin p\u00ebr mos hapjen e negociatave. Kashaku k\u00ebrkoi q\u00eb kryeministri Rama t\u00eb jap\u00eb dor\u00ebheqjen &#8220;p\u00ebr t\u00eb mir\u00ebn e vendit&#8221; dhe t\u00eb \u00e7liroj\u00eb vendin nga keqqeverisja, si\u00e7 shprehet ai. [&hellip;]<\/p>\n","protected":false,"gt_translate_keys":[{"key":"rendered","format":"html"}]},"author":30,"featured_media":328398,"comment_status":"open","ping_status":"open","sticky":false,"template":"","format":"standard","meta":{"footnotes":""},"categories":[65,13],"tags":[],"class_list":["post-328397","post","type-post","status-publish","format-standard","has-post-thumbnail","hentry","category-lajme","category-te-fundit"],"gt_translate_keys":[{"key":"link","format":"url"}],"_links":{"self":[{"href":"https:\/\/www.hashtag.al\/index.php\/wp-json\/wp\/v2\/posts\/328397","targetHints":{"allow":["GET"]}}],"collection":[{"href":"https:\/\/www.hashtag.al\/index.php\/wp-json\/wp\/v2\/posts"}],"about":[{"href":"https:\/\/www.hashtag.al\/index.php\/wp-json\/wp\/v2\/types\/post"}],"author":[{"embeddable":true,"href":"https:\/\/www.hashtag.al\/index.php\/wp-json\/wp\/v2\/users\/30"}],"replies":[{"embeddable":true,"href":"https:\/\/www.hashtag.al\/index.php\/wp-json\/wp\/v2\/comments?post=328397"}],"version-history":[{"count":0,"href":"https:\/\/www.hashtag.al\/index.php\/wp-json\/wp\/v2\/posts\/328397\/revisions"}],"wp:featuredmedia":[{"embeddable":true,"href":"https:\/\/www.hashtag.al\/index.php\/wp-json\/wp\/v2\/media\/328398"}],"wp:attachment":[{"href":"https:\/\/www.hashtag.al\/index.php\/wp-json\/wp\/v2\/media?parent=328397"}],"wp:term":[{"taxonomy":"category","embeddable":true,"href":"https:\/\/www.hashtag.al\/index.php\/wp-json\/wp\/v2\/categories?post=328397"},{"taxonomy":"post_tag","embeddable":true,"href":"https:\/\/www.hashtag.al\/index.php\/wp-json\/wp\/v2\/tags?post=328397"}],"curies":[{"name":"wp","href":"https:\/\/api.w.org\/{rel}","templated":true}]}}