{"id":328295,"date":"2019-10-19T09:23:27","date_gmt":"2019-10-19T07:23:27","guid":{"rendered":"https:\/\/hashtag.al\/?p=328295"},"modified":"2019-10-19T09:25:11","modified_gmt":"2019-10-19T07:25:11","slug":"shkrumbohet-apartamenti-te-banesat-sociale-ne-shkoze-nena-e-tre-femijeve-skam-asgje-tani","status":"publish","type":"post","link":"https:\/\/www.hashtag.al\/index.php\/2019\/10\/19\/shkrumbohet-apartamenti-te-banesat-sociale-ne-shkoze-nena-e-tre-femijeve-skam-asgje-tani\/","title":{"rendered":"Shkrumbohet apartamenti te banesat sociale n\u00eb Shkoz\u00eb, n\u00ebna e tre f\u00ebmij\u00ebve: S&#8217;kam asgj\u00eb tani","gt_translate_keys":[{"key":"rendered","format":"text"}]},"content":{"rendered":"<p><a href=\"https:\/\/hashtag.al\/wp-content\/uploads\/2019\/10\/apartament-zjarr-banesa-sociale.jpg\"><img loading=\"lazy\" decoding=\"async\" class=\"aligncenter size-full wp-image-328297\" src=\"https:\/\/hashtag.al\/wp-content\/uploads\/2019\/10\/apartament-zjarr-banesa-sociale.jpg\" alt=\"\" width=\"1116\" height=\"659\" srcset=\"https:\/\/www.hashtag.al\/wp-content\/uploads\/2019\/10\/apartament-zjarr-banesa-sociale.jpg 1116w, https:\/\/www.hashtag.al\/wp-content\/uploads\/2019\/10\/apartament-zjarr-banesa-sociale-300x177.jpg 300w, https:\/\/www.hashtag.al\/wp-content\/uploads\/2019\/10\/apartament-zjarr-banesa-sociale-768x454.jpg 768w, https:\/\/www.hashtag.al\/wp-content\/uploads\/2019\/10\/apartament-zjarr-banesa-sociale-1024x605.jpg 1024w\" sizes=\"auto, (max-width: 1116px) 100vw, 1116px\" \/><\/a><\/p>\n<p><span style=\"color: #000000;\">Nj\u00eb apartament u p\u00ebrfshi nga flak\u00ebt m\u00ebngjesin e sot\u00ebm n\u00eb Tiran\u00eb, n\u00eb nj\u00eb prej banesave sociale n\u00eb zon\u00ebn e Shkoz\u00ebs.<\/span><\/p>\n<p><span style=\"color: #000000;\">Apartamenti i p\u00ebrfshir\u00eb nga flak\u00ebt ndodhet n\u00eb katin e pest\u00eb dhe t\u00eb fundit t\u00eb pallatit. Zjarri si fillim kishte r\u00ebn\u00eb n\u00eb kuzhin\u00eb, p\u00ebr t\u2019u p\u00ebrhapur m\u00eb pas n\u00eb t\u00eb gjith\u00eb banes\u00ebn.<\/span><\/p>\n<p><span style=\"color: #000000;\">N\u00eb banes\u00eb kan\u00eb qen\u00eb \u00e7ifti i bashk\u00ebshort\u00ebve dhe 3 f\u00ebmij\u00ebt e tyre, t\u00eb cil\u00ebt p\u00ebr fat kan\u00eb shp\u00ebtuar pa l\u00ebnduar.<\/span><\/p>\n<p><span style=\"color: #000000;\"><em>\u201cNe ishim n\u00eb gjum\u00eb dhe u ngrit\u00ebm t\u00eb tmerruar kur pam\u00eb tymin dhe flak\u00ebt. Zjarri ra tek kuzhina\u201d,<\/em> k\u00ebshtu tha n\u00ebna e 3 f\u00ebmij\u00ebve, n\u00eb nj\u00eb prononcim p\u00ebr \u2018News24\u2019 dhe \u2018<span style=\"color: #0000ff;\"><a style=\"color: #0000ff;\" href=\"https:\/\/balkanweb.com\/degjova-nje-shperthim-e-pastaj-pashe-flaket-rrefimi-i-nenes-se-3-femijeve-mu-dogj-gjithcka\/\">BalkanWeb<\/a><\/span>\u2019 .<\/span><\/p>\n<p><span style=\"color: #000000;\">Gruaja tha se burri i saj kishte shkelmuar der\u00ebn e apartamentit, pasi ishte bllokuar. N\u00ebna e tre f\u00ebmij\u00ebve k\u00ebrkon ndihm\u00eb, pasi gjith\u00e7ka q\u00eb kishin u shkrumbua nga flak\u00ebt.<\/span><\/p>\n<p><span style=\"color: #000000;\"><em>\u201cNe ishim n\u00eb gjum\u00eb dhe u ngrit\u00ebm t\u00eb tmerruar. Se pash\u00eb or\u00ebn fare me vrap kam ikur. Zjarri ra tek kuzhina. Kam 4 vjet q\u00eb jetoj aty. Nj\u00ebher\u00eb ka pasur defekt e ka rregulluar babi im. U dogj gjith\u00e7ka, s\u2019kam asgj\u00eb tjet\u00ebr tani. Tani shpresoj q\u00eb t\u00eb na ndihmoj\u00eb bashkia. At\u00eb mall q\u00eb kisha lart, me ato haja buk\u00eb. Dhe ato u dogj\u00ebn. Do ngel k\u00ebshtu tani\u2026(tregon duart)\u201d<\/em>, thot\u00eb gruaja.<\/span><\/p>\n<p><a href=\"https:\/\/hashtag.al\/wp-content\/uploads\/2019\/10\/shkoze.jpg\"><img loading=\"lazy\" decoding=\"async\" class=\"aligncenter wp-image-328296\" src=\"https:\/\/hashtag.al\/wp-content\/uploads\/2019\/10\/shkoze.jpg\" alt=\"\" width=\"900\" height=\"918\" srcset=\"https:\/\/www.hashtag.al\/wp-content\/uploads\/2019\/10\/shkoze.jpg 343w, https:\/\/www.hashtag.al\/wp-content\/uploads\/2019\/10\/shkoze-294x300.jpg 294w\" sizes=\"auto, (max-width: 900px) 100vw, 900px\" \/><\/a><\/p>\n","protected":false,"gt_translate_keys":[{"key":"rendered","format":"html"}]},"excerpt":{"rendered":"<p>Nj\u00eb apartament u p\u00ebrfshi nga flak\u00ebt m\u00ebngjesin e sot\u00ebm n\u00eb Tiran\u00eb, n\u00eb nj\u00eb prej banesave sociale n\u00eb zon\u00ebn e Shkoz\u00ebs. Apartamenti i p\u00ebrfshir\u00eb nga flak\u00ebt ndodhet n\u00eb katin e pest\u00eb dhe t\u00eb fundit t\u00eb pallatit. Zjarri si fillim kishte r\u00ebn\u00eb n\u00eb kuzhin\u00eb, p\u00ebr t\u2019u p\u00ebrhapur m\u00eb pas n\u00eb t\u00eb gjith\u00eb banes\u00ebn. N\u00eb banes\u00eb kan\u00eb qen\u00eb [&hellip;]<\/p>\n","protected":false,"gt_translate_keys":[{"key":"rendered","format":"html"}]},"author":30,"featured_media":328297,"comment_status":"open","ping_status":"open","sticky":false,"template":"","format":"standard","meta":{"footnotes":""},"categories":[65,13],"tags":[],"class_list":["post-328295","post","type-post","status-publish","format-standard","has-post-thumbnail","hentry","category-lajme","category-te-fundit"],"gt_translate_keys":[{"key":"link","format":"url"}],"_links":{"self":[{"href":"https:\/\/www.hashtag.al\/index.php\/wp-json\/wp\/v2\/posts\/328295","targetHints":{"allow":["GET"]}}],"collection":[{"href":"https:\/\/www.hashtag.al\/index.php\/wp-json\/wp\/v2\/posts"}],"about":[{"href":"https:\/\/www.hashtag.al\/index.php\/wp-json\/wp\/v2\/types\/post"}],"author":[{"embeddable":true,"href":"https:\/\/www.hashtag.al\/index.php\/wp-json\/wp\/v2\/users\/30"}],"replies":[{"embeddable":true,"href":"https:\/\/www.hashtag.al\/index.php\/wp-json\/wp\/v2\/comments?post=328295"}],"version-history":[{"count":0,"href":"https:\/\/www.hashtag.al\/index.php\/wp-json\/wp\/v2\/posts\/328295\/revisions"}],"wp:featuredmedia":[{"embeddable":true,"href":"https:\/\/www.hashtag.al\/index.php\/wp-json\/wp\/v2\/media\/328297"}],"wp:attachment":[{"href":"https:\/\/www.hashtag.al\/index.php\/wp-json\/wp\/v2\/media?parent=328295"}],"wp:term":[{"taxonomy":"category","embeddable":true,"href":"https:\/\/www.hashtag.al\/index.php\/wp-json\/wp\/v2\/categories?post=328295"},{"taxonomy":"post_tag","embeddable":true,"href":"https:\/\/www.hashtag.al\/index.php\/wp-json\/wp\/v2\/tags?post=328295"}],"curies":[{"name":"wp","href":"https:\/\/api.w.org\/{rel}","templated":true}]}}