{"id":328173,"date":"2019-10-18T14:42:51","date_gmt":"2019-10-18T12:42:51","guid":{"rendered":"https:\/\/hashtag.al\/?p=328173"},"modified":"2019-10-18T14:50:47","modified_gmt":"2019-10-18T12:50:47","slug":"angela-merkel-e-konfirmon-nuk-rame-dakord-per-hapjen-e-negociatave","status":"publish","type":"post","link":"https:\/\/www.hashtag.al\/index.php\/2019\/10\/18\/angela-merkel-e-konfirmon-nuk-rame-dakord-per-hapjen-e-negociatave\/","title":{"rendered":"Angela Merkel e konfirmon: Nuk ram\u00eb dakord p\u00ebr hapjen e negociatave","gt_translate_keys":[{"key":"rendered","format":"text"}]},"content":{"rendered":"<p><span style=\"color: #000000;\"><a style=\"color: #000000;\" href=\"https:\/\/hashtag.al\/wp-content\/uploads\/2019\/10\/Merkel.jpg\"><img loading=\"lazy\" decoding=\"async\" class=\"aligncenter size-full wp-image-328174\" src=\"https:\/\/hashtag.al\/wp-content\/uploads\/2019\/10\/Merkel.jpg\" alt=\"\" width=\"1259\" height=\"511\" srcset=\"https:\/\/www.hashtag.al\/wp-content\/uploads\/2019\/10\/Merkel.jpg 1259w, https:\/\/www.hashtag.al\/wp-content\/uploads\/2019\/10\/Merkel-300x122.jpg 300w, https:\/\/www.hashtag.al\/wp-content\/uploads\/2019\/10\/Merkel-768x312.jpg 768w, https:\/\/www.hashtag.al\/wp-content\/uploads\/2019\/10\/Merkel-1024x416.jpg 1024w\" sizes=\"auto, (max-width: 1259px) 100vw, 1259px\" \/><\/a><\/span><\/p>\n<p><span style=\"color: #000000;\">Kancelarja gjermane Angela Merkel n\u00eb k\u00ebto momente po jep nj\u00eb konferenc\u00eb shtypi nga Brukseli, lidhur me zhvillimet e fundit n\u00eb BE. Merkel konfirmoi lajmin e hidhur p\u00ebr shqiptar\u00ebt, se lider\u00ebt e BE-s\u00eb nuk kan\u00eb r\u00ebn\u00eb dakord lidhur me hapjen e negociatave me Shqip\u00ebrin\u00eb dhe Maqedonin\u00eb e Veriut.<\/span><\/p>\n<p><span style=\"color: #000000;\"><em>\u201cI \u00ebsht\u00eb kthyer shpina Shqip\u00ebris\u00eb dhe Maqedonis\u00eb s\u00eb Veriut, jan\u00eb disa vende q\u00eb kan\u00eb rezerva p\u00ebr hapjen e negociatave. Ne e kemi diskutuar k\u00ebt\u00eb, problemi \u00ebsht\u00eb se si do t\u00eb jet\u00eb efekti, n\u00ebse hapen negociatat. Patjet\u00ebr, q\u00eb do t\u00eb zhg\u00ebnjehen si kryeministri i Maqedonis\u00eb, ashtu edhe ai i Shqip\u00ebris\u00eb. Un\u00eb e mb\u00ebshtes n\u00eb nj\u00eb pik\u00eb presidentit Macron, sa i p\u00ebrket procesit t\u00eb zgjerimit, q\u00eb duhet reformuar.<\/em><\/span><\/p>\n<p><span style=\"color: #000000;\"><em>Kemi r\u00ebn\u00eb dakord p\u00ebr disa gj\u00ebra q\u00eb duhen b\u00ebr\u00eb. Gjermania d\u00ebshiron q\u00eb t\u00eb hapen negociatat. Maqedonia e Veriut ka b\u00ebr\u00eb shum\u00eb, sa i p\u00ebrket hapjes s\u00eb negociatave, ndryshimi i emrit, ka qen\u00eb nj\u00eb progres i madh n\u00eb k\u00ebt\u00eb vend, por edhe Shqip\u00ebria ka b\u00ebr\u00eb progres. Vazhdoj t\u00eb mendoj se Shqip\u00ebria ka b\u00ebr\u00eb shum\u00eb, por nuk na ka b\u00ebr\u00eb ende sa t\u00eb marrim nj\u00eb vendim unanim. Ka pas ndasi sa i p\u00ebrket nj\u00eb vendimi t\u00eb p\u00ebrbashk\u00ebt.<\/em><\/span><\/p>\n<p><span style=\"color: #000000;\"><em>Ata duhet t\u00eb p\u00ebrballen me disa kushte q\u00eb n\u00eb kemi vendosur. N\u00eb Shqip\u00ebri vijon t\u00eb ket\u00eb problem p\u00ebrfshi k\u00ebtu edhe emigrimin. Megjithat\u00eb Shqip\u00ebria ka b\u00ebr\u00eb maksimumin sa i p\u00ebrket emigracionit. Kur b\u00ebjm\u00eb premtime patjet\u00ebr q\u00eb duhet t\u2019i mbajm\u00eb ato, dhe do i kthejm\u00eb shpin\u00ebn. Jan\u00eb disa faza sa i p\u00ebrket an\u00ebtar\u00ebsimit. Dua v\u00ebrtet t\u00eb b\u00ebhen an\u00ebtare t\u00eb BE. Nuk kemi b\u00ebr\u00eb nj\u00eb votim, n\u00eb rastin e Shqip\u00ebris\u00eb pati disa vende kund\u00ebr\u201d<\/em>, tha Merkel.<\/span><\/p>\n<p><span style=\"color: #000000;\">N\u00eb Bruksel, jan\u00eb 25 vende nga 28 q\u00eb mb\u00ebshtesin hapjen e negociatave me Shqiperin\u00eb dhe Maqedonin\u00eb e Veriut. Por p\u00ebr t\u2019u hapur negociatat duhet unanimitet. M\u00eb her\u00ebt media italiane\u00a0<a style=\"color: #000000;\" href=\"http:\/\/www.ansa.it\/sito\/notizie\/mondo\/europa\/2019\/10\/18\/fonti-ue-si-dimette-il-premier-macedone_c8b68fba-1b89-482f-86d7-ad55e478ab32.html\">\u201c<span style=\"color: #0000ff;\">Ansa<\/span>\u201d,\u00a0<\/a> duke iu referuar burimeve diplomatike nga Brukseli, shkruan se kryeministri i Maqedonis\u00eb s\u00eb Veriut, Zoran Zaev ka dh\u00ebn\u00eb dor\u00ebheqjen. Nd\u00ebrkoh\u00eb kryeministri Edi Rama dhe ministri n\u00eb detyr\u00eb p\u00ebr Europ\u00ebn dhe Pun\u00ebt e Jashtme, Gent Cakaj, pritet t\u00eb dalin n\u00eb nj\u00eb konferenc\u00eb me gazetar\u00ebt rreth or\u00ebs 17:00.<strong>\/Hashtag.al<\/strong><\/span><\/p>\n","protected":false,"gt_translate_keys":[{"key":"rendered","format":"html"}]},"excerpt":{"rendered":"<p>Kancelarja gjermane Angela Merkel n\u00eb k\u00ebto momente po jep nj\u00eb konferenc\u00eb shtypi nga Brukseli, lidhur me zhvillimet e fundit n\u00eb BE. Merkel konfirmoi lajmin e hidhur p\u00ebr shqiptar\u00ebt, se lider\u00ebt e BE-s\u00eb nuk kan\u00eb r\u00ebn\u00eb dakord lidhur me hapjen e negociatave me Shqip\u00ebrin\u00eb dhe Maqedonin\u00eb e Veriut. \u201cI \u00ebsht\u00eb kthyer shpina Shqip\u00ebris\u00eb dhe Maqedonis\u00eb s\u00eb [&hellip;]<\/p>\n","protected":false,"gt_translate_keys":[{"key":"rendered","format":"html"}]},"author":30,"featured_media":328174,"comment_status":"open","ping_status":"open","sticky":false,"template":"","format":"standard","meta":{"footnotes":""},"categories":[22,65,13],"tags":[],"class_list":["post-328173","post","type-post","status-publish","format-standard","has-post-thumbnail","hentry","category-ballina","category-lajme","category-te-fundit"],"gt_translate_keys":[{"key":"link","format":"url"}],"_links":{"self":[{"href":"https:\/\/www.hashtag.al\/index.php\/wp-json\/wp\/v2\/posts\/328173","targetHints":{"allow":["GET"]}}],"collection":[{"href":"https:\/\/www.hashtag.al\/index.php\/wp-json\/wp\/v2\/posts"}],"about":[{"href":"https:\/\/www.hashtag.al\/index.php\/wp-json\/wp\/v2\/types\/post"}],"author":[{"embeddable":true,"href":"https:\/\/www.hashtag.al\/index.php\/wp-json\/wp\/v2\/users\/30"}],"replies":[{"embeddable":true,"href":"https:\/\/www.hashtag.al\/index.php\/wp-json\/wp\/v2\/comments?post=328173"}],"version-history":[{"count":0,"href":"https:\/\/www.hashtag.al\/index.php\/wp-json\/wp\/v2\/posts\/328173\/revisions"}],"wp:featuredmedia":[{"embeddable":true,"href":"https:\/\/www.hashtag.al\/index.php\/wp-json\/wp\/v2\/media\/328174"}],"wp:attachment":[{"href":"https:\/\/www.hashtag.al\/index.php\/wp-json\/wp\/v2\/media?parent=328173"}],"wp:term":[{"taxonomy":"category","embeddable":true,"href":"https:\/\/www.hashtag.al\/index.php\/wp-json\/wp\/v2\/categories?post=328173"},{"taxonomy":"post_tag","embeddable":true,"href":"https:\/\/www.hashtag.al\/index.php\/wp-json\/wp\/v2\/tags?post=328173"}],"curies":[{"name":"wp","href":"https:\/\/api.w.org\/{rel}","templated":true}]}}