{"id":328074,"date":"2019-10-18T09:00:07","date_gmt":"2019-10-18T07:00:07","guid":{"rendered":"https:\/\/hashtag.al\/?p=328074"},"modified":"2019-10-18T00:27:34","modified_gmt":"2019-10-17T22:27:34","slug":"racizmi-ne-stadiume-presidenti-i-fifa-s-propozon-masa-ekstreme","status":"publish","type":"post","link":"https:\/\/www.hashtag.al\/index.php\/2019\/10\/18\/racizmi-ne-stadiume-presidenti-i-fifa-s-propozon-masa-ekstreme\/","title":{"rendered":"Racizmi n\u00eb stadiume, Presidenti i FIFA-s propozon masa ekstreme","gt_translate_keys":[{"key":"rendered","format":"text"}]},"content":{"rendered":"<p><img loading=\"lazy\" decoding=\"async\" class=\"aligncenter size-full wp-image-246110\" src=\"https:\/\/hashtag.al\/wp-content\/uploads\/2018\/10\/infatino.jpg\" alt=\"\" width=\"864\" height=\"485\" srcset=\"https:\/\/www.hashtag.al\/wp-content\/uploads\/2018\/10\/infatino.jpg 864w, https:\/\/www.hashtag.al\/wp-content\/uploads\/2018\/10\/infatino-300x168.jpg 300w, https:\/\/www.hashtag.al\/wp-content\/uploads\/2018\/10\/infatino-768x431.jpg 768w\" sizes=\"auto, (max-width: 864px) 100vw, 864px\" \/><\/p>\n<p><span style=\"color: #000000;\">\u201cRacist\u00ebt duhet t\u00eb d\u00ebbohen nga stadiumet\u201d. Presidenti i FIFA, Gianni Infantino, insiston n\u00eb luft\u00ebn e tij kund\u00ebr racizmit n\u00eb futboll, duke l\u00ebshuar nj\u00eb propozim t\u00eb ri n\u00eb nivel global t\u00eb ri p\u00ebr tifoz\u00ebt q\u00eb njollosen me kore raciste kund\u00ebr futbollist\u00ebve.<\/span><\/p>\n<p><span style=\"color: #000000;\">Gjat\u00eb nj\u00eb interviste n\u00eb Bangladesh, pas incidenteve n\u00eb ndeshjen e fundit eliminatore mes Bullgaris\u00eb dhe Anglis\u00eb numri nj\u00eb i futbollit bot\u00ebrore deklaroi se n\u00ebse ka racist\u00eb q\u00eb abuzojn\u00eb me futbollist\u00ebt, ndeshja duhet t\u00eb nd\u00ebrpritet.<\/span><\/p>\n<p><span style=\"color: #000000;\">\u201cNuk mund t\u00eb lejojm\u00eb q\u00eb racist\u00eb t\u00eb fitojn\u00eb, futbolli duhet t\u00eb vazhdoj\u00eb dhe duhet t\u2019i d\u00ebnojm\u00eb k\u00ebta njer\u00ebz\u201d, shtoi Infantino.<\/span><\/p>\n<p><span style=\"color: #000000;\">\u201cK\u00ebta njer\u00ebz duhet t\u00eb d\u00ebbohen nga stadiumet, nuk duhet t\u00eb lejohen m\u00eb t\u00eb hyjn\u00eb dhe ndaj tyre duhet t\u00eb nisin procedime penale. T\u00eb b\u00ebsh nj\u00eb abuzim racist \u00ebsht\u00eb nj\u00eb krim dhe k\u00ebshtu duhet t\u00eb jet\u00eb n\u00eb \u00e7do vend t\u00eb bot\u00ebs\u201d, tha Infantino.<\/span><\/p>\n<p><span style=\"color: #000000;\">M\u00eb tej, ai deklaroi se n\u00ebse nj\u00eb vend p\u00ebrjashton nj\u00eb spektator p\u00ebr shkak t\u00eb racizmit FIFA duhet t\u00eb b\u00ebj\u00eb t\u00eb nj\u00ebjt\u00ebn gj\u00eb dhe atij duhet t\u2019i ndalohet hyrja n\u00eb \u00e7do stadium tjet\u00ebr n\u00eb \u00e7do vend t\u00eb bot\u00ebs.<\/span><\/p>\n","protected":false,"gt_translate_keys":[{"key":"rendered","format":"html"}]},"excerpt":{"rendered":"<p>\u201cRacist\u00ebt duhet t\u00eb d\u00ebbohen nga stadiumet\u201d. Presidenti i FIFA, Gianni Infantino, insiston n\u00eb luft\u00ebn e tij kund\u00ebr racizmit n\u00eb futboll, duke l\u00ebshuar nj\u00eb propozim t\u00eb ri n\u00eb nivel global t\u00eb ri p\u00ebr tifoz\u00ebt q\u00eb njollosen me kore raciste kund\u00ebr futbollist\u00ebve. Gjat\u00eb nj\u00eb interviste n\u00eb Bangladesh, pas incidenteve n\u00eb ndeshjen e fundit eliminatore mes Bullgaris\u00eb dhe [&hellip;]<\/p>\n","protected":false,"gt_translate_keys":[{"key":"rendered","format":"html"}]},"author":32,"featured_media":246110,"comment_status":"open","ping_status":"open","sticky":false,"template":"","format":"standard","meta":{"footnotes":""},"categories":[134,13],"tags":[],"class_list":["post-328074","post","type-post","status-publish","format-standard","has-post-thumbnail","hentry","category-sport","category-te-fundit"],"gt_translate_keys":[{"key":"link","format":"url"}],"_links":{"self":[{"href":"https:\/\/www.hashtag.al\/index.php\/wp-json\/wp\/v2\/posts\/328074","targetHints":{"allow":["GET"]}}],"collection":[{"href":"https:\/\/www.hashtag.al\/index.php\/wp-json\/wp\/v2\/posts"}],"about":[{"href":"https:\/\/www.hashtag.al\/index.php\/wp-json\/wp\/v2\/types\/post"}],"author":[{"embeddable":true,"href":"https:\/\/www.hashtag.al\/index.php\/wp-json\/wp\/v2\/users\/32"}],"replies":[{"embeddable":true,"href":"https:\/\/www.hashtag.al\/index.php\/wp-json\/wp\/v2\/comments?post=328074"}],"version-history":[{"count":0,"href":"https:\/\/www.hashtag.al\/index.php\/wp-json\/wp\/v2\/posts\/328074\/revisions"}],"wp:featuredmedia":[{"embeddable":true,"href":"https:\/\/www.hashtag.al\/index.php\/wp-json\/wp\/v2\/media\/246110"}],"wp:attachment":[{"href":"https:\/\/www.hashtag.al\/index.php\/wp-json\/wp\/v2\/media?parent=328074"}],"wp:term":[{"taxonomy":"category","embeddable":true,"href":"https:\/\/www.hashtag.al\/index.php\/wp-json\/wp\/v2\/categories?post=328074"},{"taxonomy":"post_tag","embeddable":true,"href":"https:\/\/www.hashtag.al\/index.php\/wp-json\/wp\/v2\/tags?post=328074"}],"curies":[{"name":"wp","href":"https:\/\/api.w.org\/{rel}","templated":true}]}}