{"id":328064,"date":"2019-10-18T08:00:10","date_gmt":"2019-10-18T06:00:10","guid":{"rendered":"https:\/\/hashtag.al\/?p=328064"},"modified":"2019-10-18T00:02:58","modified_gmt":"2019-10-17T22:02:58","slug":"sot-ke-merr-vendimin-final-per-hapjen-ose-jo-te-negociatave","status":"publish","type":"post","link":"https:\/\/www.hashtag.al\/index.php\/2019\/10\/18\/sot-ke-merr-vendimin-final-per-hapjen-ose-jo-te-negociatave\/","title":{"rendered":"Sot KE merr vendimin final p\u00ebr hapjen ose jo t\u00eb negociatave","gt_translate_keys":[{"key":"rendered","format":"text"}]},"content":{"rendered":"<p><a href=\"https:\/\/hashtag.al\/wp-content\/uploads\/2019\/10\/Rama-negociatat.jpg\"><img loading=\"lazy\" decoding=\"async\" class=\"aligncenter size-full wp-image-328069\" src=\"https:\/\/hashtag.al\/wp-content\/uploads\/2019\/10\/Rama-negociatat.jpg\" alt=\"\" width=\"3264\" height=\"1488\" srcset=\"https:\/\/www.hashtag.al\/wp-content\/uploads\/2019\/10\/Rama-negociatat.jpg 3264w, https:\/\/www.hashtag.al\/wp-content\/uploads\/2019\/10\/Rama-negociatat-300x137.jpg 300w, https:\/\/www.hashtag.al\/wp-content\/uploads\/2019\/10\/Rama-negociatat-768x350.jpg 768w, https:\/\/www.hashtag.al\/wp-content\/uploads\/2019\/10\/Rama-negociatat-1024x467.jpg 1024w\" sizes=\"auto, (max-width: 3264px) 100vw, 3264px\" \/><\/a><\/p>\n<p><span style=\"color: #000000;\">Sot K\u00ebshilli i Bashkimit Evropian do t\u00eb jap\u00eb vendimin lidhur me negociatat me Shqip\u00ebrin\u00eb dhe Maqedonin\u00eb e Veriut, p\u00ebr an\u00ebtar\u00ebsimin n\u00eb BE.<\/span><\/p>\n<p><span style=\"color: #000000;\">Lider\u00ebt e vendeve an\u00ebtare t\u00eb BE-s\u00eb jan\u00eb mbledhur n\u00eb Bruksel n\u00eb samitin q\u00eb pritet t\u00eb marr\u00eb edhe vendimin final sa i p\u00ebrket \u00e7eljes s\u00eb negociatave me Shqip\u00ebrin\u00eb dhe Maqedonin\u00eb e Veriut.<\/span><\/p>\n<p><span style=\"color: #000000;\">Pavar\u00ebsisht sinjaleve pesimiste q\u00eb vijn\u00eb nga Brukseli, kryeministri Edi Rama deklaroi mbr\u00ebmjen e kaluar se fjala e fundit p\u00ebr hapjen ose jo t\u00eb negociatave t\u00eb Shqip\u00ebris\u00eb me Bashkimin Evropian nuk \u00ebsht\u00eb th\u00ebn\u00eb akoma.<\/span><\/p>\n<p><span style=\"color: #000000;\">\u00a0<em>\u201cGjermania dhe nj\u00eb front i gjer\u00eb q\u00eb mbron iden\u00eb se duhen \u00e7elur negociatat, dhe nga ana tjet\u00ebr Franca dhe dy a tre vende q\u00eb mbrojn\u00eb iden\u00eb se nuk duhet vazhduar por duhet nj\u00eb qasje e re. Jemi n\u00eb kushtet ku as Shqip\u00ebris\u00eb dhe as Maqedonis\u00eb s\u00eb Veriut dhe as gj\u00eb nga ato q\u00eb kemi b\u00ebr\u00eb apo duhet t\u00eb b\u00ebjm\u00eb akoma, nuk kan\u00eb asnj\u00eb lidhje me at\u00eb q\u00eb po debatohet n\u00eb tryez\u00ebn e K\u00ebshillit Evropian. <\/em><\/span><span style=\"color: #000000;\"><em>Fjala e fundit akoma nuk \u00ebsht\u00eb th\u00ebn\u00eb. Diskutimi vazhdon intensivisht edhe pse q\u00ebndrimi i presidentit francez l\u00eb pak shpres\u00eb p\u00ebr t\u00eb patur nj\u00eb drit\u00eb jeshile sonte. T\u00eb presim deri nes\u00ebr p\u00ebr t\u00eb kuptuar se ku realisht ndodhet procesi. Nuk ka nj\u00eb p\u00ebrfundim akoma\u201d<\/em>, u shpreh Rama.<\/span><\/p>\n<p><span style=\"color: #000000;\">Kryeministri Rama justifikohet duke th\u00ebn\u00eb se refuzimi i shteteve t\u00eb BE-s\u00eb nuk ka t\u00eb b\u00ebj\u00eb me Shqip\u00ebrin\u00eb por me politikat e tyre.<\/span><\/p>\n<p><span style=\"color: #000000;\">N\u00eb muajin qershor, KE e shtyu dh\u00ebnien e nj\u00eb vendimi p\u00ebr hapjen e negociatave p\u00ebr n\u00eb tetor, pasi mes vendeve t\u00eb unionit kishte mosdakord\u00ebsi lidhur me Shqip\u00ebrin\u00eb.<\/span><\/p>\n<p><span style=\"color: #000000;\">Gjat\u00eb k\u00ebtyre muajve, n\u00eb mediat nd\u00ebrkomb\u00ebtare ka patur her\u00eb pas here raportime se negociatat nuk do hapen p\u00ebrs\u00ebri as n\u00eb tetor.<\/span><\/p>\n<p><span style=\"color: #000000;\">Media italiane \u201c<span style=\"color: #0000ff;\"><a style=\"color: #0000ff;\" href=\"https:\/\/www.tgcom24.mediaset.it\/mondo\/francia-blocca-negoziati-ue-con-albania-e-macedonia_9937375-201902a.shtml\">TgCom<\/a><\/span>\u201d shkruan se Franca ka vendosur \u201cveton\u201d duke bllokuar k\u00ebshtu hapjen e negociatave me Shqip\u00ebrin\u00eb dhe Maqedonin\u00eb Veriore, duke v\u00ebn\u00eb n\u00eb dyshim t\u00eb gjith\u00eb procesin e zgjerimit evropian.<\/span><\/p>\n<p><span style=\"color: #000000;\">Edhe \u201c<span style=\"color: #0000ff;\"><a style=\"color: #0000ff;\" href=\"http:\/\/www.ansa.it\/europa\/notizie\/rubriche\/altrenews\/2019\/10\/17\/francia-blocca-negoziati-ue-con-albania-e-macedonia_2df9dd3e-f722-47ff-b182-77611f9c5a02.html\">Ansa<\/a><\/span>\u201d konfirmon se Franca ka v\u00ebn\u00eb veton p\u00ebr hapjen e negociatave, duke theksuar se p\u00ebrve\u00e7 Parisit, edhe Holanda dhe Danimarka kund\u00ebrshtojn\u00eb hapjen e negociatave vet\u00ebm p\u00ebr Shqip\u00ebrin\u00eb.<\/span><\/p>\n<p><span style=\"color: #000000;\">Presidenti Emmanuel Macron pranoi n\u00eb nj\u00eb konferenc\u00eb shtypi me kancelaren gjermane Angela Merkel arsyet q\u00eb e b\u00ebjn\u00eb Franc\u00ebn t\u00eb hezitoj\u00eb.<\/span><\/p>\n<p><span style=\"color: #000000;\"><em>\u201cShqiptar\u00ebt p\u00ebrb\u00ebjn\u00eb grupin e dyt\u00eb m\u00eb t\u00eb madh t\u00eb azilk\u00ebrkuesve n\u00eb Franc\u00eb, n\u00eb k\u00ebto kushte \u00ebsht\u00eb e v\u00ebshtir\u00eb t\u2019i shpjegosh\u00a0 popullit, se duhen filluar negociatat me k\u00ebt\u00eb vend<\/em>\u201d, tha Macron. Merkel nga ana tjet\u00ebr u shpreh se <em>\u201cshanset nuk jan\u00eb t\u00eb mira\u201d<\/em> p\u00ebr Shqip\u00ebrin\u00eb.<\/span><\/p>\n<p><span style=\"color: #000000;\">Pas \u201cJo\u201d-s\u00eb s\u00eb prer\u00eb t\u00eb presidentit francez Emmanuel Macron, t\u00eb nj\u00ebjt\u00ebn gj\u00eb b\u00ebri dje edhe kryeministri i Holand\u00ebs, Mark Route.<\/span><\/p>\n<p><span style=\"color: #000000;\">N\u00eb nj\u00eb konferenc\u00eb p\u00ebr mediat, ai tha se p\u00ebr vendin ton\u00eb Holanda ka nj\u00eb \u201cJO\u201d t\u00eb qart\u00eb.<\/span><\/p>\n<p><em><span style=\"color: #000000;\">\u201cJu e dini pozicionin ton\u00eb. P\u00ebr Shqip\u00ebrin\u00eb \u00ebsht\u00eb nj\u00eb JO e qart\u00eb. N\u00eb qoft\u00eb se shikon \u00e7far\u00eb do t\u00eb ndodh\u00eb nuk ka avancime ose ndryshime. N\u00eb qoft\u00eb se shikoni Maqedonin\u00eb e Veriut, ata jan\u00eb n\u00eb nj\u00eb pozicion m\u00eb t\u00eb mir\u00eb se Shqip\u00ebria. <\/span><span style=\"color: #000000;\">Kan\u00eb ndodhur shum\u00eb gj\u00ebra, por edhe aty ka shum\u00eb detyra p\u00ebr t\u2019u p\u00ebrmbushur. <\/span><\/em><span style=\"color: #000000;\"><em>Po gjykimi im \u00ebsht\u00eb se, do t\u00eb ket\u00eb nj\u00eb JO p\u00ebr t\u00eb dyja vendet. P\u00ebr Shqip\u00ebrin\u00eb, parlamenti im ka dh\u00ebn\u00eb nj\u00eb Jo t\u00eb qart\u00eb, me t\u00eb cil\u00ebn un\u00eb bie dakord. P\u00ebr Maqedonin\u00eb e Veriut me pak eksplicite, por kan\u00eb ende shum\u00eb pun\u00eb p\u00ebr t\u00eb b\u00ebr\u00eb\u201d<\/em>, tha kryeministri holandez.<\/span><\/p>\n<div style=\"width: 1024px;\" class=\"wp-video\"><video class=\"wp-video-shortcode\" id=\"video-328064-1\" width=\"1024\" height=\"576\" preload=\"metadata\" controls=\"controls\"><source type=\"video\/mp4\" src=\"https:\/\/hashtag.al\/wp-content\/uploads\/2019\/10\/VIDEO-Flet-kryeministri-i-Holand\u00ebs-P\u00ebr-Shqip\u00ebrin\u00eb-\u00ebsht\u00eb-nj\u00eb-\u201cJO\u201d-e-qart\u00eb-\u2013-Lapsi.al_.mp4?_=1\" \/><a href=\"https:\/\/hashtag.al\/wp-content\/uploads\/2019\/10\/VIDEO-Flet-kryeministri-i-Holand\u00ebs-P\u00ebr-Shqip\u00ebrin\u00eb-\u00ebsht\u00eb-nj\u00eb-\u201cJO\u201d-e-qart\u00eb-\u2013-Lapsi.al_.mp4\">https:\/\/hashtag.al\/wp-content\/uploads\/2019\/10\/VIDEO-Flet-kryeministri-i-Holand\u00ebs-P\u00ebr-Shqip\u00ebrin\u00eb-\u00ebsht\u00eb-nj\u00eb-\u201cJO\u201d-e-qart\u00eb-\u2013-Lapsi.al_.mp4<\/a><\/video><\/div>\n<p><span style=\"color: #000000;\">Po ashtu dhe Presidentja e zgjedhur e Komisionit Europian, Urusula von der Leyen tha se \u00ebsht\u00eb zhg\u00ebnjyese dhe ndjen keqardhje p\u00ebr shtyrjen e zgjerimit t\u00eb BE-s\u00eb. Sipas der Leyen nuk ka shenja q\u00eb t\u00eb k\u00ebt\u00eb vendim p\u00ebr zgjerimin e BE-s\u00eb duke sugjeruar k\u00ebshtu se Shqip\u00ebria dhe Maqedonia e Veriut do t\u00eb marrin nj\u00eb \u201cJO\u201d si p\u00ebrgjigje.<\/span><\/p>\n<p><span style=\"color: #000000;\">Situata e tensionuar politike n\u00eb vend nuk \u00ebsht\u00eb aspak favorizuese p\u00ebr Shqip\u00ebrin\u00eb, ku opozita ka djegur mandatet dhe n\u00eb zgjedhjet lokale votuesit nuk pat\u00ebn alternativa p\u00ebr t\u00eb zgjedhur, p\u00ebrve\u00e7 nj\u00eb kandidati socialist.<\/span><\/p>\n<p><span style=\"color: #000000;\">Presidenti i vendit Ilir Meta gjat\u00eb muajve t\u00eb ver\u00ebs, ka b\u00ebr\u00eb her\u00eb pas here thirrje p\u00ebr dialog mes pal\u00ebve dhe p\u00ebr zgjidhjen e kriz\u00ebs n\u00eb politik\u00eb, duke p\u00ebrmendur se kjo mund t\u00eb ndikoj\u00eb n\u00eb vendimin e KE-s\u00eb m\u00eb 18 tetor. Mir\u00ebpo asnj\u00ebra nga pal\u00ebt nuk ka pranuar t\u00eb ulet.<\/span><\/p>\n<p><span style=\"color: #000000;\">Kryetari i PD-s\u00eb Lulzim Basha nuk pranon zgjedhje me Edi Ram\u00ebn si kryeminist\u00ebr, kurse ky i fundit nuk l\u00ebkundet nga zgjedhjet e mbajtura m\u00eb 30 qershor. Para pak koh\u00ebsh, Meta tha se do ta dekoroj\u00eb Ram\u00ebn n\u00ebse Shqip\u00ebria merr drit\u00ebn jeshile p\u00ebr hapjen e negociatave me Bashkimin Evropian n\u00eb dat\u00ebn 18 Tetor. Por ai nuk ishte i bindur se kjo kishte gjasa t\u00eb ndodhte.<\/span><\/p>\n<p><span style=\"color: #000000;\">P\u00ebr m\u00eb tep\u00ebr edhe nga maxhoranca ka patur sinjale se p\u00ebr Shqip\u00ebrin\u00eb negociata pa kushte nuk do t\u00eb ket\u00eb. Ministri i Jasht\u00ebm n\u00eb detyr\u00eb, Gent Cakaj, akuzoi n\u00eb nj\u00eb deklarat\u00eb p\u00ebr mediat opozit\u00ebn, se kishte punuar p\u00ebr t\u00eb d\u00ebmtuar procesin e integrimit t\u00eb vendit n\u00eb BE p\u00ebrpara vendimit t\u00eb 18 tetorit.<\/span><\/p>\n<p><span style=\"color: #000000;\"><em>\u201cP\u00ebr m\u00eb tep\u00ebr ka patur edhe nj\u00eb plan t\u00eb mir\u00ebplanifikuar p\u00ebr t\u00eb d\u00ebmtuar procesin e hapjes s\u00eb negociatave n\u00eb qershor me Shqip\u00ebrin\u00eb dhe tanim\u00eb n\u00eb tetor kur pritet t\u00eb merret vendimi i qart\u00eb dhe substancial, p\u00ebr perspektiv\u00ebn europiane t\u00eb Shqip\u00ebris\u00eb.\u201d,<\/em> tha Cakaj pak koh\u00eb m\u00eb par\u00eb. \u00a0<\/span><\/p>\n<p><span style=\"color: #000000;\">Kryeministri Rama nga ana tjet\u00ebr, her\u00eb pas here ka akuzuar shtetet si Franca, se nuk e kan\u00eb me Shqip\u00ebrin\u00eb e cila i ka plot\u00ebsuar kushtet por me politikat e tyre kund\u00ebr zgjerimit t\u00eb unionit.<strong>\/Hashtag.al<\/strong><\/span><\/p>\n<p>&nbsp;<\/p>\n","protected":false,"gt_translate_keys":[{"key":"rendered","format":"html"}]},"excerpt":{"rendered":"<p>Sot K\u00ebshilli i Bashkimit Evropian do t\u00eb jap\u00eb vendimin lidhur me negociatat me Shqip\u00ebrin\u00eb dhe Maqedonin\u00eb e Veriut, p\u00ebr an\u00ebtar\u00ebsimin n\u00eb BE. Lider\u00ebt e vendeve an\u00ebtare t\u00eb BE-s\u00eb jan\u00eb mbledhur n\u00eb Bruksel n\u00eb samitin q\u00eb pritet t\u00eb marr\u00eb edhe vendimin final sa i p\u00ebrket \u00e7eljes s\u00eb negociatave me Shqip\u00ebrin\u00eb dhe Maqedonin\u00eb e Veriut. Pavar\u00ebsisht sinjaleve [&hellip;]<\/p>\n","protected":false,"gt_translate_keys":[{"key":"rendered","format":"html"}]},"author":30,"featured_media":328069,"comment_status":"open","ping_status":"open","sticky":false,"template":"","format":"standard","meta":{"footnotes":""},"categories":[22,65,13],"tags":[],"class_list":["post-328064","post","type-post","status-publish","format-standard","has-post-thumbnail","hentry","category-ballina","category-lajme","category-te-fundit"],"gt_translate_keys":[{"key":"link","format":"url"}],"_links":{"self":[{"href":"https:\/\/www.hashtag.al\/index.php\/wp-json\/wp\/v2\/posts\/328064","targetHints":{"allow":["GET"]}}],"collection":[{"href":"https:\/\/www.hashtag.al\/index.php\/wp-json\/wp\/v2\/posts"}],"about":[{"href":"https:\/\/www.hashtag.al\/index.php\/wp-json\/wp\/v2\/types\/post"}],"author":[{"embeddable":true,"href":"https:\/\/www.hashtag.al\/index.php\/wp-json\/wp\/v2\/users\/30"}],"replies":[{"embeddable":true,"href":"https:\/\/www.hashtag.al\/index.php\/wp-json\/wp\/v2\/comments?post=328064"}],"version-history":[{"count":0,"href":"https:\/\/www.hashtag.al\/index.php\/wp-json\/wp\/v2\/posts\/328064\/revisions"}],"wp:featuredmedia":[{"embeddable":true,"href":"https:\/\/www.hashtag.al\/index.php\/wp-json\/wp\/v2\/media\/328069"}],"wp:attachment":[{"href":"https:\/\/www.hashtag.al\/index.php\/wp-json\/wp\/v2\/media?parent=328064"}],"wp:term":[{"taxonomy":"category","embeddable":true,"href":"https:\/\/www.hashtag.al\/index.php\/wp-json\/wp\/v2\/categories?post=328064"},{"taxonomy":"post_tag","embeddable":true,"href":"https:\/\/www.hashtag.al\/index.php\/wp-json\/wp\/v2\/tags?post=328064"}],"curies":[{"name":"wp","href":"https:\/\/api.w.org\/{rel}","templated":true}]}}