{"id":327431,"date":"2019-10-12T22:05:55","date_gmt":"2019-10-12T20:05:55","guid":{"rendered":"https:\/\/hashtag.al\/?p=327431"},"modified":"2019-10-12T22:05:55","modified_gmt":"2019-10-12T20:05:55","slug":"vokshi-margaritit-mjeshtrit-te-madh-jorgo-papingji-ti-miratohet-sa-me-pare-pensioni-suplementar","status":"publish","type":"post","link":"https:\/\/www.hashtag.al\/index.php\/2019\/10\/12\/vokshi-margaritit-mjeshtrit-te-madh-jorgo-papingji-ti-miratohet-sa-me-pare-pensioni-suplementar\/","title":{"rendered":"Vokshi-Margaritit: &#8220;Mjeshtrit t\u00eb Madh&#8221; Jorgo Papingji, t&#8217;i miratohet sa m\u00eb par\u00eb pensioni suplementar","gt_translate_keys":[{"key":"rendered","format":"text"}]},"content":{"rendered":"<p><img loading=\"lazy\" decoding=\"async\" class=\"aligncenter size-full wp-image-327433\" src=\"https:\/\/hashtag.al\/wp-content\/uploads\/2019\/10\/vokshimargariti.jpg\" alt=\"\" width=\"2000\" height=\"1000\" srcset=\"https:\/\/www.hashtag.al\/wp-content\/uploads\/2019\/10\/vokshimargariti.jpg 2000w, https:\/\/www.hashtag.al\/wp-content\/uploads\/2019\/10\/vokshimargariti-300x150.jpg 300w, https:\/\/www.hashtag.al\/wp-content\/uploads\/2019\/10\/vokshimargariti-768x384.jpg 768w, https:\/\/www.hashtag.al\/wp-content\/uploads\/2019\/10\/vokshimargariti-1024x512.jpg 1024w\" sizes=\"auto, (max-width: 2000px) 100vw, 2000px\" \/><\/p>\n<p><span style=\"color: #000000;\">Albana Vokshi i ka b\u00ebr\u00eb thirrje ministres s\u00eb Kultur\u00ebs, Margaritidhe institucioneve p\u00ebrgjegj\u00ebse q\u00eb t\u00eb nisin sa m\u00eb shpejt procedurat p\u00ebr t\u2019i dh\u00ebn\u00eb pensionin suplementar, poetit Jorgo Papingji. <\/span><\/p>\n<p><span style=\"color: #000000;\">N\u00eb nj\u00eb deklarat\u00eb n\u00eb Facebook, demokratja thekson se \u2018Mjeshtri i Madh\u2019, Papingji, \u00ebsht\u00eb nd\u00ebr poet\u00ebt m\u00eb t\u00eb njohur e dashur p\u00ebr publikun. <\/span><\/p>\n<p><span style=\"color: #000000;\">Vokshi shkruan se Papingji ka nj\u00eb kontribut t\u00eb jasht\u00ebzakonsh\u00ebn n\u00eb artin shqiptar por mbetet ende i pavler\u00ebsuar nga qeveria.<\/span><\/p>\n<p><span style=\"color: #000000;\"><em>\u201cNj\u00eb jet\u00eb n\u00eb vargje &#8211; \u201cMjeshtrit t\u00eb Madh\u201d Jorgo Papingji t\u2019i miratohet sa m\u00eb par\u00eb pensioni suplementar!<\/em><\/span><\/p>\n<p><span style=\"color: #000000;\"><em>\u201cMjeshtri i madh\u201d, Jorgo Papingji \u00ebsht\u00eb nj\u00eb nga poet\u00ebt e mir\u00ebnjohur e m\u00eb t\u00eb dashur p\u00ebr publikun shqiptar q\u00eb me pasion p\u00ebr muzik\u00ebn, i shnd\u00ebrroi vargjet n\u00eb k\u00ebng\u00eb aq t\u00eb dashura p\u00ebr t\u00eb gjith\u00eb. I k\u00ebndoi t\u00eb gjitha moshave, k\u00ebndoi n\u00eb t\u00eb gjitha zhanret e p\u00ebr t\u00eb gjitha trevat shqiptare.<\/em><\/span><\/p>\n<p><span style=\"color: #000000;\"><em>Autor i mbi 4000 teksteve dhe fitues i 17 \u00e7mimeve n\u00eb Festivalet e K\u00ebng\u00ebs n\u00eb RTSH dhe i 26 \u00e7mimeve n\u00eb Festivalet e F\u00ebmij\u00ebve, \u201cMjeshtri i madh\u201d i teksteve muzikore mbetet p\u00ebr fat t\u00eb keq ende i pavler\u00ebsuar nga Qeveria.<\/em><\/span><\/p>\n<p><span style=\"color: #000000;\"><em>I b\u00ebj thirrje Ministres s\u00eb Kultur\u00ebs Elva Margariti dhe institucioneve t\u00eb tjera p\u00ebrgjegj\u00ebse q\u00eb t\u00eb ndjekin sa m\u00eb par\u00eb procedurat e miratimit t\u00eb pensionit t\u00eb ve\u00e7ant\u00eb p\u00ebr \u201cMjeshtrin e Madh\u201d, Jorgo Papingji.\u201d<\/em> &#8211; shkruan Vokshi.<\/span><\/p>\n","protected":false,"gt_translate_keys":[{"key":"rendered","format":"html"}]},"excerpt":{"rendered":"<p>Albana Vokshi i ka b\u00ebr\u00eb thirrje ministres s\u00eb Kultur\u00ebs, Margaritidhe institucioneve p\u00ebrgjegj\u00ebse q\u00eb t\u00eb nisin sa m\u00eb shpejt procedurat p\u00ebr t\u2019i dh\u00ebn\u00eb pensionin suplementar, poetit Jorgo Papingji. N\u00eb nj\u00eb deklarat\u00eb n\u00eb Facebook, demokratja thekson se \u2018Mjeshtri i Madh\u2019, Papingji, \u00ebsht\u00eb nd\u00ebr poet\u00ebt m\u00eb t\u00eb njohur e dashur p\u00ebr publikun. Vokshi shkruan se Papingji ka nj\u00eb [&hellip;]<\/p>\n","protected":false,"gt_translate_keys":[{"key":"rendered","format":"html"}]},"author":51,"featured_media":327433,"comment_status":"open","ping_status":"open","sticky":false,"template":"","format":"standard","meta":{"footnotes":""},"categories":[65,13],"tags":[],"class_list":["post-327431","post","type-post","status-publish","format-standard","has-post-thumbnail","hentry","category-lajme","category-te-fundit"],"gt_translate_keys":[{"key":"link","format":"url"}],"_links":{"self":[{"href":"https:\/\/www.hashtag.al\/index.php\/wp-json\/wp\/v2\/posts\/327431","targetHints":{"allow":["GET"]}}],"collection":[{"href":"https:\/\/www.hashtag.al\/index.php\/wp-json\/wp\/v2\/posts"}],"about":[{"href":"https:\/\/www.hashtag.al\/index.php\/wp-json\/wp\/v2\/types\/post"}],"author":[{"embeddable":true,"href":"https:\/\/www.hashtag.al\/index.php\/wp-json\/wp\/v2\/users\/51"}],"replies":[{"embeddable":true,"href":"https:\/\/www.hashtag.al\/index.php\/wp-json\/wp\/v2\/comments?post=327431"}],"version-history":[{"count":0,"href":"https:\/\/www.hashtag.al\/index.php\/wp-json\/wp\/v2\/posts\/327431\/revisions"}],"wp:featuredmedia":[{"embeddable":true,"href":"https:\/\/www.hashtag.al\/index.php\/wp-json\/wp\/v2\/media\/327433"}],"wp:attachment":[{"href":"https:\/\/www.hashtag.al\/index.php\/wp-json\/wp\/v2\/media?parent=327431"}],"wp:term":[{"taxonomy":"category","embeddable":true,"href":"https:\/\/www.hashtag.al\/index.php\/wp-json\/wp\/v2\/categories?post=327431"},{"taxonomy":"post_tag","embeddable":true,"href":"https:\/\/www.hashtag.al\/index.php\/wp-json\/wp\/v2\/tags?post=327431"}],"curies":[{"name":"wp","href":"https:\/\/api.w.org\/{rel}","templated":true}]}}