{"id":327380,"date":"2019-10-12T17:31:51","date_gmt":"2019-10-12T15:31:51","guid":{"rendered":"https:\/\/hashtag.al\/?p=327380"},"modified":"2019-10-12T17:31:51","modified_gmt":"2019-10-12T15:31:51","slug":"operacioni-ushtarak-ne-siri-gjermania-bllokon-shitjen-e-armeve-ndaj-turqise","status":"publish","type":"post","link":"https:\/\/www.hashtag.al\/index.php\/2019\/10\/12\/operacioni-ushtarak-ne-siri-gjermania-bllokon-shitjen-e-armeve-ndaj-turqise\/","title":{"rendered":"Operacioni ushtarak n\u00eb Siri, Gjermania bllokon shitjen e arm\u00ebve ndaj Turqis\u00eb","gt_translate_keys":[{"key":"rendered","format":"text"}]},"content":{"rendered":"<p><img loading=\"lazy\" decoding=\"async\" class=\"aligncenter size-full wp-image-327382\" src=\"https:\/\/hashtag.al\/wp-content\/uploads\/2019\/10\/gjermaniturqiarme.jpg\" alt=\"\" width=\"980\" height=\"551\" srcset=\"https:\/\/www.hashtag.al\/wp-content\/uploads\/2019\/10\/gjermaniturqiarme.jpg 980w, https:\/\/www.hashtag.al\/wp-content\/uploads\/2019\/10\/gjermaniturqiarme-300x169.jpg 300w, https:\/\/www.hashtag.al\/wp-content\/uploads\/2019\/10\/gjermaniturqiarme-768x432.jpg 768w\" sizes=\"auto, (max-width: 980px) 100vw, 980px\" \/><\/p>\n<p>Ministri i Jasht\u00ebm gjerman, Heiko Maas, ka th\u00ebn\u00eb se Berlini nuk do t\u00eb l\u00ebshoj\u00eb asnj\u00eb leje t\u00eb re t\u00eb eksportit t\u00eb arm\u00ebve n\u00eb Turqi teksa kjo e fundit ka nisur opracionin ushtarak n\u00eb Sirin\u00eb veriore. P\u00ebrplasja e Turqis\u00eb me milicin\u00eb kurde ka shkaktuar nj\u00eb reagim t\u00eb gjer\u00eb nd\u00ebrkomb\u00ebtar.<\/p>\n<p><em>&#8220;N\u00eb sfondin e ofensiv\u00ebs ushtarake turke n\u00eb verilindje t\u00eb Siris\u00eb, Qeveria Federale nuk do t\u00eb l\u00ebshoj\u00eb asnj\u00eb leje t\u00eb re p\u00ebr t\u00eb gjitha armatimet q\u00eb mund t\u00eb p\u00ebrdoren nga Turqia n\u00eb Siri&#8221;<\/em>, tha Mass p\u00ebr \u2018Bild am Sonntag\u2019.<\/p>\n<p>Mass tha se nuk do ndalohej shitja e plot\u00eb e arm\u00ebve ndaj Ankaras\u00eb por vet\u00ebm e atyre q\u00eb mund t\u00eb p\u00ebrdoren kund\u00ebr kurd\u00ebve n\u00eb Sirin\u00eb veriore. Arm\u00ebt e eksportuara n\u00ebn lejet ekzistuese do t\u00eb mbeten t\u00eb paprekura.<\/p>\n<p>Gjermania shiti m\u00eb shum\u00eb se 240 milion euro arm\u00eb n\u00eb Turqi n\u00eb vitin 2018, duke p\u00ebrb\u00ebr\u00eb gati nj\u00eb t\u00eb tret\u00ebn e eksporteve t\u00eb arm\u00ebve t\u00eb vendit. Ankaraja, nj\u00eb partner i Gjermanis\u00eb n\u00eb NATO, \u00ebsht\u00eb bler\u00ebsi num\u00ebr nj\u00eb i arm\u00ebve gjermane.<\/p>\n","protected":false,"gt_translate_keys":[{"key":"rendered","format":"html"}]},"excerpt":{"rendered":"<p>Ministri i Jasht\u00ebm gjerman, Heiko Maas, ka th\u00ebn\u00eb se Berlini nuk do t\u00eb l\u00ebshoj\u00eb asnj\u00eb leje t\u00eb re t\u00eb eksportit t\u00eb arm\u00ebve n\u00eb Turqi teksa kjo e fundit ka nisur opracionin ushtarak n\u00eb Sirin\u00eb veriore. P\u00ebrplasja e Turqis\u00eb me milicin\u00eb kurde ka shkaktuar nj\u00eb reagim t\u00eb gjer\u00eb nd\u00ebrkomb\u00ebtar. &#8220;N\u00eb sfondin e ofensiv\u00ebs ushtarake turke n\u00eb [&hellip;]<\/p>\n","protected":false,"gt_translate_keys":[{"key":"rendered","format":"html"}]},"author":51,"featured_media":327382,"comment_status":"open","ping_status":"open","sticky":false,"template":"","format":"standard","meta":{"footnotes":""},"categories":[6],"tags":[],"class_list":["post-327380","post","type-post","status-publish","format-standard","has-post-thumbnail","hentry","category-nderkombetare"],"gt_translate_keys":[{"key":"link","format":"url"}],"_links":{"self":[{"href":"https:\/\/www.hashtag.al\/index.php\/wp-json\/wp\/v2\/posts\/327380","targetHints":{"allow":["GET"]}}],"collection":[{"href":"https:\/\/www.hashtag.al\/index.php\/wp-json\/wp\/v2\/posts"}],"about":[{"href":"https:\/\/www.hashtag.al\/index.php\/wp-json\/wp\/v2\/types\/post"}],"author":[{"embeddable":true,"href":"https:\/\/www.hashtag.al\/index.php\/wp-json\/wp\/v2\/users\/51"}],"replies":[{"embeddable":true,"href":"https:\/\/www.hashtag.al\/index.php\/wp-json\/wp\/v2\/comments?post=327380"}],"version-history":[{"count":0,"href":"https:\/\/www.hashtag.al\/index.php\/wp-json\/wp\/v2\/posts\/327380\/revisions"}],"wp:featuredmedia":[{"embeddable":true,"href":"https:\/\/www.hashtag.al\/index.php\/wp-json\/wp\/v2\/media\/327382"}],"wp:attachment":[{"href":"https:\/\/www.hashtag.al\/index.php\/wp-json\/wp\/v2\/media?parent=327380"}],"wp:term":[{"taxonomy":"category","embeddable":true,"href":"https:\/\/www.hashtag.al\/index.php\/wp-json\/wp\/v2\/categories?post=327380"},{"taxonomy":"post_tag","embeddable":true,"href":"https:\/\/www.hashtag.al\/index.php\/wp-json\/wp\/v2\/tags?post=327380"}],"curies":[{"name":"wp","href":"https:\/\/api.w.org\/{rel}","templated":true}]}}