{"id":327306,"date":"2019-10-12T11:33:52","date_gmt":"2019-10-12T09:33:52","guid":{"rendered":"https:\/\/hashtag.al\/?p=327306"},"modified":"2019-10-12T11:37:41","modified_gmt":"2019-10-12T09:37:41","slug":"shengeni-i-vogel-ideja-e-mire-nenshkruesit-te-dyshimte","status":"publish","type":"post","link":"https:\/\/www.hashtag.al\/index.php\/2019\/10\/12\/shengeni-i-vogel-ideja-e-mire-nenshkruesit-te-dyshimte\/","title":{"rendered":"Shengeni i Vog\u00ebl &#8211; Ideja e mir\u00eb, n\u00ebnshkruesit t\u00eb dyshimt\u00eb","gt_translate_keys":[{"key":"rendered","format":"text"}]},"content":{"rendered":"<p><a href=\"https:\/\/hashtag.al\/wp-content\/uploads\/2019\/10\/Rama-Vucic-Zaev.jpg\"><img loading=\"lazy\" decoding=\"async\" class=\"aligncenter size-full wp-image-327307\" src=\"https:\/\/hashtag.al\/wp-content\/uploads\/2019\/10\/Rama-Vucic-Zaev.jpg\" alt=\"\" width=\"700\" height=\"394\" srcset=\"https:\/\/www.hashtag.al\/wp-content\/uploads\/2019\/10\/Rama-Vucic-Zaev.jpg 700w, https:\/\/www.hashtag.al\/wp-content\/uploads\/2019\/10\/Rama-Vucic-Zaev-300x169.jpg 300w\" sizes=\"auto, (max-width: 700px) 100vw, 700px\" \/><\/a><\/p>\n<p><span style=\"color: #000000;\">Shengeni i vog\u00ebl n\u00eb Ballkan ide e mir\u00eb: ua leht\u00ebson jet\u00ebn edhe qytetar\u00ebve, por n\u00eb rradh\u00eb t\u00eb par\u00eb ekonomis\u00eb. Megjithat\u00eb problemi q\u00ebndron n\u00eb marr\u00ebdh\u00ebniet e Beogradit n\u00eb nj\u00ebr\u00ebn an\u00eb, dhe Tiran\u00ebs e Shkupit n\u00eb an\u00ebn tjet\u00ebr.<\/span><\/p>\n<p><span style=\"color: #000000;\">Fakti q\u00eb presidenti i Serbis\u00eb, Aleksandar Vu\u00e7i\u00e7, kryeministri i Maqedonis\u00eb s\u00eb Veriut, Zoran Zaev, dhe kryeministri i Shqip\u00ebris\u00eb, Edi Rama, n\u00ebnshkruan n\u00eb Novi Sad deklarat\u00ebn lidhur me synimet e krijimit t\u00eb nj\u00eb \u201eShengeni t\u00eb vog\u00ebl&#8221; midis tre vendeve dhe q\u00eb u b\u00ebn\u00eb thirrje edhe vendeve t\u00eb tjera t\u00eb \u201egjasht\u00ebshes s\u00eb Ballkanit&#8221; p\u00ebrkat\u00ebsisht Bosnnj\u00eb dhe Hercegovin\u00ebs, Malit t\u00eb Zi dhe Kosov\u00ebs, q\u00eb ta n\u00ebnshkruajn\u00eb deklarat\u00ebn p\u00ebr t\u00eb siguruar lirin\u00eb e l\u00ebvizjes s\u00eb kapitalit, t\u00eb mallrave, sh\u00ebrbimeve dhe njer\u00ebzve, n\u00eb v\u00ebshtrim t\u00eb par\u00eb \u00ebsht\u00eb nj\u00eb lajm i mir\u00eb. Por shtrohet pyetja mbi sinqeritetin e vet\u00eb n\u00ebshkruesve, sidomos t\u00eb Vu\u00e7i\u00e7it e Ram\u00ebs, vler\u00ebsojn\u00eb analist\u00eb serb\u00eb p\u00ebr Deutsche Welle-n (DW).<\/span><\/p>\n<p><span style=\"color: #000000;\">Nuk ka dyshim se nj\u00eb marr\u00ebveshje e till\u00eb, sikur me t\u00eb v\u00ebrtet\u00eb t\u00eb ishte jo vet\u00ebm e n\u00ebnshkruar por edhe e zbatuar, do t\u2018ua leht\u00ebsonte jet\u00ebn qytetar\u00ebve n\u00eb rajon, ekonomis\u00eb dhe biznesit.<\/span><\/p>\n<p><span style=\"color: #000000;\">\u201eVet\u00eb ideja nuk \u00ebsht\u00eb e keqe, do t\u2018ua b\u00ebnte jet\u00ebn shum\u00eb m\u00eb t\u00eb leht\u00eb edhe qytetar\u00ebve, por n\u00eb rradh\u00eb t\u00eb par\u00eb ekonomis\u00eb. P\u00ebr shembull kamion\u00ebt nuk do t\u00eb kishin m\u00eb nevoj\u00eb t\u00eb prisnin me nga 10-12 or\u00eb n\u00eb kufij&#8221;, thot\u00eb p\u00ebr DW Milan \u00c7ulibrk, analist ekonomik dhe kryeredaktor i s\u00eb p\u00ebrjavsshmes s\u00eb Beogradit NIN.<\/span><\/p>\n<p><span style=\"color: #000000;\">I t\u00eb nj\u00ebjtit mendim \u00ebsht\u00eb edhe Mijat Laki\u00e7evi\u00e7, analist ekonomik dhe z\u00ebvend\u00ebs kryeredaktor i revist\u00ebs s\u00eb p\u00ebrjavshme t\u00eb Beogradit Novi. Ai thot\u00eb p\u00ebr DW se kjo nuk \u00ebsht\u00eb nj\u00eb iniciativ\u00eb e paarsyeshme. \u201eMir\u00eb \u00ebsht\u00eb q\u00eb t\u00eb takohen edhe m\u00eb shpesh, dhe jo vet\u00ebm t\u00eb tre, por q\u00eb t\u00eb gjasht\u00eb nga rajoni&#8221;, thot\u00eb Laki\u00e7evi\u00e7.\u00a0<\/span><\/p>\n<p><strong><span style=\"color: #000000;\">E v\u00ebshtir\u00eb t\u00eb zbatohet n\u00eb radh\u00eb t\u00eb par\u00eb p\u00ebr shkak t\u00eb Kosov\u00ebs<\/span><\/strong><\/p>\n<p><span style=\"color: #000000;\">Lidhur me deklarat\u00ebn e Vu\u00e7i\u00e7it, q\u00eb n\u00eb rast t\u00eb n\u00ebnshkrimit t\u00eb marr\u00ebveshjes n\u00eb rajon mund t\u00eb udh\u00ebtohet vet\u00ebm me let\u00ebrnjoftim, Laki\u0107evi\u0107 thekson, se edhe sot p\u00ebr shembull qytetar\u00ebt e Serbis\u00eb dhe Malit t\u00eb Zi mund t\u00eb udh\u00ebtojn\u00eb vet\u00ebm me let\u00ebrnjoftim, por n\u00eb kufij jan\u00eb ende kolonat kilomet\u00ebrshe, sidomos kamion\u00ebt.<\/span><\/p>\n<p><span style=\"color: #000000;\">\u201eDeri n\u00eb fund t\u00eb vitit 2021 duam t\u00eb krijojm\u00eb kushtet, q\u00eb t\u00eb kalojm\u00eb nga vendi n\u00eb vend vet\u00ebm me kart\u00eb identiteti. K\u00ebt\u00eb me Shqip\u00ebrin\u00eb nuk mund ta b\u00ebjm\u00eb tani dhe shpresojm\u00eb ta arrijm\u00eb n\u00eb takimet e ardhshme. Nj\u00ebzet e gjasht\u00eb or\u00eb humbasin kamion\u00ebt duke pritur n\u00eb kufij dhe shikoni \u00e7far\u00eb do t\u00eb thoshte p\u00ebr ekonomin\u00eb heqja e k\u00ebtyre barrierave\u201c, u shpreh Vu\u010di\u0107.<\/span><\/p>\n<p><span style=\"color: #000000;\">Kjo \u00ebsht\u00eb e sakt\u00eb thon\u00eb bashk\u00ebbiseduesit tan\u00eb, por n\u00eb t\u00eb nj\u00ebjt\u00ebn koh\u00eb paralajm\u00ebrojn\u00eb se problemi q\u00ebndron n\u00eb marr\u00ebdh\u00ebniet politike nd\u00ebrmjet, Beogradit n\u00eb nj\u00ebr\u00ebn an\u00eb dhe Tiran\u00ebs dhe Shkupit n\u00eb an\u00ebn tjet\u00ebr.<\/span><\/p>\n<p><span style=\"color: #000000;\">\u201eDo t\u00eb jet\u00eb e v\u00ebshtir\u00eb t\u00eb zbatohet nj\u00eb marr\u00ebveshje e till\u00eb, sidomos p\u00ebr shkak t\u00eb \u00e7\u00ebshtjes s\u00eb pazgjidhur t\u00eb Kosov\u00ebs&#8221;, thot\u00eb \u00c7ulibrk. \u201eNga nj\u00ebra an\u00eb, kufiri mes Shqip\u00ebris\u00eb dhe Kosov\u00ebs praktikisht nuk ekziston, nga ana tjet\u00ebr nuk e dim\u00eb cili \u00ebsht\u00eb statusi i Kosov\u00ebs n\u00eb k\u00ebt\u00eb marr\u00ebveshje eventuale \u2013 a \u00ebsht\u00eb Kosova krahina jugore serbe, cili \u00ebsht\u00eb pozicioni zyrtar i Beogradit, apo \u00ebsht\u00eb shtet i pavarur? Pra me k\u00eb do t\u00eb n\u00ebnshkruhet nj\u00eb marr\u00ebveshje e till\u00eb, pra si do t\u00eb funksionoj\u00eb ndonj\u00eb \u00e7ik\u00eb kjo marr\u00ebveshje&#8221;, pyet \u00c7ulibrk.<\/span><\/p>\n<p><strong><span style=\"color: #000000;\">P\u00ebrse\u00a0\u201eShengeni vog\u00ebl&#8221;\u00a0dhe jo CEFTA?<\/span><\/strong><\/p>\n<p><span style=\"color: #000000;\">Biznesmeni nga Vojvodina, Dushan Miji\u00e7, thot\u00eb p\u00ebr DW se \u00e7do leht\u00ebsim i biznesit \u00ebsht\u00eb i pranuesh\u00ebm dhe shton se do t\u00eb ishte mir\u00eb q\u00eb marr\u00ebveshja p\u00ebr \u201eShengenin e vog\u00ebl&#8221; t\u00eb marr\u00eb jet\u00eb, por ai k\u00ebt\u00eb e dyshon.<\/span><\/p>\n<p><span style=\"color: #000000;\">\u201eNuk besoj se do t\u00eb ndodh\u00eb, n\u00eb rradh\u00eb t\u00eb par\u00eb p\u00ebr arsye politike&#8221;, thot\u00eb Miji\u00e7. Ai dikur ka b\u00ebr\u00eb biznes n\u00eb rajon, por tani punon vet\u00ebm me vendet e Bashkimit Evropian.<\/span><\/p>\n<p><span style=\"color: #000000;\">Milan \u00c7ulibrk p\u00ebrmend faktin se n\u00eb k\u00ebt\u00eb rajon ekziston nj\u00eb marr\u00ebveshje ekonomike, por q\u00eb nuk funksionon. \u201eMarr\u00ebveshja CEFTA nuk funksionin q\u00eb nga koha, kur Kosova vendosi taksat p\u00ebr mallrat nga Serbia dhe Bosnj\u00eb dhe Hercegovina. At\u00ebher\u00eb \u00ebsht\u00eb logjike t\u00eb b\u00ebsh pyetjen, p\u00ebrse nuk punohet p\u00ebr zbatimin e marr\u00ebveshjes s\u00eb CEFTA-s, por futet n\u00eb loj\u00eb &#8216;Shengeni i vog\u00ebl&#8217;? Pra, derisa marr\u00ebdh\u00ebniet politike mes Beogradit dhe Prishtin\u00ebs t\u00eb mos zgjidhen, \u00e7far\u00ebdo marr\u00ebveshje qoft\u00eb ,\u00ebsht\u00eb v\u00ebshtir\u00eb funksionoj\u00eb&#8221;, thot\u00eb i sigurt\u00eb \u00c7ulibrk.<\/span><\/p>\n<p><strong><span style=\"color: #000000;\">Shtat\u00eb dit\u00eb grindje, 16 minuta\u00a0\u201ePaqe, paqe,paqe\u2026&#8221;<\/span><\/strong><\/p>\n<p><span style=\"color: #000000;\">Mijat Laki\u00e7evi\u00e7 mendon se ideja e \u201eShengenit t\u00eb vog\u00ebl&#8221; \u00ebsht\u00eb nj\u00eb taktik\u00eb politike, q\u00eb u sh\u00ebrben n\u00eb rradh\u00eb t\u00eb par\u00eb Vu\u00e7i\u00e7it dhe Ram\u00ebs q\u00eb t\u00eb prezantohen n\u00eb drit\u00eb m\u00eb t\u00eb mir\u00eb n\u00eb Evrop\u00eb, se sa do t\u00eb p\u00ebrfitojn\u00eb prej saj qytetar\u00ebt.<\/span><\/p>\n<p><span style=\"color: #000000;\">\u201eBashk\u00ebpunim ekonomik nuk ka, \u00ebsht\u00eb qeveria q\u00eb pengon bashk\u00ebpunimin, sepse i shikon fqinj\u00ebt si armiq&#8221;, thot\u00eb Laki\u00e7evi\u00e7.<\/span><\/p>\n<p><span style=\"color: #000000;\">Ai kujton shembullin e Serbis\u00eb, ku politika e p\u00ebrditshme \u00ebsht\u00eb\u201enacionaliste dhe konfliktuoze\u201e. K\u00ebshtu q\u00eb kjo \u00ebsht\u00eb nj\u00eb politik\u00eb hipokrite, sepse shtat\u00eb dit\u00eb n\u00eb jav\u00eb b\u00ebhet politik\u00eb konfliktuoze dhe pastaj 16 minuta b\u00ebrtasim: &#8216;Paqe, paqe, paqe \u2013 asnj\u00ebri nuk \u00ebsht\u00eb fajtor\u2026'&#8221;<\/span><\/p>\n<p><strong><span style=\"color: #000000;\">Ekonomia n\u00eb prangat e politik\u00ebs<\/span><\/strong><\/p>\n<p><span style=\"color: #000000;\">Vu\u00e7i\u00e7, Rama dhe Zaev paralajm\u00ebruan raunde t\u00eb reja dijalogu p\u00ebr\u00a0\u201eShengenin e vog\u00ebl\u201d dhe shpreh\u00ebn besimin se marr\u00ebveshjes to do t&#8217;i bashkohen edhe vendet e tjera t\u00eb &#8220;gjasht\u00ebshes s\u00eb Ballkanit\u201d.<\/span><\/p>\n<p><span style=\"color: #000000;\">Vu\u00e7i\u00e7 njoftoi gjithashtu se deri n\u00eb takimin pasues ekspert\u00ebt do t\u00eb p\u00ebrgatisin studimin ekonomik. Sipas fjal\u00ebve t\u00eb tij, me realizimin e marr\u00ebveshjes &#8220;do t\u00eb rritet me 20 p\u00ebrqind atraktiviteti p\u00ebr t\u00ebrheqjen e investimeve t\u00eb huaja, dhe kushdo q\u00eb ka nj\u00eb leje pune n\u00eb Shkup do ta ket\u00eb at\u00eb edhe n\u00eb Beograd dhe Tiran\u00eb\u201d.<\/span><\/p>\n<p><span style=\"color: #000000;\">Megjithat\u00eb, si Miji\u00e7 edhe Lakicevi\u00e7 thon\u00eb, se n\u00eb rajon ekonomia \u00ebsht\u00eb ende n\u00eb prangat e politik\u00ebs, k\u00ebshtu q\u00eb pengesat p\u00ebr biznesin jan\u00eb shum\u00eb t\u00eb m\u00ebdha, dhe me takime t\u00eb tilla t\u00eb politikan\u00ebve qytetar\u00ebt p\u00ebrfitojn\u00eb shum\u00eb pak.\u00a0\u201eN\u00ebse ata nuk heqin kufijt\u00eb \u2013 dhe ata mund ta b\u00ebjn\u00eb k\u00ebt\u00eb \u2013 at\u00ebher\u00eb kjo nuk ka kuptim. Sepse kur nuk ka liri n\u00eb ekonomi dhe n\u00eb tregti, at\u00ebher\u00eb me tregti merren individ\u00eb t\u00eb p\u00ebrzgjedhur. K\u00ebshtu n\u00eb Serbi biznes b\u00ebjn\u00eb t\u00eb privilegjuarit, ata q\u00eb jan\u00eb t\u00eb af\u00ebrt me pushtetin. N\u00ebse njer\u00ebzit e Vu\u00e7i\u00e7it do ta p\u00ebrcaktojn\u00eb se kush merret me biznes, at\u00ebher\u00eb ky nuk \u00ebsht\u00eb biznes. Plus q\u00eb tregtia gri, dometh\u00ebn\u00eb kontrabanda, jo vet\u00ebm q\u00eb \u00ebsht\u00eb e pranishme, por \u00ebsht\u00eb edhe n\u00ebn kontrollin e autoriteteve&#8221;, mendon Laki\u00e7evi\u00e7.<\/span><\/p>\n<p><strong><span style=\"color: #000000;\">Investitor\u00eb t\u00eb huaj t\u00eb privilegjuar<\/span><\/strong><\/p>\n<p><span style=\"color: #000000;\">Vu\u00e7i\u00e7 pas takimit n\u00eb Novi Sad b\u00ebri thirrje p\u00ebr nj\u00eb qasje jo emocianale ndaj k\u00ebtij projekti. \u201eN\u00ebse njer\u00ebzit i l\u00ebn\u00eb m\u00ebnjan\u00eb emocionet e tyre, do t\u00eb ket\u00eb rezultate shum\u00eb t\u00eb m\u00ebdha p\u00ebr qytetar\u00ebt tan\u00eb&#8221;, tha presidenti i Serbis\u00eb, nd\u00ebrsa kryeministri i Maqedonis\u00eb s\u00eb Veriut Zoran Zaev deklaroi se p\u00ebrmes takimeve t\u00eb tyre n\u00eb rajon d\u00ebrgohet mesazhi, q\u00eb marr\u00ebdh\u00ebniet politike n\u00eb rajon po b\u00ebhen m\u00eb t\u00eb thjeshta, q\u00eb do t\u00eb thot\u00eb se Ballkani nuk \u00ebsht\u00eb &#8220;m\u00eb fu\u00e7i baruti&#8217;, por rajon i paqes, i respektit dhe nj\u00eb rajon ku punohet p\u00ebr p\u00ebrmir\u00ebsimin e cil\u00ebsis\u00eb s\u00eb jet\u00ebs s\u00eb qytetar\u00ebve&#8221;.<\/span><\/p>\n<p><span style=\"color: #000000;\">Megjthat\u00eb Dusan Miji\u00e7 porosit edhe nj\u00eb her\u00eb, se n\u00eb rajon p\u00ebr ekonomin\u00eb nuk ka pasur asnj\u00ebher\u00eb qasje liberale, por gjithmon\u00eb ka pasur nd\u00ebrhyrje t\u00eb shtetit, k\u00ebshtu q\u00eb sot p\u00ebr shembull investitor\u00ebt e huaj n\u00eb Serbi jan\u00eb t\u00eb privilegjuar n\u00eb raport me ato vendas. \u201eK\u00ebto nuk jan\u00eb probleme ekonomike, por para s\u00eb gjithash politike. Nd\u00ebrsa njer\u00ebzit do t\u00eb gjejn\u00eb leht\u00ebsisht nj\u00eb m\u00ebnyr\u00eb si t\u00eb lidhen, si t\u00eb prodhojn\u00eb dhe si t\u00eb b\u00ebjn\u00eb tregti. Sidoqoft\u00eb politika i pengon ata t\u00eb veprojn\u00eb normalisht, dometh\u00ebn\u00eb ata i pengon theksimi i vazhduesh\u00ebm i mosbesimit t\u00eb nd\u00ebrsjell\u00eb, i mosmarr\u00ebveshjes&#8221;, p\u00ebrfundon Miji\u00e7.<\/span><\/p>\n<p><strong><span style=\"color: #000000;\">Publikisht grindje \u2013\u00a0por privatisht shum\u00eb gazmor\u00eb<\/span><\/strong><\/p>\n<p><span style=\"color: #000000;\">E nd\u00ebrsa politikan\u00ebt, n\u00eb rradh\u00eb t\u00eb par\u00eb Aleksandar Vu\u00e7i\u00e7 dhe Edi Rama, \u201eshum\u00eb shpesh d\u00ebrgojn\u00eb mesazhe urrejtjeje dhe intolerance, ata privatisht jan\u00eb n\u00eb marr\u00ebdh\u00ebnie shum\u00eb t\u00eb mira.\u201d \u201eN\u00ebse duhet edhe dehen s\u00eb bashku, por pastaj e ndihmojn\u00eb nj\u00ebri-tjetrin p\u00ebr t\u00eb nxitur nacionalizmin dhe urrejtjen&#8221;, thekson Mijat Laki\u00e7evi\u00e7. Njoh\u00ebsit e situat\u00ebs pohojn\u00eb se nat\u00ebn para mbledhjes, darka e Vu\u00e7i\u00e7it dhe Ram\u00ebs n\u00eb kalan\u00eb Petrovaradin ka qen\u00eb \u2013 mjaft gazmore.<\/span><\/p>\n<p><strong><span style=\"color: #000000;\"><span style=\"color: #ff0000;\">VINI RE:<\/span> Ky artikull \u00ebsht\u00eb pron\u00eb intelektuale e <span style=\"color: #0000ff;\"><a style=\"color: #0000ff;\" href=\"https:\/\/www.dw.com\/sq\/shengeni-i-vog%C3%ABl-ideja-e-mir%C3%AB-n%C3%ABnshkruesit-t%C3%AB-dyshimt%C3%AB\/a-50795230\">Deutche Welle<\/a><\/span><\/span><\/strong><\/p>\n","protected":false,"gt_translate_keys":[{"key":"rendered","format":"html"}]},"excerpt":{"rendered":"<p>Shengeni i vog\u00ebl n\u00eb Ballkan ide e mir\u00eb: ua leht\u00ebson jet\u00ebn edhe qytetar\u00ebve, por n\u00eb rradh\u00eb t\u00eb par\u00eb ekonomis\u00eb. Megjithat\u00eb problemi q\u00ebndron n\u00eb marr\u00ebdh\u00ebniet e Beogradit n\u00eb nj\u00ebr\u00ebn an\u00eb, dhe Tiran\u00ebs e Shkupit n\u00eb an\u00ebn tjet\u00ebr. Fakti q\u00eb presidenti i Serbis\u00eb, Aleksandar Vu\u00e7i\u00e7, kryeministri i Maqedonis\u00eb s\u00eb Veriut, Zoran Zaev, dhe kryeministri i Shqip\u00ebris\u00eb, Edi [&hellip;]<\/p>\n","protected":false,"gt_translate_keys":[{"key":"rendered","format":"html"}]},"author":30,"featured_media":327307,"comment_status":"open","ping_status":"open","sticky":false,"template":"","format":"standard","meta":{"footnotes":""},"categories":[65],"tags":[],"class_list":["post-327306","post","type-post","status-publish","format-standard","has-post-thumbnail","hentry","category-lajme"],"gt_translate_keys":[{"key":"link","format":"url"}],"_links":{"self":[{"href":"https:\/\/www.hashtag.al\/index.php\/wp-json\/wp\/v2\/posts\/327306","targetHints":{"allow":["GET"]}}],"collection":[{"href":"https:\/\/www.hashtag.al\/index.php\/wp-json\/wp\/v2\/posts"}],"about":[{"href":"https:\/\/www.hashtag.al\/index.php\/wp-json\/wp\/v2\/types\/post"}],"author":[{"embeddable":true,"href":"https:\/\/www.hashtag.al\/index.php\/wp-json\/wp\/v2\/users\/30"}],"replies":[{"embeddable":true,"href":"https:\/\/www.hashtag.al\/index.php\/wp-json\/wp\/v2\/comments?post=327306"}],"version-history":[{"count":0,"href":"https:\/\/www.hashtag.al\/index.php\/wp-json\/wp\/v2\/posts\/327306\/revisions"}],"wp:featuredmedia":[{"embeddable":true,"href":"https:\/\/www.hashtag.al\/index.php\/wp-json\/wp\/v2\/media\/327307"}],"wp:attachment":[{"href":"https:\/\/www.hashtag.al\/index.php\/wp-json\/wp\/v2\/media?parent=327306"}],"wp:term":[{"taxonomy":"category","embeddable":true,"href":"https:\/\/www.hashtag.al\/index.php\/wp-json\/wp\/v2\/categories?post=327306"},{"taxonomy":"post_tag","embeddable":true,"href":"https:\/\/www.hashtag.al\/index.php\/wp-json\/wp\/v2\/tags?post=327306"}],"curies":[{"name":"wp","href":"https:\/\/api.w.org\/{rel}","templated":true}]}}