{"id":327215,"date":"2019-10-11T18:18:46","date_gmt":"2019-10-11T16:18:46","guid":{"rendered":"https:\/\/hashtag.al\/?p=327215"},"modified":"2019-10-11T18:23:35","modified_gmt":"2019-10-11T16:23:35","slug":"shansi-i-fundit-per-shqiperine-dhe-maqedonine-e-veriut-takimi-i-merkel-me-macron-te-dielen-dw","status":"publish","type":"post","link":"https:\/\/www.hashtag.al\/index.php\/2019\/10\/11\/shansi-i-fundit-per-shqiperine-dhe-maqedonine-e-veriut-takimi-i-merkel-me-macron-te-dielen-dw\/","title":{"rendered":"\u201cShansi i fundit p\u00ebr Shqip\u00ebrin\u00eb dhe Maqedonin\u00eb e Veriut, takimi i Merkel me Macron t\u00eb diel\u00ebn\u201d-DW","gt_translate_keys":[{"key":"rendered","format":"text"}]},"content":{"rendered":"<p><img loading=\"lazy\" decoding=\"async\" class=\"size-full wp-image-326969\" src=\"https:\/\/hashtag.al\/wp-content\/uploads\/2019\/10\/macronmerkel.jpg\" alt=\"\" width=\"2048\" height=\"1152\" srcset=\"https:\/\/www.hashtag.al\/wp-content\/uploads\/2019\/10\/macronmerkel.jpg 2048w, https:\/\/www.hashtag.al\/wp-content\/uploads\/2019\/10\/macronmerkel-300x169.jpg 300w, https:\/\/www.hashtag.al\/wp-content\/uploads\/2019\/10\/macronmerkel-768x432.jpg 768w, https:\/\/www.hashtag.al\/wp-content\/uploads\/2019\/10\/macronmerkel-1024x576.jpg 1024w\" sizes=\"auto, (max-width: 2048px) 100vw, 2048px\" \/><\/p>\n<p><span style=\"color: #000000;\">Zhg\u00ebnjim p\u00ebr Maqedonin\u00eb e Veriut dhe Shqip\u00ebrin\u00eb: Franca nuk do ta pranoj\u00eb hapjen e bisedimeve t\u00eb an\u00ebtar\u00ebsimit me k\u00ebto dy vende t\u00eb Ballkanit.<\/span><\/p>\n<p><span style=\"color: #000000;\">Q\u00eb vende si Gjermania dhe Franca kan\u00eb q\u00ebndrime krejt t\u00eb ndryshme lidhur me hapjen e procesit t\u00eb negociatave p\u00ebr an\u00ebtar\u00ebsim mes BE-s\u00eb dhe Maqedonis\u00eb s\u00eb Veriut e Shqip\u00ebris\u00eb duket se nuk e shqet\u00ebson Parisin. Franca do ta bllokoj\u00eb hapjen e planifikuar t\u00eb bisedimeve me dy vendet e Ballkanit \u2013 Maqedonin\u00eb e Veriut dhe Shqip\u00ebrin\u00eb \u2013 p\u00ebr an\u00ebtar\u00ebsimin e tyre n\u00eb BE. Qeveria n\u00eb Paris i konsideron t\u00eb pamjaftueshme hapat nd\u00ebrmarra n\u00eb k\u00ebto dy vende, u shpreh\u00ebn t\u00eb premten (11.10) n\u00eb Bruksel disa diplomat\u00eb, raporton Deutsche Welle.<\/span><\/p>\n<p><span style=\"color: #000000;\">Gjithashtu Franca k\u00ebrkon nj\u00eb reformim thelb\u00ebsor t\u00eb procesit t\u00eb an\u00ebtar\u00ebsimit si kusht p\u00ebr t\u00eb dh\u00ebn\u00eb miratimin e saj. Kritikohet nd\u00ebr t\u00eb tjera, q\u00eb procesi i an\u00ebtar\u00ebsimit \u00ebsht\u00eb mjaft teknik dhe n\u00eb rast t\u00eb zhvillimeve problematike mund t\u00eb ndalet me shum\u00eb v\u00ebshtir\u00ebsi. Me veton e saj Franca del edhe kund\u00ebr Gjermanis\u00eb, q\u00eb bashk\u00eb me shum\u00eb shtete t\u00eb tjera t\u00eb BE-s\u00eb \u00ebsht\u00eb angazhuar p\u00ebr bisedimet e an\u00ebtar\u00ebsimit.<\/span><\/p>\n<p><span style=\"color: #000000;\">Qeveria gjermane i referohet vler\u00ebsimit t\u00eb Komisionit t\u00eb BE-s\u00eb, q\u00eb k\u00ebto vende i kan\u00eb p\u00ebrmbushur kushtet p\u00ebr hapjen e negociatave dhe se Maqedonis\u00eb s\u00eb Veriut dhe Shqip\u00ebris\u00eb u jan\u00eb premtuar bisedimet. N\u00eb fakt fillimi i bisedimeve t\u00eb an\u00ebtar\u00ebsimit do t\u00eb duhej t\u00eb vendosej t\u00eb mart\u00ebn e ardhshme (15.10) n\u00eb takimin e ministrave t\u00eb BE-s\u00eb n\u00eb Luksemburg. Por rezistenca e nj\u00eb vendi mjafton p\u00ebr ta penguar k\u00ebt\u00eb.<\/span><\/p>\n<p><span style=\"color: #000000;\">N\u00eb radh\u00eb t\u00eb par\u00eb p\u00ebr Maqedonin\u00eb e Veriut nj\u00eb bllokim do t\u00eb ishte i hidhur, sepse vendi me rreth 2,1 milion\u00eb banor\u00eb nisur nga perspektiva p\u00ebr bisedimet e an\u00ebtar\u00ebsimit pranoi ndryshimin e emrit n\u00eb Maqedonia e Veriut. Qeveria greke e pati k\u00ebrkuar k\u00ebt\u00eb, sepse edhe krahina veriore e Greqis\u00eb mban t\u00eb nj\u00ebjtin em\u00ebr dhe druhej p\u00ebr pretendime eventuale territoriale.<\/span><\/p>\n<p><span style=\"color: #000000;\">Greqia ia doli t\u00eb imponohet, sepse miratimi i bisedimeve t\u00eb an\u00ebtar\u00ebsimit n\u00eb BE duhet t\u00eb pranohet nj\u00ebz\u00ebri nga t\u00eb gjitha vendet an\u00ebtare. Ky vend e pati kusht\u00ebzuar pranimin p\u00ebr ndryshimin e emrit me shpresat p\u00ebr afrimin n\u00eb BE. Si rrjedhoj\u00eb shum\u00eb shtete e shohin me habi dhe nuk e kuptojn\u00eb veton e Franc\u00ebs.<\/span><\/p>\n<p><span style=\"color: #000000;\">Nj\u00eb diplomat, sikurse njofton agjencia e lajmeve DPA t\u00eb premten (11.10) tha, se \u201ckush bllokon tani procesin e antar\u00ebsimit mban p\u00ebrgjegj\u00ebsi p\u00ebr ndonj\u00eb destabilizim t\u00eb mundsh\u00ebm n\u00eb fqinj\u00ebsin\u00eb ton\u00eb\u201d. Nj\u00eb num\u00ebr i madh shtetesh t\u00eb BE-s\u00eb ishin angazhaur p\u00ebr bisedimet e antar\u00ebsimit me Maqedonin\u00eb e Veriut dhe Shqip\u00ebrin\u00eb. Shansi i fundit p\u00ebr k\u00ebto bisedime mbetet tani nj\u00eb takim i planifikuar p\u00ebr t\u00eb diel\u00ebn (13.10) mes kancelares Angela Merkel dhe presidentit francez, Emmanuel Macron.<\/span><\/p>\n<p>&nbsp;<\/p>\n","protected":false,"gt_translate_keys":[{"key":"rendered","format":"html"}]},"excerpt":{"rendered":"<p>Zhg\u00ebnjim p\u00ebr Maqedonin\u00eb e Veriut dhe Shqip\u00ebrin\u00eb: Franca nuk do ta pranoj\u00eb hapjen e bisedimeve t\u00eb an\u00ebtar\u00ebsimit me k\u00ebto dy vende t\u00eb Ballkanit. Q\u00eb vende si Gjermania dhe Franca kan\u00eb q\u00ebndrime krejt t\u00eb ndryshme lidhur me hapjen e procesit t\u00eb negociatave p\u00ebr an\u00ebtar\u00ebsim mes BE-s\u00eb dhe Maqedonis\u00eb s\u00eb Veriut e Shqip\u00ebris\u00eb duket se nuk e [&hellip;]<\/p>\n","protected":false,"gt_translate_keys":[{"key":"rendered","format":"html"}]},"author":32,"featured_media":291955,"comment_status":"open","ping_status":"open","sticky":false,"template":"","format":"standard","meta":{"footnotes":""},"categories":[65,13],"tags":[],"class_list":["post-327215","post","type-post","status-publish","format-standard","has-post-thumbnail","hentry","category-lajme","category-te-fundit"],"gt_translate_keys":[{"key":"link","format":"url"}],"_links":{"self":[{"href":"https:\/\/www.hashtag.al\/index.php\/wp-json\/wp\/v2\/posts\/327215","targetHints":{"allow":["GET"]}}],"collection":[{"href":"https:\/\/www.hashtag.al\/index.php\/wp-json\/wp\/v2\/posts"}],"about":[{"href":"https:\/\/www.hashtag.al\/index.php\/wp-json\/wp\/v2\/types\/post"}],"author":[{"embeddable":true,"href":"https:\/\/www.hashtag.al\/index.php\/wp-json\/wp\/v2\/users\/32"}],"replies":[{"embeddable":true,"href":"https:\/\/www.hashtag.al\/index.php\/wp-json\/wp\/v2\/comments?post=327215"}],"version-history":[{"count":0,"href":"https:\/\/www.hashtag.al\/index.php\/wp-json\/wp\/v2\/posts\/327215\/revisions"}],"wp:featuredmedia":[{"embeddable":true,"href":"https:\/\/www.hashtag.al\/index.php\/wp-json\/wp\/v2\/media\/291955"}],"wp:attachment":[{"href":"https:\/\/www.hashtag.al\/index.php\/wp-json\/wp\/v2\/media?parent=327215"}],"wp:term":[{"taxonomy":"category","embeddable":true,"href":"https:\/\/www.hashtag.al\/index.php\/wp-json\/wp\/v2\/categories?post=327215"},{"taxonomy":"post_tag","embeddable":true,"href":"https:\/\/www.hashtag.al\/index.php\/wp-json\/wp\/v2\/tags?post=327215"}],"curies":[{"name":"wp","href":"https:\/\/api.w.org\/{rel}","templated":true}]}}