{"id":327028,"date":"2019-10-10T22:31:19","date_gmt":"2019-10-10T20:31:19","guid":{"rendered":"https:\/\/hashtag.al\/?p=327028"},"modified":"2019-10-10T22:31:19","modified_gmt":"2019-10-10T20:31:19","slug":"macron-kunder-nderhyrjeve-turke-ne-siri-rrezik-humanitar-per-miliona-njerez","status":"publish","type":"post","link":"https:\/\/www.hashtag.al\/index.php\/2019\/10\/10\/macron-kunder-nderhyrjeve-turke-ne-siri-rrezik-humanitar-per-miliona-njerez\/","title":{"rendered":"Macron kund\u00ebr nd\u00ebrhyrjeve turke n\u00eb Siri: Rrezik humanitar p\u00ebr miliona njer\u00ebz","gt_translate_keys":[{"key":"rendered","format":"text"}]},"content":{"rendered":"<p><img loading=\"lazy\" decoding=\"async\" class=\"aligncenter size-full wp-image-279988\" src=\"https:\/\/hashtag.al\/wp-content\/uploads\/2019\/03\/macron.jpeg\" alt=\"\" width=\"480\" height=\"300\" srcset=\"https:\/\/www.hashtag.al\/wp-content\/uploads\/2019\/03\/macron.jpeg 480w, https:\/\/www.hashtag.al\/wp-content\/uploads\/2019\/03\/macron-300x188.jpeg 300w\" sizes=\"auto, (max-width: 480px) 100vw, 480px\" \/><\/p>\n<p><span style=\"color: #000000;\">Presidenti francez Emmanuel Macron ka reaguar pas ofensiv\u00ebs ushtarake t\u00eb Turqis\u00eb n\u00eb veri t\u00eb Siris\u00eb gjat\u00eb dit\u00ebve t\u00eb fundit.<\/span><\/p>\n<p><span style=\"color: #000000;\">N\u00eb nj\u00eb reagim n\u00eb rrjetet sociale, Macron i quan operacionet ushtarake t\u00eb Turqis\u00eb si \u201ct\u00eb nj\u00ebanshme\u201d nd\u00ebrsa shton se tashm\u00eb ky shtet paraqet rrezik humanitar p\u00ebr miliona njer\u00ebz.<\/span><\/p>\n<p><span style=\"color: #000000;\">\u201cUn\u00eb d\u00ebnoj fort sulmin ushtarak t\u00eb nj\u00ebansh\u00ebm q\u00eb po ndodh n\u00eb Siri. I b\u00ebj thirrje Turqis\u00eb t\u2019i jap\u00eb fund sa m\u00eb shpejt t\u00eb jet\u00eb e mundur. Turqia paraqet rrezik humanitar p\u00ebr miliona njer\u00ebz,\u201d shkruan Macron n\u00eb Twitter.<\/span><\/p>\n<p>&nbsp;<\/p>\n","protected":false,"gt_translate_keys":[{"key":"rendered","format":"html"}]},"excerpt":{"rendered":"<p>Presidenti francez Emmanuel Macron ka reaguar pas ofensiv\u00ebs ushtarake t\u00eb Turqis\u00eb n\u00eb veri t\u00eb Siris\u00eb gjat\u00eb dit\u00ebve t\u00eb fundit. N\u00eb nj\u00eb reagim n\u00eb rrjetet sociale, Macron i quan operacionet ushtarake t\u00eb Turqis\u00eb si \u201ct\u00eb nj\u00ebanshme\u201d nd\u00ebrsa shton se tashm\u00eb ky shtet paraqet rrezik humanitar p\u00ebr miliona njer\u00ebz. \u201cUn\u00eb d\u00ebnoj fort sulmin ushtarak t\u00eb nj\u00ebansh\u00ebm q\u00eb [&hellip;]<\/p>\n","protected":false,"gt_translate_keys":[{"key":"rendered","format":"html"}]},"author":32,"featured_media":260613,"comment_status":"open","ping_status":"open","sticky":false,"template":"","format":"standard","meta":{"footnotes":""},"categories":[6,13],"tags":[],"class_list":["post-327028","post","type-post","status-publish","format-standard","has-post-thumbnail","hentry","category-nderkombetare","category-te-fundit"],"gt_translate_keys":[{"key":"link","format":"url"}],"_links":{"self":[{"href":"https:\/\/www.hashtag.al\/index.php\/wp-json\/wp\/v2\/posts\/327028","targetHints":{"allow":["GET"]}}],"collection":[{"href":"https:\/\/www.hashtag.al\/index.php\/wp-json\/wp\/v2\/posts"}],"about":[{"href":"https:\/\/www.hashtag.al\/index.php\/wp-json\/wp\/v2\/types\/post"}],"author":[{"embeddable":true,"href":"https:\/\/www.hashtag.al\/index.php\/wp-json\/wp\/v2\/users\/32"}],"replies":[{"embeddable":true,"href":"https:\/\/www.hashtag.al\/index.php\/wp-json\/wp\/v2\/comments?post=327028"}],"version-history":[{"count":0,"href":"https:\/\/www.hashtag.al\/index.php\/wp-json\/wp\/v2\/posts\/327028\/revisions"}],"wp:featuredmedia":[{"embeddable":true,"href":"https:\/\/www.hashtag.al\/index.php\/wp-json\/wp\/v2\/media\/260613"}],"wp:attachment":[{"href":"https:\/\/www.hashtag.al\/index.php\/wp-json\/wp\/v2\/media?parent=327028"}],"wp:term":[{"taxonomy":"category","embeddable":true,"href":"https:\/\/www.hashtag.al\/index.php\/wp-json\/wp\/v2\/categories?post=327028"},{"taxonomy":"post_tag","embeddable":true,"href":"https:\/\/www.hashtag.al\/index.php\/wp-json\/wp\/v2\/tags?post=327028"}],"curies":[{"name":"wp","href":"https:\/\/api.w.org\/{rel}","templated":true}]}}