{"id":326906,"date":"2019-10-10T11:24:11","date_gmt":"2019-10-10T09:24:11","guid":{"rendered":"https:\/\/hashtag.al\/?p=326906"},"modified":"2019-10-10T11:25:02","modified_gmt":"2019-10-10T09:25:02","slug":"banoret-e-unazes-thirrje-presidentit-mblidh-keshillin-e-sigurise-kombetare-ka-plane-per-gjakderdhje","status":"publish","type":"post","link":"https:\/\/www.hashtag.al\/index.php\/2019\/10\/10\/banoret-e-unazes-thirrje-presidentit-mblidh-keshillin-e-sigurise-kombetare-ka-plane-per-gjakderdhje\/","title":{"rendered":"Banor\u00ebt e Unaz\u00ebs thirrje presidentit: Mblidh K\u00ebshillin e Siguris\u00eb Komb\u00ebtare, ka plane p\u00ebr gjakderdhje","gt_translate_keys":[{"key":"rendered","format":"text"}]},"content":{"rendered":"<p><a href=\"https:\/\/hashtag.al\/wp-content\/uploads\/2019\/10\/banori.jpg\"><img loading=\"lazy\" decoding=\"async\" class=\"aligncenter size-full wp-image-326908\" src=\"https:\/\/hashtag.al\/wp-content\/uploads\/2019\/10\/banori.jpg\" alt=\"\" width=\"1210\" height=\"630\" srcset=\"https:\/\/www.hashtag.al\/wp-content\/uploads\/2019\/10\/banori.jpg 1210w, https:\/\/www.hashtag.al\/wp-content\/uploads\/2019\/10\/banori-300x156.jpg 300w, https:\/\/www.hashtag.al\/wp-content\/uploads\/2019\/10\/banori-768x400.jpg 768w, https:\/\/www.hashtag.al\/wp-content\/uploads\/2019\/10\/banori-1024x533.jpg 1024w\" sizes=\"auto, (max-width: 1210px) 100vw, 1210px\" \/><\/a><\/p>\n<p><span style=\"color: #000000;\">Banor\u00ebt e Unaz\u00ebs s\u00eb Re i kan\u00eb b\u00ebr\u00eb thirrje publikisht presidentit t\u00eb vendit Ilir Meta, q\u00eb t\u00eb mbledh\u00eb K\u00ebshillin e Siguris\u00eb Komb\u00ebtare.<\/span><\/p>\n<p><span style=\"color: #000000;\">Sipas tyre, n\u00eb Unaz\u00ebn e Re ka nj\u00eb skenar p\u00ebr gjakderdhje. Ata akuzojn\u00eb kryeministrin Edi Rama se po e b\u00ebn k\u00ebt\u00eb me q\u00ebllim, disa dit\u00eb p\u00ebrpara marrjes s\u00eb nj\u00eb p\u00ebrgjigjeje nga Komisioni Europian lidhur me negociatat.<\/span><\/p>\n<p><em><span style=\"color: #000000;\">\u201cKam nj\u00eb thirrje p\u00ebr presidentin e Republik\u00ebs. T\u00eb mbledhi K\u00ebshillin e Siguris\u00eb Komb\u00ebtare. Ka plane p\u00ebr gjakderdhje n\u00eb Unaz\u00ebn e Re. \u00cbsht\u00eb presion p\u00ebr t\u00eb penguar negociatat. Po b\u00ebhet p\u00ebr t\u00eb \u00e7orientuar Albin Kurtin dhe kan\u00eb gjet Unaz\u00ebn e Re, njer\u00ebz t\u00eb lodhur.<\/span><\/em><\/p>\n<p><span style=\"color: #000000;\"><em>Po pregatitet gjakderdhje. Data 10 me 18 \u00ebsht\u00eb shum\u00eb af\u00ebr. Edi Rama na ka mbajt nj\u00eb vit, jua them me siguri t\u00eb plot\u00eb. I b\u00ebj thirrje presidentit, ambasadave, sidomos ambasad\u00ebs Amerikane se ne kemi dal\u00eb me flamurin amerikan dhe u kemi treguar hajdutin e tyre. \u00a0Amerikan\u00ebt na e kan\u00eb borxh p\u00ebr t\u00eb na mbrojt ne.\u201d,<\/em> tha nj\u00eb prej banor\u00ebve.<\/span><\/p>\n<p><span style=\"color: #000000;\">Nj\u00eb nga thirrjet n\u00eb kor t\u00eb k\u00ebtyre banor\u00ebve q\u00eb q\u00ebndrojn\u00eb prej m\u00eb shum\u00eb se nj\u00eb ore p\u00ebrpara Drejtoris\u00eb s\u00eb Policis\u00eb, ishte: \u201cKu \u00ebsht\u00eb presidenti, ku \u00ebsht\u00eb presidenti?\u201d<\/span><\/p>\n<p><a href=\"https:\/\/hashtag.al\/wp-content\/uploads\/2019\/10\/protesta.jpg\"><img loading=\"lazy\" decoding=\"async\" class=\"aligncenter size-full wp-image-326909\" src=\"https:\/\/hashtag.al\/wp-content\/uploads\/2019\/10\/protesta.jpg\" alt=\"\" width=\"1200\" height=\"630\" srcset=\"https:\/\/www.hashtag.al\/wp-content\/uploads\/2019\/10\/protesta.jpg 1200w, https:\/\/www.hashtag.al\/wp-content\/uploads\/2019\/10\/protesta-300x158.jpg 300w, https:\/\/www.hashtag.al\/wp-content\/uploads\/2019\/10\/protesta-768x403.jpg 768w, https:\/\/www.hashtag.al\/wp-content\/uploads\/2019\/10\/protesta-1024x538.jpg 1024w\" sizes=\"auto, (max-width: 1200px) 100vw, 1200px\" \/><\/a><\/p>\n","protected":false,"gt_translate_keys":[{"key":"rendered","format":"html"}]},"excerpt":{"rendered":"<p>Banor\u00ebt e Unaz\u00ebs s\u00eb Re i kan\u00eb b\u00ebr\u00eb thirrje publikisht presidentit t\u00eb vendit Ilir Meta, q\u00eb t\u00eb mbledh\u00eb K\u00ebshillin e Siguris\u00eb Komb\u00ebtare. Sipas tyre, n\u00eb Unaz\u00ebn e Re ka nj\u00eb skenar p\u00ebr gjakderdhje. Ata akuzojn\u00eb kryeministrin Edi Rama se po e b\u00ebn k\u00ebt\u00eb me q\u00ebllim, disa dit\u00eb p\u00ebrpara marrjes s\u00eb nj\u00eb p\u00ebrgjigjeje nga Komisioni Europian [&hellip;]<\/p>\n","protected":false,"gt_translate_keys":[{"key":"rendered","format":"html"}]},"author":30,"featured_media":326909,"comment_status":"open","ping_status":"open","sticky":false,"template":"","format":"standard","meta":{"footnotes":""},"categories":[65,13],"tags":[],"class_list":["post-326906","post","type-post","status-publish","format-standard","has-post-thumbnail","hentry","category-lajme","category-te-fundit"],"gt_translate_keys":[{"key":"link","format":"url"}],"_links":{"self":[{"href":"https:\/\/www.hashtag.al\/index.php\/wp-json\/wp\/v2\/posts\/326906","targetHints":{"allow":["GET"]}}],"collection":[{"href":"https:\/\/www.hashtag.al\/index.php\/wp-json\/wp\/v2\/posts"}],"about":[{"href":"https:\/\/www.hashtag.al\/index.php\/wp-json\/wp\/v2\/types\/post"}],"author":[{"embeddable":true,"href":"https:\/\/www.hashtag.al\/index.php\/wp-json\/wp\/v2\/users\/30"}],"replies":[{"embeddable":true,"href":"https:\/\/www.hashtag.al\/index.php\/wp-json\/wp\/v2\/comments?post=326906"}],"version-history":[{"count":0,"href":"https:\/\/www.hashtag.al\/index.php\/wp-json\/wp\/v2\/posts\/326906\/revisions"}],"wp:featuredmedia":[{"embeddable":true,"href":"https:\/\/www.hashtag.al\/index.php\/wp-json\/wp\/v2\/media\/326909"}],"wp:attachment":[{"href":"https:\/\/www.hashtag.al\/index.php\/wp-json\/wp\/v2\/media?parent=326906"}],"wp:term":[{"taxonomy":"category","embeddable":true,"href":"https:\/\/www.hashtag.al\/index.php\/wp-json\/wp\/v2\/categories?post=326906"},{"taxonomy":"post_tag","embeddable":true,"href":"https:\/\/www.hashtag.al\/index.php\/wp-json\/wp\/v2\/tags?post=326906"}],"curies":[{"name":"wp","href":"https:\/\/api.w.org\/{rel}","templated":true}]}}