{"id":326868,"date":"2019-10-10T09:19:50","date_gmt":"2019-10-10T07:19:50","guid":{"rendered":"https:\/\/hashtag.al\/?p=326868"},"modified":"2019-10-10T09:21:01","modified_gmt":"2019-10-10T07:21:01","slug":"djegia-e-makines-se-dritan-lelit-banorja-flaket-me-hyne-brenda-ne-shtepi-video","status":"publish","type":"post","link":"https:\/\/www.hashtag.al\/index.php\/2019\/10\/10\/djegia-e-makines-se-dritan-lelit-banorja-flaket-me-hyne-brenda-ne-shtepi-video\/","title":{"rendered":"Djegia e makin\u00ebs s\u00eb Dritan Lelit, banorja: Flak\u00ebt m\u00eb hyn\u00eb brenda n\u00eb sht\u00ebpi (VIDEO)","gt_translate_keys":[{"key":"rendered","format":"text"}]},"content":{"rendered":"<p><span style=\"color: #000000;\"><a href=\"https:\/\/hashtag.al\/wp-content\/uploads\/2019\/10\/Mine.png\"><img loading=\"lazy\" decoding=\"async\" class=\"aligncenter size-full wp-image-326870\" src=\"https:\/\/hashtag.al\/wp-content\/uploads\/2019\/10\/Mine.png\" alt=\"\" width=\"712\" height=\"343\" srcset=\"https:\/\/www.hashtag.al\/wp-content\/uploads\/2019\/10\/Mine.png 712w, https:\/\/www.hashtag.al\/wp-content\/uploads\/2019\/10\/Mine-300x145.png 300w\" sizes=\"auto, (max-width: 712px) 100vw, 712px\" \/><\/a><\/span><\/p>\n<p><span style=\"color: #000000;\">T\u00eb tjera detaje zbulohen lidhur me djegien e automjetit n\u00eb pron\u00ebsi t\u00eb Bashkis\u00eb s\u00eb Vlor\u00ebs q\u00eb p\u00ebrdorej nga kryebashkiaku Dritan Leli.<\/span><\/p>\n<p><span style=\"color: #000000;\">Banor\u00ebt q\u00eb jetojn\u00eb n\u00eb pallatin ku ishte parkuar makina kan\u00eb rr\u00ebfyer momentet e para kurpan\u00eb flak\u00ebt.<\/span><\/p>\n<p><span style=\"color: #000000;\">Sipas zonj\u00ebs, Mine Sejfullari flak\u00ebt i hyn\u00eb brenda n\u00eb sht\u00ebpi duke i djegur grilat dhe tend\u00ebn.<\/span><\/p>\n<p><span style=\"color: #000000;\"><em>&#8220;Nuk \u00ebsht\u00eb parkim p\u00ebr t\u00eb l\u00ebn\u00eb makina aty. Flaka m\u00eb erdhi brenda. M\u00eb d\u00ebmtoi grilat, tendat t\u00eb gjitha. Kush do mi paguaj\u00eb mua k\u00ebto? Nuk d\u00ebgjova gj\u00eb, vet\u00ebm flak\u00ebn pam\u00eb.&#8221;<\/em>, tha zonja.<\/span><\/p>\n<p><span style=\"color: #000000;\">Nd\u00ebrkoh\u00eb nj\u00eb tjet\u00ebr banor tha p\u00ebr<span style=\"color: #0000ff;\"><a style=\"color: #0000ff;\" href=\"https:\/\/www.oranews.tv\/article\/djegia-e-makines-se-dritan-lelit-banorja-flaket-me-hyne-brenda-ne-shtepi\"> \u201cOra News\u201d<\/a> <\/span>se shoferi i Lelit q\u00eb kishte parkuar makin\u00ebn pran\u00eb pallatit t\u00eb tyre, nuk jetonte aty por n\u00eb nj\u00eb pallat tjet\u00ebr aty af\u00ebr.<\/span><\/p>\n<p><span style=\"color: #000000;\"><em>&#8220;Kur dola nga sht\u00ebpia makinat ishin n\u00eb flak\u00eb. U dogj\u00ebn dy makina. Ndodhi n\u00eb 04:30 t\u00eb m\u00ebngjesit. Nuk d\u00ebgjuam zhurma. Rri shoferi tek pallati tjet\u00ebr. Dola p\u00ebr t\u00eb par\u00eb makin\u00ebn q\u00eb u dogj, se aty \u00ebsht\u00eb vendi ku le makin\u00ebn djali im. Por makina djalit ishte parkuar n\u00eb vend tjet\u00ebr. Flaka ishte n\u00eb maj\u00eb. Zhurm\u00eb nuk d\u00ebgjuam se ishte von\u00eb.&#8221;,<\/em> tha ai.<\/span><\/p>\n<p><iframe loading=\"lazy\" title=\"Ora News - Djegia e makin\u00ebs s\u00eb Dritan Lelit, banorja: Flak\u00ebt m\u00eb hyn\u00eb brenda n\u00eb sht\u00ebpi\" width=\"1170\" height=\"658\" src=\"https:\/\/www.youtube.com\/embed\/f4YVlXUzFtc?feature=oembed\" frameborder=\"0\" allow=\"accelerometer; autoplay; clipboard-write; encrypted-media; gyroscope; picture-in-picture\" allowfullscreen><\/iframe><\/p>\n","protected":false,"gt_translate_keys":[{"key":"rendered","format":"html"}]},"excerpt":{"rendered":"<p>T\u00eb tjera detaje zbulohen lidhur me djegien e automjetit n\u00eb pron\u00ebsi t\u00eb Bashkis\u00eb s\u00eb Vlor\u00ebs q\u00eb p\u00ebrdorej nga kryebashkiaku Dritan Leli. Banor\u00ebt q\u00eb jetojn\u00eb n\u00eb pallatin ku ishte parkuar makina kan\u00eb rr\u00ebfyer momentet e para kurpan\u00eb flak\u00ebt. Sipas zonj\u00ebs, Mine Sejfullari flak\u00ebt i hyn\u00eb brenda n\u00eb sht\u00ebpi duke i djegur grilat dhe tend\u00ebn. &#8220;Nuk \u00ebsht\u00eb [&hellip;]<\/p>\n","protected":false,"gt_translate_keys":[{"key":"rendered","format":"html"}]},"author":30,"featured_media":326870,"comment_status":"open","ping_status":"open","sticky":false,"template":"","format":"standard","meta":{"footnotes":""},"categories":[65,13],"tags":[],"class_list":["post-326868","post","type-post","status-publish","format-standard","has-post-thumbnail","hentry","category-lajme","category-te-fundit"],"gt_translate_keys":[{"key":"link","format":"url"}],"_links":{"self":[{"href":"https:\/\/www.hashtag.al\/index.php\/wp-json\/wp\/v2\/posts\/326868","targetHints":{"allow":["GET"]}}],"collection":[{"href":"https:\/\/www.hashtag.al\/index.php\/wp-json\/wp\/v2\/posts"}],"about":[{"href":"https:\/\/www.hashtag.al\/index.php\/wp-json\/wp\/v2\/types\/post"}],"author":[{"embeddable":true,"href":"https:\/\/www.hashtag.al\/index.php\/wp-json\/wp\/v2\/users\/30"}],"replies":[{"embeddable":true,"href":"https:\/\/www.hashtag.al\/index.php\/wp-json\/wp\/v2\/comments?post=326868"}],"version-history":[{"count":0,"href":"https:\/\/www.hashtag.al\/index.php\/wp-json\/wp\/v2\/posts\/326868\/revisions"}],"wp:featuredmedia":[{"embeddable":true,"href":"https:\/\/www.hashtag.al\/index.php\/wp-json\/wp\/v2\/media\/326870"}],"wp:attachment":[{"href":"https:\/\/www.hashtag.al\/index.php\/wp-json\/wp\/v2\/media?parent=326868"}],"wp:term":[{"taxonomy":"category","embeddable":true,"href":"https:\/\/www.hashtag.al\/index.php\/wp-json\/wp\/v2\/categories?post=326868"},{"taxonomy":"post_tag","embeddable":true,"href":"https:\/\/www.hashtag.al\/index.php\/wp-json\/wp\/v2\/tags?post=326868"}],"curies":[{"name":"wp","href":"https:\/\/api.w.org\/{rel}","templated":true}]}}