{"id":326776,"date":"2019-10-09T17:11:44","date_gmt":"2019-10-09T15:11:44","guid":{"rendered":"https:\/\/hashtag.al\/?p=326776"},"modified":"2019-10-09T17:11:44","modified_gmt":"2019-10-09T15:11:44","slug":"kapet-45-vjecari-ne-fier-i-denuar-ne-itali-me-18-vite-burg-video","status":"publish","type":"post","link":"https:\/\/www.hashtag.al\/index.php\/2019\/10\/09\/kapet-45-vjecari-ne-fier-i-denuar-ne-itali-me-18-vite-burg-video\/","title":{"rendered":"Kapet 45-vje\u00e7ari n\u00eb Fier, i d\u00ebnuar n\u00eb Itali me 18 vite burg (Video)","gt_translate_keys":[{"key":"rendered","format":"text"}]},"content":{"rendered":"<div style=\"width: 1170px;\" class=\"wp-video\"><video class=\"wp-video-shortcode\" id=\"video-326776-1\" width=\"1170\" height=\"658\" preload=\"metadata\" controls=\"controls\"><source type=\"video\/mp4\" src=\"https:\/\/hashtag.al\/wp-content\/uploads\/2019\/10\/policiafierdermenas.mp4?_=1\" \/><a href=\"https:\/\/hashtag.al\/wp-content\/uploads\/2019\/10\/policiafierdermenas.mp4\">https:\/\/hashtag.al\/wp-content\/uploads\/2019\/10\/policiafierdermenas.mp4<\/a><\/video><\/div>\n<p><span style=\"color: #000000;\">Policia e Fierit ka ndaluar nj\u00eb person i cili ishte d\u00ebnuar n\u00eb Itali me 18 vite e 4 muaj burg. <\/span><\/p>\n<p><span style=\"color: #000000;\">N\u00eb pranga ka r\u00ebn\u00eb 45-vjecari me iniciale F.G., banues n\u00eb D\u00ebrm\u00ebnas. <\/span><\/p>\n<p><span style=\"color: #000000;\">Ai ishte shpallur n\u00eb k\u00ebrkim n\u00eb vtin 2016 pasi \u00ebsht\u00eb d\u00ebnuar nga Gjykata e Milanos n\u00eb vendin fqinj me burg p\u00ebr trafik droge n\u00eb sasi t\u00eb m\u00ebdha. <\/span><\/p>\n<p><span style=\"color: #000000;\">Gjat\u00eb operacionit \u00ebsht\u00eb bllokuar edhe nj\u00eb arm\u00eb gjahu si dhe l\u00ebnd\u00eb narkotike.<\/span><\/p>\n<p><span style=\"color: #000000;\"><strong>Informacion paraprak<\/strong><\/span><\/p>\n<p><span style=\"color: #000000;\"><em>Finalizohet operacioni i koduar &#8220;D\u00ebrm\u00ebnas&#8221;.<\/em><\/span><\/p>\n<p><span style=\"color: #000000;\"><em>Operacion p\u00ebr kapjen e personave shum\u00eb t\u00eb k\u00ebrkuar, t\u00eb shpallur n\u00eb k\u00ebrkim nd\u00ebrkomb\u00ebtar.<\/em><\/span><\/p>\n<p><span style=\"color: #000000;\"><em>Operacion nga Sektori p\u00ebr Hetimin e Narkotik\u00ebve dhe Trafiqeve t\u00eb Paligjshme n\u00eb Drejtorin\u00eb Vendore t\u00eb Policis\u00eb Fier, n\u00eb bashk\u00ebpunim me FNSH Fier dhe Interpol Tirana.<\/em><\/span><\/p>\n<p><span style=\"color: #000000;\"><em>Kapet dhe ndalohet nj\u00eb shtetas i shpallur n\u00eb k\u00ebrkim nd\u00ebrkomb\u00ebtar, i d\u00ebnuar me 18 vite e kat\u00ebr muaj burg.<\/em><\/span><\/p>\n<p><span style=\"color: #000000;\"><em>Sekuestrohet nj\u00eb sasi l\u00ebnde narkotike kanabis dhe 1 arm\u00eb gjahu &#8220;Karabin\u00eb&#8221;.<\/em><\/span><\/p>\n<p><span style=\"color: #000000;\"><em>Operacioni u zhvillua n\u00eb fshatin D\u00ebrm\u00ebnas, ku n\u00eb baz\u00eb t\u00eb informacioneve t\u00eb mara n\u00eb rrug\u00eb operative dhe pun\u00ebs s\u00eb mir\u00eborganizuar, n\u00eb banes\u00ebn e tij u kap dhe ndalua shtetasi:<\/em><\/span><\/p>\n<p><span style=\"color: #000000;\"><em>F. G., 45 vje\u00e7, banues n\u00eb D\u00ebrm\u00ebnas.<\/em><\/span><\/p>\n<p><span style=\"color: #000000;\"><em>Ky shtetas \u00ebsht\u00eb shpallur n\u00eb k\u00ebrkim nga Interpol Tirana n\u00eb dat\u00ebn 20.01.2016, pasi Gjykata e Milanos Itali e ka d\u00ebnuar me 18 vite e 4 muaj burg p\u00ebr vepr\u00ebn penale &#8220;Organizat\u00eb kriminale me q\u00ebllim trafik droge (Heroin\u00eb) n\u00eb sasi t\u00eb m\u00ebdha&#8221;.<\/em><\/span><\/p>\n<p><span style=\"color: #000000;\"><em>Gjat\u00eb operacionit u sekuestrua edhe nj\u00eb sasi l\u00ebnd\u00eb narkotike kanabis dhe 1 arm\u00eb gjahu &#8220;Karabin\u00eb&#8221;.<\/em><\/span><\/p>\n<p><span style=\"color: #000000;\"><em>Materialet do i kalojn\u00eb Prokuroris\u00eb pran\u00eb Gjykat\u00ebs s\u00eb Shkall\u00ebs s\u00eb Par\u00eb Fier, p\u00ebr veprime t\u00eb m\u00ebtejshme.<\/em><\/span><\/p>\n","protected":false,"gt_translate_keys":[{"key":"rendered","format":"html"}]},"excerpt":{"rendered":"<p>Policia e Fierit ka ndaluar nj\u00eb person i cili ishte d\u00ebnuar n\u00eb Itali me 18 vite e 4 muaj burg. N\u00eb pranga ka r\u00ebn\u00eb 45-vjecari me iniciale F.G., banues n\u00eb D\u00ebrm\u00ebnas. Ai ishte shpallur n\u00eb k\u00ebrkim n\u00eb vtin 2016 pasi \u00ebsht\u00eb d\u00ebnuar nga Gjykata e Milanos n\u00eb vendin fqinj me burg p\u00ebr trafik droge n\u00eb [&hellip;]<\/p>\n","protected":false,"gt_translate_keys":[{"key":"rendered","format":"html"}]},"author":51,"featured_media":0,"comment_status":"open","ping_status":"open","sticky":false,"template":"","format":"standard","meta":{"footnotes":""},"categories":[65,13],"tags":[],"class_list":["post-326776","post","type-post","status-publish","format-standard","hentry","category-lajme","category-te-fundit"],"gt_translate_keys":[{"key":"link","format":"url"}],"_links":{"self":[{"href":"https:\/\/www.hashtag.al\/index.php\/wp-json\/wp\/v2\/posts\/326776","targetHints":{"allow":["GET"]}}],"collection":[{"href":"https:\/\/www.hashtag.al\/index.php\/wp-json\/wp\/v2\/posts"}],"about":[{"href":"https:\/\/www.hashtag.al\/index.php\/wp-json\/wp\/v2\/types\/post"}],"author":[{"embeddable":true,"href":"https:\/\/www.hashtag.al\/index.php\/wp-json\/wp\/v2\/users\/51"}],"replies":[{"embeddable":true,"href":"https:\/\/www.hashtag.al\/index.php\/wp-json\/wp\/v2\/comments?post=326776"}],"version-history":[{"count":0,"href":"https:\/\/www.hashtag.al\/index.php\/wp-json\/wp\/v2\/posts\/326776\/revisions"}],"wp:attachment":[{"href":"https:\/\/www.hashtag.al\/index.php\/wp-json\/wp\/v2\/media?parent=326776"}],"wp:term":[{"taxonomy":"category","embeddable":true,"href":"https:\/\/www.hashtag.al\/index.php\/wp-json\/wp\/v2\/categories?post=326776"},{"taxonomy":"post_tag","embeddable":true,"href":"https:\/\/www.hashtag.al\/index.php\/wp-json\/wp\/v2\/tags?post=326776"}],"curies":[{"name":"wp","href":"https:\/\/api.w.org\/{rel}","templated":true}]}}