{"id":326683,"date":"2019-10-09T10:54:41","date_gmt":"2019-10-09T08:54:41","guid":{"rendered":"https:\/\/hashtag.al\/?p=326683"},"modified":"2019-10-09T10:55:38","modified_gmt":"2019-10-09T08:55:38","slug":"sot-seanca-per-kopshtin-botanik-pd-rama-e-veliaj-po-ia-marrin-universitetit-per-te-ndertuar-kulla","status":"publish","type":"post","link":"https:\/\/www.hashtag.al\/index.php\/2019\/10\/09\/sot-seanca-per-kopshtin-botanik-pd-rama-e-veliaj-po-ia-marrin-universitetit-per-te-ndertuar-kulla\/","title":{"rendered":"Sot seanca p\u00ebr Kopshtin Botanik, PD: Rama e Veliaj po ia marrin Universitetit p\u00ebr t\u00eb nd\u00ebrtuar kulla","gt_translate_keys":[{"key":"rendered","format":"text"}]},"content":{"rendered":"<p><a href=\"https:\/\/hashtag.al\/wp-content\/uploads\/2019\/10\/Bocci-e1570611261510.jpg\"><img loading=\"lazy\" decoding=\"async\" class=\"aligncenter size-full wp-image-326684\" src=\"https:\/\/hashtag.al\/wp-content\/uploads\/2019\/10\/Bocci-e1570611261510.jpg\" alt=\"\" width=\"1280\" height=\"853\" srcset=\"https:\/\/www.hashtag.al\/wp-content\/uploads\/2019\/10\/Bocci-e1570611261510.jpg 1280w, https:\/\/www.hashtag.al\/wp-content\/uploads\/2019\/10\/Bocci-e1570611261510-300x200.jpg 300w, https:\/\/www.hashtag.al\/wp-content\/uploads\/2019\/10\/Bocci-e1570611261510-768x512.jpg 768w, https:\/\/www.hashtag.al\/wp-content\/uploads\/2019\/10\/Bocci-e1570611261510-1024x682.jpg 1024w\" sizes=\"auto, (max-width: 1280px) 100vw, 1280px\" \/><\/a><\/p>\n<p><span style=\"color: #000000;\">Partia Demokratike ka akuzuar kryeministrin Edi Rama, se p\u00ebrmes nj\u00eb VKM-je po i merr pa t\u00eb drejt\u00eb Kopshtin Botanik, Universitetit t\u00eb Tiran\u00ebs.<\/span><\/p>\n<p><span style=\"color: #000000;\">P\u00ebrmes nj\u00eb deklarate p\u00ebr mediet, ish-deputeti Lu\u00e7iano Bo\u00e7i tha se p\u00ebrmes nj\u00eb VKMje speciale, qeveria po grabit 15 HA t\u00eb Kopshtit Botanik, p\u00ebr t\u00eb nd\u00ebrtuar kulla betoni.<\/span><\/p>\n<p><span style=\"color: #000000;\">Bo\u00e7i shprehet kjo gj\u00eb \u00ebsht\u00eb b\u00ebr\u00eb pa asnj\u00eb konsultim paraprak me Rektoratin, Senatin, dekanatin, asamblen\u00eb e personelit akademik e as k\u00ebshillin studentor, si pronar\u00ebt ligjor\u00eb t\u00eb Kopshtit Botanik. K\u00ebto deklarata b\u00ebhen n\u00eb dit\u00ebn kur pritet t\u00eb zhvillohet seanca lidhur me k\u00ebt\u00eb \u00e7\u00ebshtje n\u00eb gjykat\u00eb, pasi\u00a0 Fakulteti i Shkencave t\u00eb Natyr\u00ebs e \u00e7oi \u00e7\u00ebshtjen n\u00eb Gjykat\u00eb Administrative.<\/span><\/p>\n<p><em><span style=\"color: #000000;\">\u201cEdi Rama dhe Erion Veliaj po rr\u00ebmbejn\u00eb me dhun\u00eb shtet\u00ebrore Kopshtin Botanik, pron\u00eb e Universitetit t\u00eb Tiran\u00ebs, p\u00ebr ta shnd\u00ebrruar k\u00ebt\u00eb nga nj\u00eb zon\u00eb t\u00eb gjelb\u00ebr dhe t\u00eb r\u00ebnd\u00ebsishme p\u00ebr interesa\u00a0 akademike, n\u00eb nj\u00eb shesh p\u00ebr kullat e betonit.<\/span><\/em><\/p>\n<p><em><span style=\"color: #000000;\">Nj\u00eb vendim i qeveris\u00eb s\u00eb Edi Ram\u00ebs grabit 15 hektar\u00eb t\u00eb Kopshtit Botanik me synimin p\u00ebr t\u00eb pastruar aty n\u00eb fush\u00ebn e nd\u00ebrtimit me miliona euro para t\u00eb pista.<\/span><\/em><\/p>\n<p><em><span style=\"color: #000000;\">Ky vendim \u00ebsht\u00eb vjedhja m\u00eb e madhe q\u00eb i b\u00ebhet sot Universitetit dhe \u00ebsht\u00eb n\u00eb kund\u00ebrshtim t\u00eb plot\u00eb me ligjin e Arsimit t\u00eb Lart\u00eb dhe statutin e Universitetit te Tiran\u00ebs, t\u00eb cil\u00ebt nuk lejojn\u00eb trasferimin e pron\u00ebsis\u00eb dhe ndryshimin e destinacionit t\u00eb saj.<\/span><\/em><\/p>\n<p><em><span style=\"color: #000000;\">Kjo vjedhje me VKM speciale, eleminon krejt\u00ebsisht pun\u00ebn k\u00ebrkimore shkencore n\u00eb Fakultetin e Shkencave t\u00eb Natyr\u00ebs dhe i jep nj\u00eb goditje fatale procesit akademik.<\/span><\/em><\/p>\n<p><em><span style=\"color: #000000;\">N\u00eb vend q\u00eb t\u00eb rris\u00eb financimin p\u00ebr Arsimin e Lart\u00eb dhe k\u00ebrkimin shkencor, Edi Rama, p\u00ebrkundrazi, i heq t\u00eb drejt\u00ebn e pron\u00ebsis\u00eb.<\/span><\/em><\/p>\n<p><em><span style=\"color: #000000;\">N\u00eb vend q\u00eb t\u2019i ndihmoj\u00eb p\u00ebr t\u00eb nd\u00ebrtuar laborator\u00eb shkencor\u00eb p\u00ebr procesin m\u00ebsimor, Rama i eleminon laboratorin m\u00eb t\u00eb madh natyror p\u00ebr t\u00eb nd\u00ebrtuar dhe p\u00ebr t\u00eb pastruar parat\u00eb e korrupsionit dhe krimit t\u00eb organizuar.<\/span><\/em><\/p>\n<p><em><span style=\"color: #000000;\">N\u00eb vend t\u2019i jap\u00eb\u00a0 frym\u00ebmarrje Universitetit, Rama godet autonomin\u00eb dhe lirin\u00eb akademike t\u00eb tij me harbut\u00ebri dhe padrejt\u00ebsi.<\/span><\/em><\/p>\n<p><em><span style=\"color: #000000;\">Vendimi \u00ebsht\u00eb marr\u00eb nga Rama &#8211; Veliaj n\u00eb m\u00ebnyr\u00eb arbitrare dhe arrogante, pa pyetur as Rektoratin e universitetit, as Senatin, as dekanatin, as asamblen\u00eb e personelit akademik e as k\u00ebshillin studentor q\u00eb jan\u00eb ligj\u00ebrisht pronar\u00ebt e v\u00ebrtet\u00eb dhe ligjor\u00eb t\u00eb Kopshtit Botanik.<\/span><\/em><\/p>\n<p><em><span style=\"color: #000000;\">Asnj\u00eb konsultim paraprak nuk \u00ebsht\u00eb b\u00ebr\u00eb me ta, si\u00e7 pretendohet n\u00eb deklaratat e Bashkis\u00eb Tiran\u00eb.<\/span><\/em><\/p>\n<p><em><span style=\"color: #000000;\">Asnj\u00eb dakort\u00ebsi nuk \u00ebsht\u00eb dh\u00ebn\u00eb\u00a0 p\u00ebr k\u00ebt\u00eb grabitje.<\/span><\/em><\/p>\n<p><em><span style=\"color: #000000;\">Madje pedagog\u00ebt e student\u00ebt e kan\u00eb kund\u00ebrshtuar me forc\u00eb rr\u00ebmbimin e k\u00ebsaj prone, duke p\u00ebrballur \u00e7do\u00a0 presion apo joshje q\u00eb u \u00ebsht\u00eb b\u00ebr\u00eb.<\/span><\/em><\/p>\n<p><em><span style=\"color: #000000;\">Ata kan\u00eb\u00a0 k\u00ebrkuar pran\u00eb gjykat\u00ebs administrative anullimin e k\u00ebsaj VKM-je korruptive dhe kriminale n\u00eb nj\u00eb seanc\u00eb q\u00eb zhvillohet sot n\u00eb or\u00ebn 11.00.<\/span><\/em><\/p>\n<p><em><span style=\"color: #000000;\">Partia Demokratike ka mb\u00ebshtetur dhe mb\u00ebshtet t\u00eb drejt\u00ebn legjitime t\u00eb p\u00ebrfaquesve t\u00eb Universitetit dhe t\u00eb asambles\u00eb s\u00eb personelit akademik dhe i bashkohet p\u00ebrpjekjeve t\u00eb tyre p\u00ebr anullimin e VKM-s\u00eb grabit\u00ebse 510.<\/span><\/em><\/p>\n<p><span style=\"color: #000000;\"><em>Ne u b\u00ebjm\u00eb thirrje pedagogeve, studenteve dhe qytetar\u00ebve t\u00eb solidarizohen sot n\u00eb ora 11.00 pran\u00eb Liceut Artistik, me betej\u00ebn ligjore q\u00eb po behet nga Universiteti kund\u00ebr rr\u00ebmbimit, grabitjes dhe hajdut\u00ebris\u00eb s\u00eb k\u00ebsaj prone publike.\u201d<\/em>, tha Bo\u00e7i.<\/span><\/p>\n<p><span style=\"color: #000000;\">N\u00eb vendimin e dat\u00ebs 17 korrik, qeveria njoftoi se Kopshti Botanik b\u00ebhet pjes\u00eb e pasurive t\u00eb paluajtshme t\u00eb Bashkis\u00eb s\u00eb Kryeqytetit.<\/span><\/p>\n<p><a href=\"https:\/\/hashtag.al\/wp-content\/uploads\/2019\/10\/FSHN.jpg\"><img loading=\"lazy\" decoding=\"async\" class=\"aligncenter size-full wp-image-326686\" src=\"https:\/\/hashtag.al\/wp-content\/uploads\/2019\/10\/FSHN.jpg\" alt=\"\" width=\"576\" height=\"936\" srcset=\"https:\/\/www.hashtag.al\/wp-content\/uploads\/2019\/10\/FSHN.jpg 576w, https:\/\/www.hashtag.al\/wp-content\/uploads\/2019\/10\/FSHN-185x300.jpg 185w\" sizes=\"auto, (max-width: 576px) 100vw, 576px\" \/><\/a><\/p>\n","protected":false,"gt_translate_keys":[{"key":"rendered","format":"html"}]},"excerpt":{"rendered":"<p>Partia Demokratike ka akuzuar kryeministrin Edi Rama, se p\u00ebrmes nj\u00eb VKM-je po i merr pa t\u00eb drejt\u00eb Kopshtin Botanik, Universitetit t\u00eb Tiran\u00ebs. P\u00ebrmes nj\u00eb deklarate p\u00ebr mediet, ish-deputeti Lu\u00e7iano Bo\u00e7i tha se p\u00ebrmes nj\u00eb VKMje speciale, qeveria po grabit 15 HA t\u00eb Kopshtit Botanik, p\u00ebr t\u00eb nd\u00ebrtuar kulla betoni. Bo\u00e7i shprehet kjo gj\u00eb \u00ebsht\u00eb b\u00ebr\u00eb [&hellip;]<\/p>\n","protected":false,"gt_translate_keys":[{"key":"rendered","format":"html"}]},"author":30,"featured_media":326684,"comment_status":"open","ping_status":"open","sticky":false,"template":"","format":"standard","meta":{"footnotes":""},"categories":[65,13],"tags":[],"class_list":["post-326683","post","type-post","status-publish","format-standard","has-post-thumbnail","hentry","category-lajme","category-te-fundit"],"gt_translate_keys":[{"key":"link","format":"url"}],"_links":{"self":[{"href":"https:\/\/www.hashtag.al\/index.php\/wp-json\/wp\/v2\/posts\/326683","targetHints":{"allow":["GET"]}}],"collection":[{"href":"https:\/\/www.hashtag.al\/index.php\/wp-json\/wp\/v2\/posts"}],"about":[{"href":"https:\/\/www.hashtag.al\/index.php\/wp-json\/wp\/v2\/types\/post"}],"author":[{"embeddable":true,"href":"https:\/\/www.hashtag.al\/index.php\/wp-json\/wp\/v2\/users\/30"}],"replies":[{"embeddable":true,"href":"https:\/\/www.hashtag.al\/index.php\/wp-json\/wp\/v2\/comments?post=326683"}],"version-history":[{"count":0,"href":"https:\/\/www.hashtag.al\/index.php\/wp-json\/wp\/v2\/posts\/326683\/revisions"}],"wp:featuredmedia":[{"embeddable":true,"href":"https:\/\/www.hashtag.al\/index.php\/wp-json\/wp\/v2\/media\/326684"}],"wp:attachment":[{"href":"https:\/\/www.hashtag.al\/index.php\/wp-json\/wp\/v2\/media?parent=326683"}],"wp:term":[{"taxonomy":"category","embeddable":true,"href":"https:\/\/www.hashtag.al\/index.php\/wp-json\/wp\/v2\/categories?post=326683"},{"taxonomy":"post_tag","embeddable":true,"href":"https:\/\/www.hashtag.al\/index.php\/wp-json\/wp\/v2\/tags?post=326683"}],"curies":[{"name":"wp","href":"https:\/\/api.w.org\/{rel}","templated":true}]}}