{"id":326676,"date":"2019-10-09T10:22:34","date_gmt":"2019-10-09T08:22:34","guid":{"rendered":"https:\/\/hashtag.al\/?p=326676"},"modified":"2019-10-09T10:24:18","modified_gmt":"2019-10-09T08:24:18","slug":"parlamenti-italian-ul-numrin-e-ligjvenesve-do-kursejme-300-mije-euro-ne-dite","status":"publish","type":"post","link":"https:\/\/www.hashtag.al\/index.php\/2019\/10\/09\/parlamenti-italian-ul-numrin-e-ligjvenesve-do-kursejme-300-mije-euro-ne-dite\/","title":{"rendered":"Parlamenti italian ul numrin e ligjv\u00ebn\u00ebsve: Do kursejm\u00eb 300 mij\u00eb euro n\u00eb dit\u00eb","gt_translate_keys":[{"key":"rendered","format":"text"}]},"content":{"rendered":"<p><a href=\"https:\/\/hashtag.al\/wp-content\/uploads\/2019\/10\/italia.jpg\"><img loading=\"lazy\" decoding=\"async\" class=\"size-full wp-image-326677\" src=\"https:\/\/hashtag.al\/wp-content\/uploads\/2019\/10\/italia.jpg\" alt=\"\" width=\"457\" height=\"323\" srcset=\"https:\/\/www.hashtag.al\/wp-content\/uploads\/2019\/10\/italia.jpg 457w, https:\/\/www.hashtag.al\/wp-content\/uploads\/2019\/10\/italia-300x212.jpg 300w\" sizes=\"auto, (max-width: 457px) 100vw, 457px\" \/><\/a><\/p>\n<p><span style=\"color: #000000;\">Propozimi p\u00ebr zvog\u00eblimin e numrit t\u00eb ligjv\u00ebn\u00ebsve \u00ebsht\u00eb miratuar n\u00eb Parlamentin italian.<\/span><\/p>\n<p><span style=\"color: #000000;\">Mediat italiane shkruajn\u00eb se ishte L\u00ebvizja 5 Yjet e cila kishte b\u00ebr\u00eb propozimin p\u00ebr t\u00eb shkurtuar numrin e ligjv\u00ebn\u00ebsve nga 945 n\u00eb 600.<\/span><\/p>\n<p><span style=\"color: #000000;\">Sipas <span style=\"color: #0000ff;\"><a style=\"color: #0000ff;\" href=\"http:\/\/www.ansa.it\/sito\/notizie\/politica\/2019\/10\/08\/taglio-dei-parlamentari-laula-della-camera-vota-la-riforma-costituzionale_ee46de6b-1399-49cf-8b8f-9f58515c4112.html\">\u201cAnsa.it\u201d<\/a><\/span> projektligji synon t\u00eb ul\u00eb shpenzimet shtet\u00ebrore dhe qeveritare p\u00ebr t\u00eb ndihmuar ekonomin\u00eb italiane, u miratua p\u00ebrfundimisht me 553 vota pro, 14 kund\u00ebr dhe dy abstenime.<\/span><\/p>\n<p><span style=\"color: #000000;\">Duke qen\u00eb nj\u00eb projektligj kushtetues, k\u00ebrkohej nj\u00eb shumic\u00eb absolute e an\u00ebtar\u00ebve t\u00eb Kuvendit, e barabart\u00eb me 316 vota, raportojn\u00eb mediat italiane.<\/span><\/p>\n<p><span style=\"color: #000000;\">Tashm\u00eb, numri i deputet\u00ebve ka shkuar n\u00eb 400 nga 630 dhe senator\u00ebt n\u00eb 200 nga 315.<\/span><\/p>\n<p><span style=\"color: #000000;\">Me duartrokitje \u00ebsht\u00eb pritur miratimi i k\u00ebtij projektligji qe eshte quajtur reform\u00eb p\u00ebr shkurtimin e shpenzimeve parlamentare, ve\u00e7an\u00ebrisht nga tavolinat e Levizjes 5 Yjet.<\/span><\/p>\n<p><span style=\"color: #000000;\"><em>\u201cProjekt-ligji kushtetues q\u00eb zvog\u00eblom numrin e parlamentar\u00ebve \u00ebsht\u00eb miratuar nga parlamenti. Nj\u00eb reform\u00eb q\u00eb prek kostot e politik\u00ebs dhe e b\u00ebn funksionimin e Parlamentit m\u00eb t\u00eb efektsh\u00ebm. Nj\u00eb hap konkret p\u00ebr t\u00eb reformuar Institucionet tona, p\u00ebr Italin\u00eb \u00ebsht\u00eb nj\u00eb dit\u00eb historike\u201d,<\/em>\u00a0shkroi Kryeministri Giuseppe Conte n\u00eb Twitter.<\/span><\/p>\n<p><span style=\"color: #000000;\"><em>\u201cNj\u00eb reform\u00eb historike, nj\u00eb fitore e madhe p\u00ebr qytetar\u00ebt italian\u00eb\u201d<\/em>, tha Luigi Di Maio para Parlamentit.<\/span><\/p>\n<p><span style=\"color: #000000;\">Me projektligjin e ri, qeveria e Italise synon t\u00eb kursej\u00eb 300 mij\u00eb euro n\u00eb dit\u00eb.<\/span><\/p>\n<p><span style=\"color: #000000;\">Di Maio tha: <em>&#8220;Ne do kursejm\u00eb 300 mij\u00eb euro n\u00eb dit\u00eb, at\u00eb q\u00eb nj\u00eb qytetar n\u00eb shum\u00eb raste nuk arrin ta siguroj\u00eb madje as gjat\u00eb nj\u00eb jete&#8221;.<\/em><\/span><\/p>\n<p>&nbsp;<\/p>\n","protected":false,"gt_translate_keys":[{"key":"rendered","format":"html"}]},"excerpt":{"rendered":"<p>Propozimi p\u00ebr zvog\u00eblimin e numrit t\u00eb ligjv\u00ebn\u00ebsve \u00ebsht\u00eb miratuar n\u00eb Parlamentin italian. Mediat italiane shkruajn\u00eb se ishte L\u00ebvizja 5 Yjet e cila kishte b\u00ebr\u00eb propozimin p\u00ebr t\u00eb shkurtuar numrin e ligjv\u00ebn\u00ebsve nga 945 n\u00eb 600. Sipas \u201cAnsa.it\u201d projektligji synon t\u00eb ul\u00eb shpenzimet shtet\u00ebrore dhe qeveritare p\u00ebr t\u00eb ndihmuar ekonomin\u00eb italiane, u miratua p\u00ebrfundimisht me 553 [&hellip;]<\/p>\n","protected":false,"gt_translate_keys":[{"key":"rendered","format":"html"}]},"author":30,"featured_media":326677,"comment_status":"open","ping_status":"open","sticky":false,"template":"","format":"standard","meta":{"footnotes":""},"categories":[6],"tags":[],"class_list":["post-326676","post","type-post","status-publish","format-standard","has-post-thumbnail","hentry","category-nderkombetare"],"gt_translate_keys":[{"key":"link","format":"url"}],"_links":{"self":[{"href":"https:\/\/www.hashtag.al\/index.php\/wp-json\/wp\/v2\/posts\/326676","targetHints":{"allow":["GET"]}}],"collection":[{"href":"https:\/\/www.hashtag.al\/index.php\/wp-json\/wp\/v2\/posts"}],"about":[{"href":"https:\/\/www.hashtag.al\/index.php\/wp-json\/wp\/v2\/types\/post"}],"author":[{"embeddable":true,"href":"https:\/\/www.hashtag.al\/index.php\/wp-json\/wp\/v2\/users\/30"}],"replies":[{"embeddable":true,"href":"https:\/\/www.hashtag.al\/index.php\/wp-json\/wp\/v2\/comments?post=326676"}],"version-history":[{"count":0,"href":"https:\/\/www.hashtag.al\/index.php\/wp-json\/wp\/v2\/posts\/326676\/revisions"}],"wp:featuredmedia":[{"embeddable":true,"href":"https:\/\/www.hashtag.al\/index.php\/wp-json\/wp\/v2\/media\/326677"}],"wp:attachment":[{"href":"https:\/\/www.hashtag.al\/index.php\/wp-json\/wp\/v2\/media?parent=326676"}],"wp:term":[{"taxonomy":"category","embeddable":true,"href":"https:\/\/www.hashtag.al\/index.php\/wp-json\/wp\/v2\/categories?post=326676"},{"taxonomy":"post_tag","embeddable":true,"href":"https:\/\/www.hashtag.al\/index.php\/wp-json\/wp\/v2\/tags?post=326676"}],"curies":[{"name":"wp","href":"https:\/\/api.w.org\/{rel}","templated":true}]}}