{"id":326302,"date":"2019-10-07T08:58:52","date_gmt":"2019-10-07T06:58:52","guid":{"rendered":"https:\/\/hashtag.al\/?p=326302"},"modified":"2019-10-07T09:02:58","modified_gmt":"2019-10-07T07:02:58","slug":"cudia-ne-kosove-lista-srpska-del-e-dyta-per-numrin-e-komunave-te-fituara","status":"publish","type":"post","link":"https:\/\/www.hashtag.al\/index.php\/2019\/10\/07\/cudia-ne-kosove-lista-srpska-del-e-dyta-per-numrin-e-komunave-te-fituara\/","title":{"rendered":"\u00c7udia n\u00eb Kosov\u00eb, Lista Srpska del e dyta p\u00ebr numrin e komunave t\u00eb fituara","gt_translate_keys":[{"key":"rendered","format":"text"}]},"content":{"rendered":"<p><a href=\"https:\/\/hashtag.al\/wp-content\/uploads\/2019\/10\/KURTI.jpg\"><img loading=\"lazy\" decoding=\"async\" class=\"aligncenter size-full wp-image-326274\" src=\"https:\/\/hashtag.al\/wp-content\/uploads\/2019\/10\/KURTI.jpg\" alt=\"\" width=\"529\" height=\"336\" srcset=\"https:\/\/www.hashtag.al\/wp-content\/uploads\/2019\/10\/KURTI.jpg 529w, https:\/\/www.hashtag.al\/wp-content\/uploads\/2019\/10\/KURTI-300x191.jpg 300w\" sizes=\"auto, (max-width: 529px) 100vw, 529px\" \/><\/a><\/p>\n<p><span style=\"color: #000000;\">Duket e habitshme por po, sipas rezultateve t\u00eb deritanishme, Lista Srpska\u00a0ka dal\u00eb e dyta n\u00eb fitoren n\u00ebp\u00ebr komuna n\u00eb Kosov\u00eb.<\/span><\/p>\n<p><span style=\"color: #000000;\">Sipas t\u00eb dh\u00ebnave t\u00eb publikuara nga KQZ k\u00ebt\u00eb m\u00ebngjes, L\u00ebvizja \u201cVet\u00ebvendosje&#8221; ka fituar shumic\u00ebn e komunave n\u00eb Kosov\u00eb, gjithsej 12. Nd\u00ebrsa Lista Serbe renditet e dyta me 10 komuna.<\/span><\/p>\n<p><span style=\"color: #000000;\">LDK vjen e treta me 7 komuna.\u00a0<\/span><\/p>\n<p><span style=\"color: #000000;\">Presidenti serb Aleksandar Vu\u00e7i\u00e7, tha n\u00eb nj\u00eb konferenc\u00eb p\u00ebr media n\u00eb Beograd se:<em> \u201cLista Serbe e ka arritur fitoren m\u00eb t\u00eb madhe dhe m\u00eb bind\u00ebse n\u00eb historin\u00eb e saj\u201d.<\/em><\/span><\/p>\n<p><span style=\"color: #000000;\"><em>\u201cLista Serbe ka arritur fitoren m\u00eb bind\u00ebsi. Ajo ka marr\u00eb 98. 07 p\u00ebr qind t\u00eb votave t\u00eb votuesve serb\u00eb. Ata do ta ken\u00eb nj\u00eb p\u00ebrfaq\u00ebsim t\u00eb fuqish\u00ebm politik n\u00eb Kuvendin e Kosov\u00ebs dhe do t\u00eb mund t\u00eb luftojn\u00eb p\u00ebr interesin e popullit t\u00eb vet\u201d,<\/em> ka shtuar Vu\u00e7i\u00e7.<\/span><\/p>\n<p><span style=\"color: #000000;\">Ai ka shtuar se serb\u00ebt e Kosov\u00ebs kan\u00eb votuar n\u00eb k\u00ebt\u00eb m\u00ebnyr\u00eb dhe, sipas tij, kan\u00eb dal\u00eb n\u00eb votime n\u00eb num\u00ebr t\u00eb madh <em>\u201cp\u00ebr shkak se kan\u00eb dashur t\u00eb tregojn\u00eb dashurin\u00eb e madhe ndaj atdheut t\u00eb tyre, Serbis\u00eb dhe k\u00ebt\u00eb askush nuk mundet, nuk guxon dhe nuk do t\u00eb mund t\u2019ua marr\u00eb serbeve Kosov\u00ebs\u201d.<\/em><\/span><\/p>\n<p><span style=\"color: #000000;\">Sipas Vu\u00e7i\u00e7, rezultati i List\u00ebs Serbe n\u00eb zgjedhjet e Kosov\u00ebs, \u00ebsht\u00eb obligim i madh p\u00ebr shtetin e Serbis\u00eb q\u00eb t\u00eb kujdeset dhe t\u00eb luftoj\u00eb p\u00ebr popullin e tij n\u00eb Kosov\u00eb.<\/span><\/p>\n<p><span style=\"color: #000000;\">T\u00eb dh\u00ebnat momentale t\u00eb KQZ-s\u00eb, tregojn\u00eb se deri m\u00eb tani jan\u00eb num\u00ebruar 95,88% t\u00eb votave, apo 2442 vendvotime nga 2547 sa kan\u00eb qen\u00eb gjisejt.Rezultati i fundit tregon se L\u00ebvizja Vet\u00ebvendosje \u00ebsht\u00eb e para me nj\u00eb rezultat 25,79%, 197,966 vota.Pas saj vjen Lidhja Demokratike e Kosov\u00ebs me 25,05%, apo 192,300 vota.<\/span><\/p>\n<p><span style=\"color: #000000;\">Partia Demokratike e Kosov\u00ebs renditet e treta me 21,15%, apo me 162,342 vota. N\u00eb vendin e kat\u00ebrt renditet Koalicioni Aleanca p\u00ebr Ardhm\u00ebrin\u00eb e Kosov\u00ebs \u2013 Partia Social Demokrate me 11,63%, apo me 89,287 vota.<\/span><\/p>\n<p>&nbsp;<\/p>\n<p>&nbsp;<\/p>\n","protected":false,"gt_translate_keys":[{"key":"rendered","format":"html"}]},"excerpt":{"rendered":"<p>Duket e habitshme por po, sipas rezultateve t\u00eb deritanishme, Lista Srpska\u00a0ka dal\u00eb e dyta n\u00eb fitoren n\u00ebp\u00ebr komuna n\u00eb Kosov\u00eb. Sipas t\u00eb dh\u00ebnave t\u00eb publikuara nga KQZ k\u00ebt\u00eb m\u00ebngjes, L\u00ebvizja \u201cVet\u00ebvendosje&#8221; ka fituar shumic\u00ebn e komunave n\u00eb Kosov\u00eb, gjithsej 12. Nd\u00ebrsa Lista Serbe renditet e dyta me 10 komuna. LDK vjen e treta me 7 [&hellip;]<\/p>\n","protected":false,"gt_translate_keys":[{"key":"rendered","format":"html"}]},"author":30,"featured_media":326274,"comment_status":"open","ping_status":"open","sticky":false,"template":"","format":"standard","meta":{"footnotes":""},"categories":[149],"tags":[],"class_list":["post-326302","post","type-post","status-publish","format-standard","has-post-thumbnail","hentry","category-kosoverajon"],"gt_translate_keys":[{"key":"link","format":"url"}],"_links":{"self":[{"href":"https:\/\/www.hashtag.al\/index.php\/wp-json\/wp\/v2\/posts\/326302","targetHints":{"allow":["GET"]}}],"collection":[{"href":"https:\/\/www.hashtag.al\/index.php\/wp-json\/wp\/v2\/posts"}],"about":[{"href":"https:\/\/www.hashtag.al\/index.php\/wp-json\/wp\/v2\/types\/post"}],"author":[{"embeddable":true,"href":"https:\/\/www.hashtag.al\/index.php\/wp-json\/wp\/v2\/users\/30"}],"replies":[{"embeddable":true,"href":"https:\/\/www.hashtag.al\/index.php\/wp-json\/wp\/v2\/comments?post=326302"}],"version-history":[{"count":0,"href":"https:\/\/www.hashtag.al\/index.php\/wp-json\/wp\/v2\/posts\/326302\/revisions"}],"wp:featuredmedia":[{"embeddable":true,"href":"https:\/\/www.hashtag.al\/index.php\/wp-json\/wp\/v2\/media\/326274"}],"wp:attachment":[{"href":"https:\/\/www.hashtag.al\/index.php\/wp-json\/wp\/v2\/media?parent=326302"}],"wp:term":[{"taxonomy":"category","embeddable":true,"href":"https:\/\/www.hashtag.al\/index.php\/wp-json\/wp\/v2\/categories?post=326302"},{"taxonomy":"post_tag","embeddable":true,"href":"https:\/\/www.hashtag.al\/index.php\/wp-json\/wp\/v2\/tags?post=326302"}],"curies":[{"name":"wp","href":"https:\/\/api.w.org\/{rel}","templated":true}]}}