{"id":326060,"date":"2019-10-05T20:44:10","date_gmt":"2019-10-05T18:44:10","guid":{"rendered":"https:\/\/hashtag.al\/?p=326060"},"modified":"2019-10-05T20:44:10","modified_gmt":"2019-10-05T18:44:10","slug":"koreja-e-veriut-largohet-nga-bisedimet-me-shba-ne-i-kerkon-uashingtonit-te-rishohe-qendrimin","status":"publish","type":"post","link":"https:\/\/www.hashtag.al\/index.php\/2019\/10\/05\/koreja-e-veriut-largohet-nga-bisedimet-me-shba-ne-i-kerkon-uashingtonit-te-rishohe-qendrimin\/","title":{"rendered":"Koreja e Veriut largohet nga bisedimet me SHBA-n\u00eb, i k\u00ebrkon Uashingtonit &#8220;t\u00eb rishoh\u00eb&#8221; q\u00ebndrimin","gt_translate_keys":[{"key":"rendered","format":"text"}]},"content":{"rendered":"<p><img loading=\"lazy\" decoding=\"async\" class=\"aligncenter size-full wp-image-326061\" src=\"https:\/\/hashtag.al\/wp-content\/uploads\/2019\/10\/Koreja-e-veriutSHBA.jpg\" alt=\"\" width=\"980\" height=\"551\" srcset=\"https:\/\/www.hashtag.al\/wp-content\/uploads\/2019\/10\/Koreja-e-veriutSHBA.jpg 980w, https:\/\/www.hashtag.al\/wp-content\/uploads\/2019\/10\/Koreja-e-veriutSHBA-300x169.jpg 300w, https:\/\/www.hashtag.al\/wp-content\/uploads\/2019\/10\/Koreja-e-veriutSHBA-768x432.jpg 768w\" sizes=\"auto, (max-width: 980px) 100vw, 980px\" \/><\/p>\n<p><span style=\"color: #000000;\">Koreja e Veriut ka nd\u00ebrprer\u00eb bisedimet b\u00ebrthamore me SHBA-n\u00eb, menj\u00ebher\u00eb pasi ato filluan n\u00eb periferi t\u00eb Stokholmit n\u00eb Suedi. Negociatori kryesor i Phenianit m\u00eb pas i ka k\u00ebrkuar Uashingtonit t\u00eb ndryshoj\u00eb q\u00ebndrimin e tij.<\/span><\/p>\n<p><span style=\"color: #000000;\">Kim Myong-gil, zyrtari i rangut m\u00eb t\u00eb lart\u00eb koreano-verior i pranish\u00ebm n\u00eb bisedime, tha se negociatat nuk do t\u00eb rifillojn\u00eb t\u00eb pakt\u00ebn deri n\u00eb fund t\u00eb vitit dhe k\u00ebshilloi pal\u00ebn amerikane t\u00eb rishikoj\u00eb pozicionin e saj.<\/span><\/p>\n<p><span style=\"color: #000000;\">Bisedimet e s\u00eb shtun\u00ebs ishin takimi i par\u00eb midis diplomat\u00ebve t\u00eb SHBA-s\u00eb dhe Kores\u00eb s\u00eb Veriut pasi Donald Trump dhe Kim Jong-un ran\u00eb dakord t\u00eb rifillojn\u00eb dialogun, nd\u00ebrsa u mblodh\u00ebn n\u00eb zon\u00ebn e demilitarizuar midis dy Koreve n\u00eb qershor.<\/span><\/p>\n<p><span style=\"color: #000000;\">Para takimit suedez, Sekretari i Shtetit Amerikan Mike Pompeo tha se &#8220;duhet b\u00ebr\u00eb shum\u00eb pun\u00eb&#8221;, por shprehu shpres\u00eb se p\u00ebrparimi me Phenianin do t\u00eb arrihet pas muajsh ng\u00ebr\u00e7.<\/span><\/p>\n","protected":false,"gt_translate_keys":[{"key":"rendered","format":"html"}]},"excerpt":{"rendered":"<p>Koreja e Veriut ka nd\u00ebrprer\u00eb bisedimet b\u00ebrthamore me SHBA-n\u00eb, menj\u00ebher\u00eb pasi ato filluan n\u00eb periferi t\u00eb Stokholmit n\u00eb Suedi. Negociatori kryesor i Phenianit m\u00eb pas i ka k\u00ebrkuar Uashingtonit t\u00eb ndryshoj\u00eb q\u00ebndrimin e tij. Kim Myong-gil, zyrtari i rangut m\u00eb t\u00eb lart\u00eb koreano-verior i pranish\u00ebm n\u00eb bisedime, tha se negociatat nuk do t\u00eb rifillojn\u00eb t\u00eb [&hellip;]<\/p>\n","protected":false,"gt_translate_keys":[{"key":"rendered","format":"html"}]},"author":51,"featured_media":326061,"comment_status":"open","ping_status":"open","sticky":false,"template":"","format":"standard","meta":{"footnotes":""},"categories":[6],"tags":[],"class_list":["post-326060","post","type-post","status-publish","format-standard","has-post-thumbnail","hentry","category-nderkombetare"],"gt_translate_keys":[{"key":"link","format":"url"}],"_links":{"self":[{"href":"https:\/\/www.hashtag.al\/index.php\/wp-json\/wp\/v2\/posts\/326060","targetHints":{"allow":["GET"]}}],"collection":[{"href":"https:\/\/www.hashtag.al\/index.php\/wp-json\/wp\/v2\/posts"}],"about":[{"href":"https:\/\/www.hashtag.al\/index.php\/wp-json\/wp\/v2\/types\/post"}],"author":[{"embeddable":true,"href":"https:\/\/www.hashtag.al\/index.php\/wp-json\/wp\/v2\/users\/51"}],"replies":[{"embeddable":true,"href":"https:\/\/www.hashtag.al\/index.php\/wp-json\/wp\/v2\/comments?post=326060"}],"version-history":[{"count":0,"href":"https:\/\/www.hashtag.al\/index.php\/wp-json\/wp\/v2\/posts\/326060\/revisions"}],"wp:featuredmedia":[{"embeddable":true,"href":"https:\/\/www.hashtag.al\/index.php\/wp-json\/wp\/v2\/media\/326061"}],"wp:attachment":[{"href":"https:\/\/www.hashtag.al\/index.php\/wp-json\/wp\/v2\/media?parent=326060"}],"wp:term":[{"taxonomy":"category","embeddable":true,"href":"https:\/\/www.hashtag.al\/index.php\/wp-json\/wp\/v2\/categories?post=326060"},{"taxonomy":"post_tag","embeddable":true,"href":"https:\/\/www.hashtag.al\/index.php\/wp-json\/wp\/v2\/tags?post=326060"}],"curies":[{"name":"wp","href":"https:\/\/api.w.org\/{rel}","templated":true}]}}