{"id":325687,"date":"2019-10-03T21:34:29","date_gmt":"2019-10-03T19:34:29","guid":{"rendered":"https:\/\/hashtag.al\/?p=325687"},"modified":"2019-10-03T21:34:29","modified_gmt":"2019-10-03T19:34:29","slug":"gruaja-e-bilalit-rama-i-pergjigjet-metes","status":"publish","type":"post","link":"https:\/\/www.hashtag.al\/index.php\/2019\/10\/03\/gruaja-e-bilalit-rama-i-pergjigjet-metes\/","title":{"rendered":"\u201cGruaja e Bilalit\u201d, Rama i p\u00ebrgjigjet Met\u00ebs","gt_translate_keys":[{"key":"rendered","format":"text"}]},"content":{"rendered":"<p><img loading=\"lazy\" decoding=\"async\" class=\"aligncenter size-full wp-image-302763\" src=\"https:\/\/hashtag.al\/wp-content\/uploads\/2019\/06\/ilirmetaedirama.jpg\" alt=\"\" width=\"630\" height=\"372\" srcset=\"https:\/\/www.hashtag.al\/wp-content\/uploads\/2019\/06\/ilirmetaedirama.jpg 630w, https:\/\/www.hashtag.al\/wp-content\/uploads\/2019\/06\/ilirmetaedirama-300x177.jpg 300w\" sizes=\"auto, (max-width: 630px) 100vw, 630px\" \/><\/p>\n<p><span style=\"color: #000000;\">N\u00eb intervist\u00ebn e dh\u00ebn\u00eb p\u00ebr \u00a0\u2018Real Story\u2019 n\u00eb \u2018Ne\u00ebs24\u2019 kreu i qeveris\u00eb u pyet se si do t\u2019i p\u00ebrgjigjej cil\u00ebsimit q\u00eb Meta i b\u00ebri atij si \u2018gruaja e Bilalit\u2019.<\/span><\/p>\n<p><span style=\"color: #000000;\">Kryeministri Rama iu p\u00ebrgjigj se ndjente keqardhje p\u00ebr gjuh\u00ebn e shthurur.<\/span><\/p>\n<p><span style=\"color: #000000;\">\u201c<em>S\u2019mendoj ti p\u00ebrgjigjem, pasi ndjej keqardhje p\u00ebr k\u00ebto shprehje dhe t\u00eb tilla akte p\u00ebr gjuh\u00ebn e shthurur. Duhet t\u2019i japim shembull se si p\u00ebrdoret gjuha<\/em>\u201d, tha Rama.<\/span><\/p>\n<p><span style=\"color: #000000;\">Replikat mes Kreut t\u00eb Shtetit dhe kreut t\u00eb ekzekutivit kan\u00eb qen\u00eb t\u00eb shumta koh\u00ebt e fundit p\u00ebr situat\u00ebn antagoniste ku ndodhen t\u00eb dyja pal\u00ebt.<\/span><\/p>\n<p><span style=\"color: #000000;\">Nga nj\u00ebra an\u00eb Presidenti \u00ebsht\u00eb p\u00ebrpjekur q\u00eb t\u00eb b\u00ebj\u00eb nj\u00eb oponenc\u00eb ndaj vendimeve t\u00eb qeveris\u00eb nd\u00ebrsa nga ana tjet\u00ebr mazhoranca ka nisur nj\u00eb hetim parlamentar p\u00ebr shkarkimin e Met\u00ebs.<\/span><\/p>\n<p>&nbsp;<\/p>\n","protected":false,"gt_translate_keys":[{"key":"rendered","format":"html"}]},"excerpt":{"rendered":"<p>N\u00eb intervist\u00ebn e dh\u00ebn\u00eb p\u00ebr \u00a0\u2018Real Story\u2019 n\u00eb \u2018Ne\u00ebs24\u2019 kreu i qeveris\u00eb u pyet se si do t\u2019i p\u00ebrgjigjej cil\u00ebsimit q\u00eb Meta i b\u00ebri atij si \u2018gruaja e Bilalit\u2019. Kryeministri Rama iu p\u00ebrgjigj se ndjente keqardhje p\u00ebr gjuh\u00ebn e shthurur. \u201cS\u2019mendoj ti p\u00ebrgjigjem, pasi ndjej keqardhje p\u00ebr k\u00ebto shprehje dhe t\u00eb tilla akte p\u00ebr gjuh\u00ebn [&hellip;]<\/p>\n","protected":false,"gt_translate_keys":[{"key":"rendered","format":"html"}]},"author":32,"featured_media":302763,"comment_status":"open","ping_status":"open","sticky":false,"template":"","format":"standard","meta":{"footnotes":""},"categories":[65,13],"tags":[],"class_list":["post-325687","post","type-post","status-publish","format-standard","has-post-thumbnail","hentry","category-lajme","category-te-fundit"],"gt_translate_keys":[{"key":"link","format":"url"}],"_links":{"self":[{"href":"https:\/\/www.hashtag.al\/index.php\/wp-json\/wp\/v2\/posts\/325687","targetHints":{"allow":["GET"]}}],"collection":[{"href":"https:\/\/www.hashtag.al\/index.php\/wp-json\/wp\/v2\/posts"}],"about":[{"href":"https:\/\/www.hashtag.al\/index.php\/wp-json\/wp\/v2\/types\/post"}],"author":[{"embeddable":true,"href":"https:\/\/www.hashtag.al\/index.php\/wp-json\/wp\/v2\/users\/32"}],"replies":[{"embeddable":true,"href":"https:\/\/www.hashtag.al\/index.php\/wp-json\/wp\/v2\/comments?post=325687"}],"version-history":[{"count":0,"href":"https:\/\/www.hashtag.al\/index.php\/wp-json\/wp\/v2\/posts\/325687\/revisions"}],"wp:featuredmedia":[{"embeddable":true,"href":"https:\/\/www.hashtag.al\/index.php\/wp-json\/wp\/v2\/media\/302763"}],"wp:attachment":[{"href":"https:\/\/www.hashtag.al\/index.php\/wp-json\/wp\/v2\/media?parent=325687"}],"wp:term":[{"taxonomy":"category","embeddable":true,"href":"https:\/\/www.hashtag.al\/index.php\/wp-json\/wp\/v2\/categories?post=325687"},{"taxonomy":"post_tag","embeddable":true,"href":"https:\/\/www.hashtag.al\/index.php\/wp-json\/wp\/v2\/tags?post=325687"}],"curies":[{"name":"wp","href":"https:\/\/api.w.org\/{rel}","templated":true}]}}