{"id":325448,"date":"2019-10-02T18:44:14","date_gmt":"2019-10-02T16:44:14","guid":{"rendered":"https:\/\/hashtag.al\/?p=325448"},"modified":"2019-10-02T20:35:36","modified_gmt":"2019-10-02T18:35:36","slug":"maksim-malaj-rikthehet-ne-krye-te-prefektures-se-elbasanit","status":"publish","type":"post","link":"https:\/\/www.hashtag.al\/index.php\/2019\/10\/02\/maksim-malaj-rikthehet-ne-krye-te-prefektures-se-elbasanit\/","title":{"rendered":"Maksim Malaj rikthehet n\u00eb krye t\u00eb Prefektur\u00ebs s\u00eb Elbasanit","gt_translate_keys":[{"key":"rendered","format":"text"}]},"content":{"rendered":"<p><img loading=\"lazy\" decoding=\"async\" class=\"aligncenter size-full wp-image-267712\" src=\"https:\/\/hashtag.al\/wp-content\/uploads\/2019\/01\/maksim-malaj-1.jpg\" alt=\"\" width=\"780\" height=\"405\" srcset=\"https:\/\/www.hashtag.al\/wp-content\/uploads\/2019\/01\/maksim-malaj-1.jpg 780w, https:\/\/www.hashtag.al\/wp-content\/uploads\/2019\/01\/maksim-malaj-1-300x156.jpg 300w, https:\/\/www.hashtag.al\/wp-content\/uploads\/2019\/01\/maksim-malaj-1-768x399.jpg 768w\" sizes=\"auto, (max-width: 780px) 100vw, 780px\" \/><\/p>\n<p><span style=\"color: #000000;\">Maksim Malaj, i cili mban postin e K\u00ebshilltarit p\u00ebr \u00e7\u00ebshtjet e siguris\u00eb i Kryeministrit Edi Rama, do t\u00eb rikthehet t\u00eb enjten n\u00eb postin e Prefektit t\u00eb k\u00ebtij Qarku.<\/span><\/p>\n<p><span style=\"color: #000000;\">Gjeneral Major Maksim Malaj prej afro 10 muajsh ishte em\u00ebruar me Vendim t\u00eb K\u00ebshillit t\u00eb Ministrave n\u00eb k\u00ebt\u00eb post, t\u00eb cilin m\u00eb her\u00ebt e mbante ministria i Brendsh\u00ebm, Sand\u00ebr Lleshaj. Por, n\u00eb mbledhjen e sotme, K\u00ebshilli i Ministrave ka vendosur ta rikthej\u00eb Malajn n\u00eb postin e Prefektit.<\/span><\/p>\n<p><span style=\"color: #000000;\">Maksim Malaj ka qen\u00eb Shef i Shtabit t\u00eb P\u00ebrgjithsh\u00ebm t\u00eb Forcave t\u00eb Armatosura, m\u00eb von\u00eb i em\u00ebruar Shef i Qendr\u00ebs Nd\u00ebrinstitucionale Operacionale Detare (QNOD), m\u00eb pas Prefekt i Qarkut Elbasan, gjat\u00eb k\u00ebtij viti mbante pozicionin si K\u00ebshilltar i Kryeministrit Edi Rama p\u00ebr sigurin\u00eb.<\/span><\/p>\n<p><span style=\"color: #000000;\">Malaj pas largimit nga posti i Prefektit t\u00eb Elbasanit u pasua nga Gledian Llatja, i cili n\u00eb fillimver\u00ebn e k\u00ebtij viti u dor\u00ebhoq, pasi kandidoi n\u00eb zgjedhjet e 30 Qershori,t ku u mandatua kryebashkiak i Elbasanit.<\/span><\/p>\n<p><span style=\"color: #000000;\">Q\u00eb prej Qershorit posti i Prefektit t\u00eb Elbasanit mbeti vakant. Mjaft figura t\u00eb njohura u lakuan p\u00ebr k\u00ebt\u00eb post, por tashm\u00eb kryeministri Rama ka vendosur t\u2019ia besoj\u00eb Prefektur\u00ebn e Elbasanit Gjeneral Major Malajt.<\/span><\/p>\n<p><img loading=\"lazy\" decoding=\"async\" class=\"aligncenter size-full wp-image-325449\" src=\"https:\/\/hashtag.al\/wp-content\/uploads\/2019\/10\/keshilltariii.jpg\" alt=\"\" width=\"658\" height=\"265\" srcset=\"https:\/\/www.hashtag.al\/wp-content\/uploads\/2019\/10\/keshilltariii.jpg 658w, https:\/\/www.hashtag.al\/wp-content\/uploads\/2019\/10\/keshilltariii-300x121.jpg 300w\" sizes=\"auto, (max-width: 658px) 100vw, 658px\" \/><\/p>\n","protected":false,"gt_translate_keys":[{"key":"rendered","format":"html"}]},"excerpt":{"rendered":"<p>Maksim Malaj, i cili mban postin e K\u00ebshilltarit p\u00ebr \u00e7\u00ebshtjet e siguris\u00eb i Kryeministrit Edi Rama, do t\u00eb rikthehet t\u00eb enjten n\u00eb postin e Prefektit t\u00eb k\u00ebtij Qarku. Gjeneral Major Maksim Malaj prej afro 10 muajsh ishte em\u00ebruar me Vendim t\u00eb K\u00ebshillit t\u00eb Ministrave n\u00eb k\u00ebt\u00eb post, t\u00eb cilin m\u00eb her\u00ebt e mbante ministria i [&hellip;]<\/p>\n","protected":false,"gt_translate_keys":[{"key":"rendered","format":"html"}]},"author":32,"featured_media":265922,"comment_status":"open","ping_status":"open","sticky":false,"template":"","format":"standard","meta":{"footnotes":""},"categories":[65,13],"tags":[],"class_list":["post-325448","post","type-post","status-publish","format-standard","has-post-thumbnail","hentry","category-lajme","category-te-fundit"],"gt_translate_keys":[{"key":"link","format":"url"}],"_links":{"self":[{"href":"https:\/\/www.hashtag.al\/index.php\/wp-json\/wp\/v2\/posts\/325448","targetHints":{"allow":["GET"]}}],"collection":[{"href":"https:\/\/www.hashtag.al\/index.php\/wp-json\/wp\/v2\/posts"}],"about":[{"href":"https:\/\/www.hashtag.al\/index.php\/wp-json\/wp\/v2\/types\/post"}],"author":[{"embeddable":true,"href":"https:\/\/www.hashtag.al\/index.php\/wp-json\/wp\/v2\/users\/32"}],"replies":[{"embeddable":true,"href":"https:\/\/www.hashtag.al\/index.php\/wp-json\/wp\/v2\/comments?post=325448"}],"version-history":[{"count":0,"href":"https:\/\/www.hashtag.al\/index.php\/wp-json\/wp\/v2\/posts\/325448\/revisions"}],"wp:featuredmedia":[{"embeddable":true,"href":"https:\/\/www.hashtag.al\/index.php\/wp-json\/wp\/v2\/media\/265922"}],"wp:attachment":[{"href":"https:\/\/www.hashtag.al\/index.php\/wp-json\/wp\/v2\/media?parent=325448"}],"wp:term":[{"taxonomy":"category","embeddable":true,"href":"https:\/\/www.hashtag.al\/index.php\/wp-json\/wp\/v2\/categories?post=325448"},{"taxonomy":"post_tag","embeddable":true,"href":"https:\/\/www.hashtag.al\/index.php\/wp-json\/wp\/v2\/tags?post=325448"}],"curies":[{"name":"wp","href":"https:\/\/api.w.org\/{rel}","templated":true}]}}