{"id":325387,"date":"2019-10-02T14:08:13","date_gmt":"2019-10-02T12:08:13","guid":{"rendered":"https:\/\/hashtag.al\/?p=325387"},"modified":"2019-10-02T14:08:13","modified_gmt":"2019-10-02T12:08:13","slug":"rama-ne-konference-tregon-masat-e-marra-per-te-prekurit-nga-termeti","status":"publish","type":"post","link":"https:\/\/www.hashtag.al\/index.php\/2019\/10\/02\/rama-ne-konference-tregon-masat-e-marra-per-te-prekurit-nga-termeti\/","title":{"rendered":"Rama n\u00eb konferenc\u00eb, tregon masat e marra p\u00ebr t\u00eb prekurit nga t\u00ebrmeti","gt_translate_keys":[{"key":"rendered","format":"text"}]},"content":{"rendered":"<p><img loading=\"lazy\" decoding=\"async\" class=\"aligncenter size-full wp-image-325388\" src=\"https:\/\/hashtag.al\/wp-content\/uploads\/2019\/10\/ramatermeti.jpg\" alt=\"\" width=\"1098\" height=\"621\" srcset=\"https:\/\/www.hashtag.al\/wp-content\/uploads\/2019\/10\/ramatermeti.jpg 1098w, https:\/\/www.hashtag.al\/wp-content\/uploads\/2019\/10\/ramatermeti-300x170.jpg 300w, https:\/\/www.hashtag.al\/wp-content\/uploads\/2019\/10\/ramatermeti-768x434.jpg 768w, https:\/\/www.hashtag.al\/wp-content\/uploads\/2019\/10\/ramatermeti-1024x579.jpg 1024w\" sizes=\"auto, (max-width: 1098px) 100vw, 1098px\" \/><\/p>\n<p><span style=\"color: #000000;\">Kryeministri Rama ka treguar masat e marra nga qeveria p\u00ebr familjet e prekura nga t\u00ebrmeti i para dy jav\u00ebve q\u00eb goditi vendin, me d\u00ebmet m\u00eb t\u00eb shumta n\u00eb Durr\u00ebs e Tiran\u00eb. <\/span><\/p>\n<p><span style=\"color: #000000;\">N\u00eb fjal\u00ebn e tij, kreu i qeveris\u00eb tha se familjet e goditura nga t\u00ebrmeti do b\u00ebhet p\u00ebrjashtimi i taks\u00ebs n\u00eb infrastruktur\u00eb p\u00ebr investimin q\u00eb do b\u00ebjn\u00eb p\u00ebr banesat. <\/span><\/p>\n<p><span style=\"color: #000000;\">Ai tha se po shihet mund\u00ebsia p\u00ebr p\u00ebrdorimin e fondit rezerv\u00eb p\u00ebr p\u00ebrballimin e situat\u00ebs s\u00eb krijuar nga t\u00ebrmeti. Rama shtoi gjithashtu se ka urdh\u00ebruar inspektim y\u00eb ashensor\u00ebve t\u00eb pallateve, n\u00ebse jan\u00eb d\u00ebmtuar apo jo nga t\u00ebrmeti. <\/span><\/p>\n<p><span style=\"color: #000000;\">Kreu i qeveris\u00eb shtoi m\u00eb tej se p\u00ebr familjet e prekura nga t\u00ebrmeti e q\u00eb jan\u00eb n\u00eb kushte pabanueshm\u00ebrie do b\u00ebhet zerimi i tarifave t\u00eb ujit dhe energjis\u00eb elektrike deri n\u00eb rikthimin\u00a0 e tyre n\u00eb banes\u00eb.<\/span><\/p>\n","protected":false,"gt_translate_keys":[{"key":"rendered","format":"html"}]},"excerpt":{"rendered":"<p>Kryeministri Rama ka treguar masat e marra nga qeveria p\u00ebr familjet e prekura nga t\u00ebrmeti i para dy jav\u00ebve q\u00eb goditi vendin, me d\u00ebmet m\u00eb t\u00eb shumta n\u00eb Durr\u00ebs e Tiran\u00eb. N\u00eb fjal\u00ebn e tij, kreu i qeveris\u00eb tha se familjet e goditura nga t\u00ebrmeti do b\u00ebhet p\u00ebrjashtimi i taks\u00ebs n\u00eb infrastruktur\u00eb p\u00ebr investimin q\u00eb [&hellip;]<\/p>\n","protected":false,"gt_translate_keys":[{"key":"rendered","format":"html"}]},"author":51,"featured_media":325388,"comment_status":"open","ping_status":"open","sticky":false,"template":"","format":"standard","meta":{"footnotes":""},"categories":[65,13],"tags":[],"class_list":["post-325387","post","type-post","status-publish","format-standard","has-post-thumbnail","hentry","category-lajme","category-te-fundit"],"gt_translate_keys":[{"key":"link","format":"url"}],"_links":{"self":[{"href":"https:\/\/www.hashtag.al\/index.php\/wp-json\/wp\/v2\/posts\/325387","targetHints":{"allow":["GET"]}}],"collection":[{"href":"https:\/\/www.hashtag.al\/index.php\/wp-json\/wp\/v2\/posts"}],"about":[{"href":"https:\/\/www.hashtag.al\/index.php\/wp-json\/wp\/v2\/types\/post"}],"author":[{"embeddable":true,"href":"https:\/\/www.hashtag.al\/index.php\/wp-json\/wp\/v2\/users\/51"}],"replies":[{"embeddable":true,"href":"https:\/\/www.hashtag.al\/index.php\/wp-json\/wp\/v2\/comments?post=325387"}],"version-history":[{"count":0,"href":"https:\/\/www.hashtag.al\/index.php\/wp-json\/wp\/v2\/posts\/325387\/revisions"}],"wp:featuredmedia":[{"embeddable":true,"href":"https:\/\/www.hashtag.al\/index.php\/wp-json\/wp\/v2\/media\/325388"}],"wp:attachment":[{"href":"https:\/\/www.hashtag.al\/index.php\/wp-json\/wp\/v2\/media?parent=325387"}],"wp:term":[{"taxonomy":"category","embeddable":true,"href":"https:\/\/www.hashtag.al\/index.php\/wp-json\/wp\/v2\/categories?post=325387"},{"taxonomy":"post_tag","embeddable":true,"href":"https:\/\/www.hashtag.al\/index.php\/wp-json\/wp\/v2\/tags?post=325387"}],"curies":[{"name":"wp","href":"https:\/\/api.w.org\/{rel}","templated":true}]}}