{"id":324970,"date":"2019-09-30T16:31:22","date_gmt":"2019-09-30T14:31:22","guid":{"rendered":"https:\/\/hashtag.al\/?p=324970"},"modified":"2019-09-30T17:29:30","modified_gmt":"2019-09-30T15:29:30","slug":"sebastian-kurz-fiton-zgjedhjet-ne-austri-si-i-forcoi-pozitat-e-tij-video-skandali-i-aleatit","status":"publish","type":"post","link":"https:\/\/www.hashtag.al\/index.php\/2019\/09\/30\/sebastian-kurz-fiton-zgjedhjet-ne-austri-si-i-forcoi-pozitat-e-tij-video-skandali-i-aleatit\/","title":{"rendered":"Kurz fiton zgjedhjet n\u00eb Austri, si i forcoi pozitat e tij video-skandali i aleatit","gt_translate_keys":[{"key":"rendered","format":"text"}]},"content":{"rendered":"<p><img loading=\"lazy\" decoding=\"async\" class=\"aligncenter size-full wp-image-324971\" src=\"https:\/\/hashtag.al\/wp-content\/uploads\/2019\/09\/Kurzsebastian.gif\" alt=\"\" width=\"2000\" height=\"1343\" \/><\/p>\n<p><span style=\"color: #000000;\">Ish-kancelari austriak, Sebastian Kurz, arriti t\u00eb fitoj\u00eb bindsh\u00ebm zgjedhjet e parakohshme n\u00eb vend, muaj pas video-skandalit q\u00eb i dha fund koalicionit t\u00eb tij me partin\u00eb e ekstremit t\u00eb djatht\u00eb, Partia e Liris\u00eb.<\/span><\/p>\n<p><span style=\"color: #000000;\">Kur votat jan\u00eb num\u00ebruar thuajse t\u00eb gjitha, konservator\u00ebt austriak\u00eb e drejtuar prej tij, Partia e Popullit, ka marr\u00eb 37% t\u00eb votave, krahasuar me 31% t\u00eb zgjedhjeve t\u00eb fundit. <\/span><\/p>\n<p><span style=\"color: #000000;\">Nd\u00ebrsa ish-aleatja e tij, Partia e Liris\u00eb, ka p\u00ebsuar nj\u00eb r\u00ebnie t\u00eb madhe duke marr\u00eb vet\u00ebm 16% t\u00eb votave e duket se publikimi i videos ku shfaqej ish-z\u00ebvend\u00ebs kancelari e ish-kreu i Partis\u00eb s\u00eb Liris\u00eb, Strache, e ka d\u00ebmtuar shum\u00eb forc\u00ebn politike q\u00eb drejton.<\/span><\/p>\n<p><span style=\"color: #000000;\">N\u00eb video, shfaqet Strache, i cili i premton nj\u00eb kontrat\u00eb qeveritare nj\u00eb femre, e cila n\u00eb video shtiret si mbesa e nj\u00eb oligarku rus n\u00eb nj\u00eb bashk\u00ebbisedim q\u00eb ndodh n\u00eb nj\u00eb vil\u00eb n\u00eb ishull turistik spanjoll, Ibiza.<\/span><\/p>\n<p><span style=\"color: #000000;\">Pas publikimit t\u00eb videos, Strache u dor\u00ebhoq nga partia dhe si zv.kancelar duke b\u00ebr\u00eb q\u00eb Kurz t\u00eb prishte koalicionin e t\u00eb k\u00ebrkonte zgjedhje t\u00eb parakohshme. <\/span><\/p>\n<p><span style=\"color: #000000;\">Ai akuzoi sh\u00ebrbimet e huaja se kishin dor\u00eb n\u00eb video-skandal nd\u00ebrsa i mohoi akuzat duke th\u00ebn\u00eb se jo t\u00eb gjithapamjet ishin shfaqur. <\/span><\/p>\n<p><span style=\"color: #000000;\">Video-skandali u publikua nga media gjermane \u201cDer Spiegel\u201d dhe pas daljes pati shum\u00eb q\u00eb e lidh\u00ebn k\u00ebt\u00eb me nd\u00ebrhyrjen e qeveris\u00eb gjermane, q\u00eb po p\u00ebrpiqej t\u00eb luftonte spektrin e ekstremit t\u00eb djatht\u00eb, n\u00eb fuqizim e sip\u00ebr n\u00eb kontinent.<\/span><\/p>\n<p><span style=\"color: #000000;\">Pavar\u00ebsisht fitores mbr\u00ebmjen e djeshme, Kurz nuk e ka shumic\u00ebn e duhur p\u00ebr t\u00eb formuar qeverin\u00eb dhe duhet t\u00eb p\u00ebrzgjedh\u00eb nj\u00eb aleat p\u00ebr koalicion. <\/span><\/p>\n<p><span style=\"color: #000000;\">Sipas mediave austriake, Kurz mund t\u00eb rinovoj\u00eb koalicionin me Partin\u00eb e Liris\u00eb por sipas t\u00eb gjitha gjasave do zgjedh\u00eb si partner\u00eb, T\u00eb Gjelbrit dhe Partin\u00eb Neos.<\/span><\/p>\n<p><span style=\"color: #000000;\"><strong>Kush \u00ebsht\u00eb Sebastian Kurz<\/strong><\/span><\/p>\n<p><span style=\"color: #000000;\">Djali i nj\u00eb sekretareje dhe nj\u00eb m\u00ebsuesi, ai u b\u00eb aktiv n\u00eb Partin\u00eb Popullore n\u00eb mosh\u00ebn 16 vje\u00e7. Si student i drejt\u00ebsis\u00eb n\u00eb Vjen\u00eb, ai u zgjodh kryetar i forumit rinor t\u00eb partis\u00eb. <\/span><\/p>\n<p><span style=\"color: #000000;\">Kurz i la studimet n\u00eb vitin 2011 p\u00ebr t\u2019u b\u00ebr\u00eb Minist\u00ebr i ri i Brendsh\u00ebm, duke u ngritur n\u00eb ministrin e Jasht\u00ebm n\u00eb 2013, n\u00eb mosh\u00ebn 27 vje\u00e7.<\/span><\/p>\n<p><span style=\"color: #000000;\">Dy vjet m\u00eb von\u00eb ai paraqiti nj\u00eb plan p\u00ebr t\u00eb p\u00ebrmir\u00ebsuar integrimin e emigrant\u00ebve. Megjithat\u00eb, ai vler\u00ebsoi lart kryeministrin populist t\u00eb Hungaris\u00eb, Viktor Orban dhe pretendoi kredi p\u00ebr mbylljen e rrug\u00ebs s\u00eb migrant\u00ebve n\u00eb Ballkan n\u00eb vitin 2016.<\/span><\/p>\n<p><span style=\"color: #000000;\">Kryetar i zgjedhur n\u00eb maj 2017, ai rikonfirmoi partin\u00eb dhe u zgjodh kancelar nga dhjetori 2017 deri n\u00eb maj 2019, kur skandali i Ibizaz rr\u00ebzoi koalicionin.<\/span><\/p>\n","protected":false,"gt_translate_keys":[{"key":"rendered","format":"html"}]},"excerpt":{"rendered":"<p>Ish-kancelari austriak, Sebastian Kurz, arriti t\u00eb fitoj\u00eb bindsh\u00ebm zgjedhjet e parakohshme n\u00eb vend, muaj pas video-skandalit q\u00eb i dha fund koalicionit t\u00eb tij me partin\u00eb e ekstremit t\u00eb djatht\u00eb, Partia e Liris\u00eb. Kur votat jan\u00eb num\u00ebruar thuajse t\u00eb gjitha, konservator\u00ebt austriak\u00eb e drejtuar prej tij, Partia e Popullit, ka marr\u00eb 37% t\u00eb votave, krahasuar me [&hellip;]<\/p>\n","protected":false,"gt_translate_keys":[{"key":"rendered","format":"html"}]},"author":51,"featured_media":324971,"comment_status":"open","ping_status":"open","sticky":false,"template":"","format":"standard","meta":{"footnotes":""},"categories":[22,6],"tags":[],"class_list":["post-324970","post","type-post","status-publish","format-standard","has-post-thumbnail","hentry","category-ballina","category-nderkombetare"],"gt_translate_keys":[{"key":"link","format":"url"}],"_links":{"self":[{"href":"https:\/\/www.hashtag.al\/index.php\/wp-json\/wp\/v2\/posts\/324970","targetHints":{"allow":["GET"]}}],"collection":[{"href":"https:\/\/www.hashtag.al\/index.php\/wp-json\/wp\/v2\/posts"}],"about":[{"href":"https:\/\/www.hashtag.al\/index.php\/wp-json\/wp\/v2\/types\/post"}],"author":[{"embeddable":true,"href":"https:\/\/www.hashtag.al\/index.php\/wp-json\/wp\/v2\/users\/51"}],"replies":[{"embeddable":true,"href":"https:\/\/www.hashtag.al\/index.php\/wp-json\/wp\/v2\/comments?post=324970"}],"version-history":[{"count":0,"href":"https:\/\/www.hashtag.al\/index.php\/wp-json\/wp\/v2\/posts\/324970\/revisions"}],"wp:featuredmedia":[{"embeddable":true,"href":"https:\/\/www.hashtag.al\/index.php\/wp-json\/wp\/v2\/media\/324971"}],"wp:attachment":[{"href":"https:\/\/www.hashtag.al\/index.php\/wp-json\/wp\/v2\/media?parent=324970"}],"wp:term":[{"taxonomy":"category","embeddable":true,"href":"https:\/\/www.hashtag.al\/index.php\/wp-json\/wp\/v2\/categories?post=324970"},{"taxonomy":"post_tag","embeddable":true,"href":"https:\/\/www.hashtag.al\/index.php\/wp-json\/wp\/v2\/tags?post=324970"}],"curies":[{"name":"wp","href":"https:\/\/api.w.org\/{rel}","templated":true}]}}