{"id":324747,"date":"2019-09-29T18:45:50","date_gmt":"2019-09-29T16:45:50","guid":{"rendered":"https:\/\/hashtag.al\/?p=324747"},"modified":"2019-09-29T18:45:50","modified_gmt":"2019-09-29T16:45:50","slug":"trump-nje-shoqeri-e-lire-smund-ti-lejoje-gjigantet-e-mediave-sociale-te-mbyllin-fjalen-e-lire","status":"publish","type":"post","link":"https:\/\/www.hashtag.al\/index.php\/2019\/09\/29\/trump-nje-shoqeri-e-lire-smund-ti-lejoje-gjigantet-e-mediave-sociale-te-mbyllin-fjalen-e-lire\/","title":{"rendered":"Trump: Nj\u00eb shoq\u00ebri e lir\u00eb, s&#8217;mund t&#8217;i lejoj\u00eb gjigant\u00ebt e mediave sociale t\u00eb mbyllin fjal\u00ebn e lir\u00eb","gt_translate_keys":[{"key":"rendered","format":"text"}]},"content":{"rendered":"<p><img loading=\"lazy\" decoding=\"async\" class=\"aligncenter size-full wp-image-324748\" src=\"https:\/\/hashtag.al\/wp-content\/uploads\/2019\/09\/Trumpkombetebashkuara.jpg\" alt=\"\" width=\"1200\" height=\"812\" srcset=\"https:\/\/www.hashtag.al\/wp-content\/uploads\/2019\/09\/Trumpkombetebashkuara.jpg 1200w, https:\/\/www.hashtag.al\/wp-content\/uploads\/2019\/09\/Trumpkombetebashkuara-300x203.jpg 300w, https:\/\/www.hashtag.al\/wp-content\/uploads\/2019\/09\/Trumpkombetebashkuara-768x520.jpg 768w, https:\/\/www.hashtag.al\/wp-content\/uploads\/2019\/09\/Trumpkombetebashkuara-1024x693.jpg 1024w\" sizes=\"auto, (max-width: 1200px) 100vw, 1200px\" \/><\/p>\n<p><span style=\"color: #000000;\">Presidenti amerikan Trump p\u00ebrdori nj\u00eb pjes\u00eb t\u00eb fjalimit t\u00eb tij para Kombeve t\u00eb Bashkuara, p\u00ebr t\u00eb paralajm\u00ebruar grumbullimin n\u00eb rritje t\u00eb pushtetit nga kompanit\u00eb e m\u00ebdha t\u00eb teknologjis\u00eb.<\/span><\/p>\n<p><span style=\"color: #000000;\">N\u00eb nj\u00ebr\u00ebn prej deklaratave m\u00eb t\u00eb forta t\u00eb presidentit p\u00ebr paragjykimet e mediave sociale, Trump argumentoi se censura e mediave sociale \u00ebsht\u00eb e papajtueshme me nj\u00eb shoq\u00ebri t\u00eb lir\u00eb. Ai gjithashtu t\u00ebrhoqi v\u00ebmendjen p\u00ebr trendin n\u00eb rritje t\u00eb censur\u00ebs, \u2018anulimin\u2019 dhe futjen n\u00eb list\u00ebn e zez\u00eb.<\/span><\/p>\n<p><span style=\"color: #000000;\"><em>&#8220;Ne duhet t\u00eb jemi gjithmon\u00eb skeptik\u00eb ndaj atyre q\u00eb duan konformitet dhe kontroll. Edhe n\u00eb vendet e lira, ne shohim shenja alarmante dhe sfida t\u00eb reja p\u00ebr lirin\u00eb. Nj\u00eb num\u00ebr i vog\u00ebl i platformave t\u00eb mediave sociale po fitojn\u00eb fuqi t\u00eb jasht\u00ebzakonshme, mbi at\u00eb q\u00eb ne mund t\u00eb shohim dhe mbi at\u00eb q\u00eb na lejohet t\u00eb themi,&#8221;<\/em> tha Trump.<\/span><\/p>\n<p><span style=\"color: #000000;\"><em>\u201cNj\u00eb klas\u00eb e p\u00ebrhershme politike \u00ebsht\u00eb haptazi posht\u00ebruese, kund\u00ebrshtuese dhe mosp\u00ebrfill\u00ebse ndaj vullnetit t\u00eb popullit. Nj\u00eb burokraci e pa fytyr\u00eb vepron n\u00eb fsheht\u00ebsi dhe dob\u00ebson sundimin demokratik. Media dhe institucionet akademike b\u00ebjn\u00eb sulme t\u00eb t\u00ebrthorta mbi historit\u00eb, traditat dhe vlerat tona. N\u00eb Shtetet e Bashkuara, administrata ime ua ka b\u00ebr\u00eb t\u00eb qart\u00eb kompanive t\u00eb mediave sociale se ne do t\u00eb mb\u00ebshtesim t\u00eb drejt\u00ebn e fjal\u00ebs s\u00eb lir\u00eb.&#8221;<\/em> &#8211; vijoi Trump fjal\u00ebn e tij.<\/span><\/p>\n<p><span style=\"color: #000000;\">Kreu i Sht\u00ebpis\u00eb s\u00eb Bardh\u00eb theksoi se nj\u00eb shoq\u00ebri e lir\u00eb nuk mund t\u00eb lejoj\u00eb q\u00eb gjigant\u00ebt e mediave sociale t\u00eb heshtin fjal\u00ebn e lir\u00eb.<\/span><\/p>\n<p><span style=\"color: #000000;\"><em>\u201cNj\u00eb shoq\u00ebri e lir\u00eb nuk mund t\u00eb lejoj\u00eb q\u00eb gjigant\u00ebt e mediave sociale t\u00eb heshtin z\u00ebrat e njer\u00ebzve.\u201d<\/em> &#8211; tha m\u00eb tej ai.<\/span><\/p>\n<p><span style=\"color: #000000;\">Deklaratat e Trump e vendosin at\u00eb n\u00eb kund\u00ebrshtim me lider\u00ebt politik\u00eb globalist\u00eb, t\u00eb cil\u00ebt duan q\u00eb platformat e mediave sociale t\u00eb p\u00ebrfshihen dhe t\u00eb b\u00ebjn\u00eb m\u00eb shum\u00eb censur\u00eb, ndryshe nga sa thot\u00eb presidenti amerikan.<\/span><\/p>\n<p><span style=\"color: #000000;\">N\u00eb nj\u00eb samit t\u00eb quajtur &#8220;Thirrja p\u00ebr veprim p\u00ebr Christchurch&#8221; n\u00eb fillim t\u00eb k\u00ebtij viti, udh\u00ebheq\u00ebsit e Franc\u00ebs, Gjermanis\u00eb, Britanis\u00eb dhe Zeland\u00ebs s\u00eb Re k\u00ebrkuan q\u00eb platformat e mediave sociale t\u00eb kapnin &#8220;ekstremizmin e dhunsh\u00ebm&#8221;.<\/span><\/p>\n<p><span style=\"color: #000000;\">Sht\u00ebpia e Bardh\u00eb e presidentit Trump refuzoi publikisht t\u00eb n\u00ebnshkruaj\u00eb thirrjen p\u00ebr veprim.<\/span><\/p>\n<p><span style=\"color: #000000;\">Censura dhe diskriminimi n\u00eb baz\u00eb t\u00eb k\u00ebndv\u00ebshtrimit politik jan\u00eb b\u00ebr\u00eb t\u00eb p\u00ebrhapura n\u00eb platformat e teknologjis\u00eb. <\/span><\/p>\n<p><span style=\"color: #000000;\">Si\u00e7 zbuloi \u201cBreitbart News\u201d n\u00eb fillim t\u00eb k\u00ebtij viti, \u201cFacebook\u201d mban nj\u00eb list\u00eb t\u00eb figurave politike dhe komentuesve q\u00eb i konsideron &#8220;agjent\u00eb t\u00eb mundsh\u00ebm t\u00eb urrejtjes&#8221;. <\/span><\/p>\n<p><span style=\"color: #000000;\">\u201cYouTube\u201d, q\u00eb \u00ebsht\u00eb n\u00eb pron\u00ebsi t\u00eb \u201cGoogle\u201d ka riorganizuar q\u00ebllimisht rezultatet e k\u00ebrkimit n\u00eb p\u00ebrgjigje t\u00eb ankesave ideologjike nga gazetar\u00ebt e krahut t\u00eb majt\u00eb.<\/span><\/p>\n","protected":false,"gt_translate_keys":[{"key":"rendered","format":"html"}]},"excerpt":{"rendered":"<p>Presidenti amerikan Trump p\u00ebrdori nj\u00eb pjes\u00eb t\u00eb fjalimit t\u00eb tij para Kombeve t\u00eb Bashkuara, p\u00ebr t\u00eb paralajm\u00ebruar grumbullimin n\u00eb rritje t\u00eb pushtetit nga kompanit\u00eb e m\u00ebdha t\u00eb teknologjis\u00eb. N\u00eb nj\u00ebr\u00ebn prej deklaratave m\u00eb t\u00eb forta t\u00eb presidentit p\u00ebr paragjykimet e mediave sociale, Trump argumentoi se censura e mediave sociale \u00ebsht\u00eb e papajtueshme me nj\u00eb shoq\u00ebri [&hellip;]<\/p>\n","protected":false,"gt_translate_keys":[{"key":"rendered","format":"html"}]},"author":51,"featured_media":324748,"comment_status":"open","ping_status":"open","sticky":false,"template":"","format":"standard","meta":{"footnotes":""},"categories":[6],"tags":[],"class_list":["post-324747","post","type-post","status-publish","format-standard","has-post-thumbnail","hentry","category-nderkombetare"],"gt_translate_keys":[{"key":"link","format":"url"}],"_links":{"self":[{"href":"https:\/\/www.hashtag.al\/index.php\/wp-json\/wp\/v2\/posts\/324747","targetHints":{"allow":["GET"]}}],"collection":[{"href":"https:\/\/www.hashtag.al\/index.php\/wp-json\/wp\/v2\/posts"}],"about":[{"href":"https:\/\/www.hashtag.al\/index.php\/wp-json\/wp\/v2\/types\/post"}],"author":[{"embeddable":true,"href":"https:\/\/www.hashtag.al\/index.php\/wp-json\/wp\/v2\/users\/51"}],"replies":[{"embeddable":true,"href":"https:\/\/www.hashtag.al\/index.php\/wp-json\/wp\/v2\/comments?post=324747"}],"version-history":[{"count":0,"href":"https:\/\/www.hashtag.al\/index.php\/wp-json\/wp\/v2\/posts\/324747\/revisions"}],"wp:featuredmedia":[{"embeddable":true,"href":"https:\/\/www.hashtag.al\/index.php\/wp-json\/wp\/v2\/media\/324748"}],"wp:attachment":[{"href":"https:\/\/www.hashtag.al\/index.php\/wp-json\/wp\/v2\/media?parent=324747"}],"wp:term":[{"taxonomy":"category","embeddable":true,"href":"https:\/\/www.hashtag.al\/index.php\/wp-json\/wp\/v2\/categories?post=324747"},{"taxonomy":"post_tag","embeddable":true,"href":"https:\/\/www.hashtag.al\/index.php\/wp-json\/wp\/v2\/tags?post=324747"}],"curies":[{"name":"wp","href":"https:\/\/api.w.org\/{rel}","templated":true}]}}