{"id":324365,"date":"2019-09-27T10:58:32","date_gmt":"2019-09-27T08:58:32","guid":{"rendered":"https:\/\/hashtag.al\/?p=324365"},"modified":"2019-09-27T11:00:23","modified_gmt":"2019-09-27T09:00:23","slug":"veliaj-dhe-klosi-ne-konflikt-bashkia-kerkon-lejet-mjedisore","status":"publish","type":"post","link":"https:\/\/www.hashtag.al\/index.php\/2019\/09\/27\/veliaj-dhe-klosi-ne-konflikt-bashkia-kerkon-lejet-mjedisore\/","title":{"rendered":"Veliaj dhe Klosi n\u00eb konflikt, bashkia k\u00ebrkon lejet mjedisore","gt_translate_keys":[{"key":"rendered","format":"text"}]},"content":{"rendered":"<p><a href=\"https:\/\/hashtag.al\/wp-content\/uploads\/2019\/09\/Klosi-Veliaj.jpg\"><img loading=\"lazy\" decoding=\"async\" class=\"aligncenter size-full wp-image-324366\" src=\"https:\/\/hashtag.al\/wp-content\/uploads\/2019\/09\/Klosi-Veliaj.jpg\" alt=\"\" width=\"3264\" height=\"1632\" srcset=\"https:\/\/www.hashtag.al\/wp-content\/uploads\/2019\/09\/Klosi-Veliaj.jpg 3264w, https:\/\/www.hashtag.al\/wp-content\/uploads\/2019\/09\/Klosi-Veliaj-300x150.jpg 300w, https:\/\/www.hashtag.al\/wp-content\/uploads\/2019\/09\/Klosi-Veliaj-768x384.jpg 768w, https:\/\/www.hashtag.al\/wp-content\/uploads\/2019\/09\/Klosi-Veliaj-1024x512.jpg 1024w\" sizes=\"auto, (max-width: 3264px) 100vw, 3264px\" \/><\/a><\/p>\n<p><span style=\"color: #000000;\">Duket se ka nisur nj\u00eb p\u00ebrplasje n\u00eb distanc\u00eb mes ministrit Blendi Klosit dhe kryebashkiakut t\u00eb Tiran\u00ebs Erion Veliaj.<\/span><\/p>\n<p><span style=\"color: #000000;\">Duke folur p\u00ebr ligjin p\u00ebr lejet mjedisore, n\u00eb aktivitetin p\u00ebr certifikimin e paketave eko-turistike, Klosi tha sot se vlerat e parqeve q\u00eb na ka falur Zoti, m\u00eb t\u00eb ve\u00e7anta se d\u00ebshirat e nj\u00eb kryebashkiaku.<\/span><\/p>\n<p><span style=\"color: #000000;\"><em>\u201cNdryshimi i ligjit ka prishur shum\u00eb interesa, ka ndryshuar shum\u00eb rregulla. \u00cbsht\u00eb e v\u00ebrtet\u00eb se vendosja e rregullit ka shkaktuar shum\u00eb probleme dhe ka prishur interesa. Por \u00ebsht\u00eb e mir\u00eb q\u00eb parqet q\u00eb ka na falur Zoti t\u2019i mbrojm\u00eb. Vlerat e tyre jan\u00eb shum\u00eb m\u00eb t\u00eb ve\u00e7anta se d\u00ebshirat e nj\u00eb kryebashkiaku, sepse duke qen\u00eb e bukur \u00ebsht\u00eb shum\u00eb e lakmueshme. Duhen aktivitete q\u00eb nuk d\u00ebmtojn\u00eb agro-turizmin dhe natyr\u00ebn. Ne vijojm\u00eb te b\u00ebjm\u00eb konkurrenca te brendshme, po nuk duhet t\u2019i b\u00ebjm\u00eb k\u00ebto konkurrenca\u201d,<\/em> tha Klosi.<\/span><\/p>\n<p><span style=\"color: #000000;\">Ndon\u00ebse nuk p\u00ebrmendi em\u00ebr, \u00ebsht\u00eb e qart\u00eb se Klosi e kishte fjal\u00ebn p\u00ebr Erion Veliajn. Kjo sepse dit\u00ebn e djeshme, Veliaj k\u00ebrkoi q\u00eb Inspektoriatet n\u00eb t\u00eb gjith\u00eb vendin t\u00eb shkrihen duke i konsideruar struktura t\u00eb korruptuara. Ai k\u00ebrkoi q\u00eb kompetencat e tyre t&#8217;i kalojn\u00eb bashkive.<\/span><\/p>\n<p><span style=\"color: #000000;\">Veliaj e shigjetoi m\u00eb tej ministrin Klosi duke th\u00ebn\u00eb se s&#8217;mund t\u00eb telefonohet ministri, p\u00ebr nj\u00eb disko q\u00eb b\u00ebn zhurm\u00eb n\u00eb qytetin e Durr\u00ebsit.<\/span><\/p>\n<p><em><span style=\"color: #000000;\">\u201cKolegia ime n\u00eb Durr\u00ebs p\u00ebr nj\u00eb disko q\u00eb b\u00ebn\u00eb zhurm\u00eb duhet t\u00eb marri ministrin. Qeveria nuk ka pse t\u00eb jap\u00eb leje mjedisore p\u00ebr furr\u00ebn e buk\u00ebs n\u00eb katin e par\u00eb se po pra po se ajo furra e buk\u00ebs q\u00eb ka marr\u00eb leje mjedisore i ka futur edhe nj\u00eb t\u00eb prishur kolon\u00ebs s\u00eb pallatit dhe hajde kape ti pastaj kur ai thot\u00eb kam leje mjedisore.<\/span><\/em><\/p>\n<p><em><span style=\"color: #000000;\">Kurse kryetari i bashkis\u00eb q\u00eb rri p\u00ebrdit\u00eb me njer\u00ebzit, q\u00eb ka emrin e vet n\u00eb flet\u00eb t\u00eb votimit, q\u00eb n\u00eb fund t\u00eb dit\u00ebs kova e p\u00ebrgjegj\u00ebsis\u00eb q\u00eb kalon tek ai ose tek ajo ai s\u2019ka ku shkon nuk mund t\u00eb jap\u00eb gj\u00ebra t\u00eb pap\u00ebrgjegjshme.<\/span><\/em><\/p>\n<p><span style=\"color: #000000;\"><em>Dhe un\u00eb jam 100% dakord me kryeministrin k\u00ebto inspektoratet mjedisore jan\u00eb 100% t\u00eb korruptuara q\u00eb duhen shkrir\u00eb, duhen shkrir\u00eb, kurse kryetari i bashkis\u00eb \u00ebsht\u00eb zgjedhur nga populli dhe nes\u00ebr e di q\u00eb do t\u00eb shkoj\u00eb prap\u00eb aty. K\u00ebshtu q\u00eb o do t\u00eb jet\u00eb i p\u00ebrgjegjsh\u00ebm kur jep nj\u00eb leje lavazhi, gomisteri shumica e kateve t\u00eb para n\u00eb Tiran\u00eb jan\u00eb me gomisteri t\u00eb cilat kan\u00eb leje mjedisore\u201d<\/em>,\u00a0tha Veliaj.<\/span><\/p>\n<p><span style=\"color: #000000;\">Madje Veliaj p\u00ebrdori edhe k\u00ebto fjal\u00eb: <em>&#8220;Kush \u00ebsht\u00eb zhvejku q\u00eb nuk do n\u00eb ministri?&#8221;.<\/em><\/span><\/p>\n","protected":false,"gt_translate_keys":[{"key":"rendered","format":"html"}]},"excerpt":{"rendered":"<p>Duket se ka nisur nj\u00eb p\u00ebrplasje n\u00eb distanc\u00eb mes ministrit Blendi Klosit dhe kryebashkiakut t\u00eb Tiran\u00ebs Erion Veliaj. Duke folur p\u00ebr ligjin p\u00ebr lejet mjedisore, n\u00eb aktivitetin p\u00ebr certifikimin e paketave eko-turistike, Klosi tha sot se vlerat e parqeve q\u00eb na ka falur Zoti, m\u00eb t\u00eb ve\u00e7anta se d\u00ebshirat e nj\u00eb kryebashkiaku. \u201cNdryshimi i ligjit [&hellip;]<\/p>\n","protected":false,"gt_translate_keys":[{"key":"rendered","format":"html"}]},"author":30,"featured_media":324366,"comment_status":"open","ping_status":"open","sticky":false,"template":"","format":"standard","meta":{"footnotes":""},"categories":[65,13],"tags":[],"class_list":["post-324365","post","type-post","status-publish","format-standard","has-post-thumbnail","hentry","category-lajme","category-te-fundit"],"gt_translate_keys":[{"key":"link","format":"url"}],"_links":{"self":[{"href":"https:\/\/www.hashtag.al\/index.php\/wp-json\/wp\/v2\/posts\/324365","targetHints":{"allow":["GET"]}}],"collection":[{"href":"https:\/\/www.hashtag.al\/index.php\/wp-json\/wp\/v2\/posts"}],"about":[{"href":"https:\/\/www.hashtag.al\/index.php\/wp-json\/wp\/v2\/types\/post"}],"author":[{"embeddable":true,"href":"https:\/\/www.hashtag.al\/index.php\/wp-json\/wp\/v2\/users\/30"}],"replies":[{"embeddable":true,"href":"https:\/\/www.hashtag.al\/index.php\/wp-json\/wp\/v2\/comments?post=324365"}],"version-history":[{"count":0,"href":"https:\/\/www.hashtag.al\/index.php\/wp-json\/wp\/v2\/posts\/324365\/revisions"}],"wp:featuredmedia":[{"embeddable":true,"href":"https:\/\/www.hashtag.al\/index.php\/wp-json\/wp\/v2\/media\/324366"}],"wp:attachment":[{"href":"https:\/\/www.hashtag.al\/index.php\/wp-json\/wp\/v2\/media?parent=324365"}],"wp:term":[{"taxonomy":"category","embeddable":true,"href":"https:\/\/www.hashtag.al\/index.php\/wp-json\/wp\/v2\/categories?post=324365"},{"taxonomy":"post_tag","embeddable":true,"href":"https:\/\/www.hashtag.al\/index.php\/wp-json\/wp\/v2\/tags?post=324365"}],"curies":[{"name":"wp","href":"https:\/\/api.w.org\/{rel}","templated":true}]}}