{"id":324357,"date":"2019-09-27T10:35:48","date_gmt":"2019-09-27T08:35:48","guid":{"rendered":"https:\/\/hashtag.al\/?p=324357"},"modified":"2019-09-27T15:38:42","modified_gmt":"2019-09-27T13:38:42","slug":"video-ministri-i-jashtem-holandez-jo-shqiperia-nuk-eshte-gati","status":"publish","type":"post","link":"https:\/\/www.hashtag.al\/index.php\/2019\/09\/27\/video-ministri-i-jashtem-holandez-jo-shqiperia-nuk-eshte-gati\/","title":{"rendered":"VIDEO &#8211; Ministri i Jasht\u00ebm holandez: &#8220;JO, Shqip\u00ebria nuk \u00ebsht\u00eb gati&#8221;","gt_translate_keys":[{"key":"rendered","format":"text"}]},"content":{"rendered":"<p><a href=\"https:\/\/hashtag.al\/wp-content\/uploads\/2019\/09\/parlamenti-holandez.jpg\"><img loading=\"lazy\" decoding=\"async\" class=\"aligncenter size-full wp-image-324358\" src=\"https:\/\/hashtag.al\/wp-content\/uploads\/2019\/09\/parlamenti-holandez.jpg\" alt=\"\" width=\"1140\" height=\"570\" srcset=\"https:\/\/www.hashtag.al\/wp-content\/uploads\/2019\/09\/parlamenti-holandez.jpg 1140w, https:\/\/www.hashtag.al\/wp-content\/uploads\/2019\/09\/parlamenti-holandez-300x150.jpg 300w, https:\/\/www.hashtag.al\/wp-content\/uploads\/2019\/09\/parlamenti-holandez-768x384.jpg 768w, https:\/\/www.hashtag.al\/wp-content\/uploads\/2019\/09\/parlamenti-holandez-1024x512.jpg 1024w\" sizes=\"auto, (max-width: 1140px) 100vw, 1140px\" \/><\/a><\/p>\n<p><span style=\"color: #000000;\">Dit\u00ebn e djeshme n\u00eb Bundestag u diskutua mbi fatin e Shqip\u00ebris\u00eb dhe Maqedonis\u00eb s\u00eb Veriut p\u00ebr hapjen e negociatave dhe<\/span><span style=\"color: #000000;\">\u00a0politikan\u00ebt shqiptar\u00eb, e n\u00eb ve\u00e7anti kryeministri Edi Rama, e trajtuan si hapje negociatash por me kushte.<\/span><\/p>\n<p><span style=\"color: #000000;\">Nd\u00ebrkoh\u00eb q\u00eb edhe sikur t\u00eb kishim drit\u00ebn jeshile nga Gjermania p\u00ebr hapje negociatash, nuk ndodh e nj\u00ebjta gj\u00eb me Holand\u00ebn.<\/span><\/p>\n<p><span style=\"color: #000000;\">Po t\u00eb ndjek\u00ebsh deklaratat e b\u00ebra nga deputet\u00ebt dhe ministrat holandez\u00eb jav\u00ebn e kaluar, gjat\u00eb raportimit n\u00eb Komisionin Parlamentar p\u00ebr \u00c7\u00ebshtjet Europiane, del n\u00eb konkluzionin se Holanda \u00ebsht\u00eb kund\u00ebr hapjes s\u00eb negociatave. Por kjo \u00e7udit\u00ebrisht nuk ka fituar shum\u00eb v\u00ebmendje mediatike n\u00eb Shqip\u00ebri.<\/span><\/p>\n<p><span style=\"color: #000000;\">Ministri i Jasht\u00ebm Holandez Stef Blok, tha n\u00eb k\u00ebt\u00eb komision se Tirana nuk i ka realizuar kushtet e v\u00ebna dhe ka b\u00ebr\u00eb hapa pas.<\/span><\/p>\n<p><span style=\"color: #000000;\"><em>&#8220;Un\u00eb besoj se Maqedonia e Veriut dhe Shqip\u00ebria duhet t\u00eb vler\u00ebsohen n\u00eb m\u00ebnyr\u00eb t\u00eb pavarur. Shkalla e p\u00ebrparimit t\u00eb Reformave dhe stabiliteti n\u00eb Maqedonin\u00eb e Veriut \u00ebsht\u00eb qart\u00ebsisht m\u00eb i duksh\u00ebm se n\u00eb Shqip\u00ebri, por ata n\u00eb Shkup duhet t\u00eb nd\u00ebrmarrin edhe hapin e miratimit n\u00eb Parlament t\u00eb ligjit p\u00ebr Prokurorin\u00eb e Pavarur. Kjo \u00ebsht\u00eb nj\u00eb pik\u00eb kushtetuese, kur ta ken\u00eb realizuar at\u00eb, un\u00eb mendoj se hapja e negociatave me Shkupin do t\u00eb b\u00ebhet realitet. Shqip\u00ebria \u00ebsht\u00eb me t\u00eb v\u00ebrtet\u00eb nj\u00eb rast tjet\u00ebr. Ekziston edhe nj\u00eb mocion i miratuar nga Parlamenti yn\u00eb, n\u00eb lidhje me Shqip\u00ebrin\u00eb. Shqip\u00ebria do t\u00eb filloj\u00eb negociatat, sapo t\u00eb zbatoj\u00eb kriteret e p\u00ebrcaktuara nga K\u00ebshilli Europian n\u00eb vitin 2018, ky nuk \u00ebsht\u00eb ende rasti. Her\u00ebn e fundit q\u00eb K\u00ebshilli vendosi zyrtarisht p\u00ebr k\u00ebt\u00eb, m\u00eb shum\u00eb se nj\u00eb vit me par\u00eb, ne Franca dhe Danimarka, kishim k\u00ebt\u00eb pozicion dhe nuk ka indikacione se ka ndryshuar di\u00e7ka q\u00eb nga ajo koh\u00eb.&#8221;<\/em>, tha Blok, sipas <span style=\"color: #0000ff;\"><a style=\"color: #0000ff;\" href=\"https:\/\/www.tweedekamer.nl\/debat_en_vergadering\/commissievergaderingen\/details?id=2019A02079\">raportit <\/a><\/span>t\u00eb zbardhur pas mbledhjes s\u00eb mbajtur m\u00eb 16 shtator.<\/span><\/p>\n<div style=\"width: 398px;\" class=\"wp-video\"><video class=\"wp-video-shortcode\" id=\"video-324357-1\" width=\"398\" height=\"224\" preload=\"metadata\" controls=\"controls\"><source type=\"video\/mp4\" src=\"https:\/\/hashtag.al\/wp-content\/uploads\/2019\/09\/getfvid_72055995_1119663201572537_8069510376791736320_n.mp4?_=1\" \/><a href=\"https:\/\/hashtag.al\/wp-content\/uploads\/2019\/09\/getfvid_72055995_1119663201572537_8069510376791736320_n.mp4\">https:\/\/hashtag.al\/wp-content\/uploads\/2019\/09\/getfvid_72055995_1119663201572537_8069510376791736320_n.mp4<\/a><\/video><\/div>\n<p><span style=\"color: #000000;\">N\u00eb k\u00ebto kushte, ndryshe nga Gjermania, n\u00eb Parlamentin holandez nuk do <\/span><span style=\"color: #000000;\">t\u00eb ket\u00eb nj\u00eb seanc\u00eb plenare p\u00ebr t\u00eb autorizuar qeverin\u00eb p\u00ebr t\u00eb hapur drit\u00ebn jeshile p\u00ebr Shqip\u00ebrin\u00eb.<\/span><\/p>\n<p><span style=\"color: #000000;\">N\u00eb Bundestagun gjerman dje, u diskutua p\u00ebr propozimin e grupit CDU\/CSU p\u00ebr hapjen e negociatave p\u00ebr Shqip\u00ebrin\u00eb, duke vendosur 9 kushte. Propozim i cili u miratua.\u00a0 <\/span><span style=\"color: #000000;\">\/<strong>Hashtag.al<\/strong><\/span><\/p>\n","protected":false,"gt_translate_keys":[{"key":"rendered","format":"html"}]},"excerpt":{"rendered":"<p>Dit\u00ebn e djeshme n\u00eb Bundestag u diskutua mbi fatin e Shqip\u00ebris\u00eb dhe Maqedonis\u00eb s\u00eb Veriut p\u00ebr hapjen e negociatave dhe\u00a0politikan\u00ebt shqiptar\u00eb, e n\u00eb ve\u00e7anti kryeministri Edi Rama, e trajtuan si hapje negociatash por me kushte. Nd\u00ebrkoh\u00eb q\u00eb edhe sikur t\u00eb kishim drit\u00ebn jeshile nga Gjermania p\u00ebr hapje negociatash, nuk ndodh e nj\u00ebjta gj\u00eb me Holand\u00ebn. [&hellip;]<\/p>\n","protected":false,"gt_translate_keys":[{"key":"rendered","format":"html"}]},"author":30,"featured_media":324358,"comment_status":"open","ping_status":"open","sticky":false,"template":"","format":"standard","meta":{"footnotes":""},"categories":[22,65,13],"tags":[],"class_list":["post-324357","post","type-post","status-publish","format-standard","has-post-thumbnail","hentry","category-ballina","category-lajme","category-te-fundit"],"gt_translate_keys":[{"key":"link","format":"url"}],"_links":{"self":[{"href":"https:\/\/www.hashtag.al\/index.php\/wp-json\/wp\/v2\/posts\/324357","targetHints":{"allow":["GET"]}}],"collection":[{"href":"https:\/\/www.hashtag.al\/index.php\/wp-json\/wp\/v2\/posts"}],"about":[{"href":"https:\/\/www.hashtag.al\/index.php\/wp-json\/wp\/v2\/types\/post"}],"author":[{"embeddable":true,"href":"https:\/\/www.hashtag.al\/index.php\/wp-json\/wp\/v2\/users\/30"}],"replies":[{"embeddable":true,"href":"https:\/\/www.hashtag.al\/index.php\/wp-json\/wp\/v2\/comments?post=324357"}],"version-history":[{"count":0,"href":"https:\/\/www.hashtag.al\/index.php\/wp-json\/wp\/v2\/posts\/324357\/revisions"}],"wp:featuredmedia":[{"embeddable":true,"href":"https:\/\/www.hashtag.al\/index.php\/wp-json\/wp\/v2\/media\/324358"}],"wp:attachment":[{"href":"https:\/\/www.hashtag.al\/index.php\/wp-json\/wp\/v2\/media?parent=324357"}],"wp:term":[{"taxonomy":"category","embeddable":true,"href":"https:\/\/www.hashtag.al\/index.php\/wp-json\/wp\/v2\/categories?post=324357"},{"taxonomy":"post_tag","embeddable":true,"href":"https:\/\/www.hashtag.al\/index.php\/wp-json\/wp\/v2\/tags?post=324357"}],"curies":[{"name":"wp","href":"https:\/\/api.w.org\/{rel}","templated":true}]}}