{"id":324187,"date":"2019-09-26T11:55:03","date_gmt":"2019-09-26T09:55:03","guid":{"rendered":"https:\/\/hashtag.al\/?p=324187"},"modified":"2019-09-26T11:55:03","modified_gmt":"2019-09-26T09:55:03","slug":"meta-takon-dy-qytetaret-qe-rrezikuan-jeten-dhe-neutralizuan-te-armatosurin-ne-kavaje","status":"publish","type":"post","link":"https:\/\/www.hashtag.al\/index.php\/2019\/09\/26\/meta-takon-dy-qytetaret-qe-rrezikuan-jeten-dhe-neutralizuan-te-armatosurin-ne-kavaje\/","title":{"rendered":"Meta takon dy qytetar\u00ebt q\u00eb rrezikuan jet\u00ebn dhe neutralizuan t\u00eb armatosurin n\u00eb Kavaj\u00eb","gt_translate_keys":[{"key":"rendered","format":"text"}]},"content":{"rendered":"<p><a href=\"https:\/\/hashtag.al\/wp-content\/uploads\/2019\/09\/meta-1.jpg\"><img loading=\"lazy\" decoding=\"async\" class=\"aligncenter size-full wp-image-324188\" src=\"https:\/\/hashtag.al\/wp-content\/uploads\/2019\/09\/meta-1.jpg\" alt=\"\" width=\"780\" height=\"405\" srcset=\"https:\/\/www.hashtag.al\/wp-content\/uploads\/2019\/09\/meta-1.jpg 780w, https:\/\/www.hashtag.al\/wp-content\/uploads\/2019\/09\/meta-1-300x156.jpg 300w, https:\/\/www.hashtag.al\/wp-content\/uploads\/2019\/09\/meta-1-768x399.jpg 768w\" sizes=\"auto, (max-width: 780px) 100vw, 780px\" \/><\/a><\/p>\n<p><span style=\"color: #000000;\">Ymer Xhafa dhe Barjam Shala rrezikuan jet\u00ebn e tyre kur tentuan t\u00eb neutralizojn\u00eb autorin e nj\u00eb plagosjeje me arm\u00eb n\u00eb Kavaj\u00eb. Pes\u00eb dit\u00eb pas ngjarjes, presidenti i vendit Ilir Meta i ka pritur dy &#8220;heronjt\u00eb&#8221; n\u00eb nj\u00eb takim n\u00eb zyr\u00ebn e tij.<\/span><\/p>\n<p><span style=\"color: #000000;\">Meta tha se shembuj t\u00eb till\u00eb duhet t\u00eb jen\u00eb ata q\u00eb frym\u00ebzojn\u00eb shoq\u00ebrin\u00eb ton\u00eb.<\/span><\/p>\n<p><em><span style=\"color: #000000;\">&#8220;K\u00ebnaq\u00ebsi e ve\u00e7ant\u00eb t\u00eb takoja sot dy qytetar\u00eb t\u00eb mrekulluesh\u00ebm t\u00eb Kavaj\u00ebs, z.Ymer Xhafa dhe z.Bajram Shala, t\u00eb cil\u00ebt dy dit\u00eb m\u00eb par\u00eb rrezikuan jet\u00ebn e tyre p\u00ebr t\u00eb neutralizuar nj\u00eb shtetas t\u00eb armatosur n\u00eb qend\u00ebr t\u00eb qytetit, i cili plagosi nj\u00eb shtetas tjet\u00ebr, ngjarje q\u00eb mund t\u00eb kthehej n\u00eb nj\u00eb tragjedi t\u00eb madhe.<\/span><\/em><\/p>\n<p><em><span style=\"color: #000000;\">I falenderova p\u00ebrzem\u00ebrsisht p\u00ebr aktin e tyre t\u00eb lart\u00eb qytetar, n\u00eb mbrojtje t\u00eb jet\u00ebs, paqes sociale dhe siguris\u00eb publike.<\/span><\/em><\/p>\n<p><span style=\"color: #000000;\"><em>Shembuj t\u00eb till\u00eb frym\u00ebzues i duhen mbar\u00eb shoq\u00ebris\u00eb ton\u00eb, p\u00ebr t\u00eb q\u00ebndruar larg konflikteve, dhe p\u00ebr t\u00eb reaguar kund\u00ebr dhun\u00ebs, krimit por dhe indiferenc\u00ebs, q\u00eb rrezikon jet\u00ebn, pron\u00ebn e sigurin\u00eb qytetare.&#8221;<\/em>, tha presidenti.<\/span><\/p>\n<p><span style=\"color: #000000;\">Plagosja me arm\u00eb ndodhi m\u00eb 24 shtator. 31-vje\u00e7ari Fitim Babo\u00e7i, i cili u netraulizua nga dy personat e lartp\u00ebrmendur, ka deklaruar para grupit hetimor se mbi 10 vite m\u00eb par\u00eb, gjat\u00eb koh\u00ebs q\u00eb ka qen\u00eb n\u00eb gjimnaz ka pasur nj\u00eb konflikt me djalit e t\u00eb plagosurit, Rexhep Tare. Ai tha se ka koh\u00eb q\u00eb Tare e shan dhe ofendon dhe kur e ka par\u00eb posht\u00eb pallatit ka marr\u00eb arm\u00ebn q\u00eb kishte n\u00eb banes\u00eb p\u00ebr ta plagosur, pa u menduar dy her\u00eb.<\/span><\/p>\n<p><span style=\"color: #000000;\">Imer Xhafa, ka qen\u00eb duke ndenjur n\u00eb vendin e quajtur valuta, \u00a0ka nd\u00ebrhyr\u00eb menj\u00ebher\u00eb, duke e kapur Babo\u00e7in nga mbrapa s\u00eb bashku me arm\u00ebn dhe \u00ebsht\u00eb munduar ta neutralizoj\u00eb duke e zhvendosur rreth 20-30 metra.<\/span><\/p>\n<p><span style=\"color: #000000;\">Pran\u00eb tij \u00ebsht\u00eb afruar dhe Bajram Shala i cili ka hedhur kreh\u00ebrin e automatikut dhe m\u00eb pas automatikun nga duart dhe t\u00eb dy kan\u00eb pritur aty duke e neutralizuar t\u00eb dyshuarin, deri n\u00eb ardhjen e policis\u00eb.<\/span><\/p>\n","protected":false,"gt_translate_keys":[{"key":"rendered","format":"html"}]},"excerpt":{"rendered":"<p>Ymer Xhafa dhe Barjam Shala rrezikuan jet\u00ebn e tyre kur tentuan t\u00eb neutralizojn\u00eb autorin e nj\u00eb plagosjeje me arm\u00eb n\u00eb Kavaj\u00eb. Pes\u00eb dit\u00eb pas ngjarjes, presidenti i vendit Ilir Meta i ka pritur dy &#8220;heronjt\u00eb&#8221; n\u00eb nj\u00eb takim n\u00eb zyr\u00ebn e tij. Meta tha se shembuj t\u00eb till\u00eb duhet t\u00eb jen\u00eb ata q\u00eb frym\u00ebzojn\u00eb shoq\u00ebrin\u00eb [&hellip;]<\/p>\n","protected":false,"gt_translate_keys":[{"key":"rendered","format":"html"}]},"author":30,"featured_media":324188,"comment_status":"open","ping_status":"open","sticky":false,"template":"","format":"standard","meta":{"footnotes":""},"categories":[65,13],"tags":[],"class_list":["post-324187","post","type-post","status-publish","format-standard","has-post-thumbnail","hentry","category-lajme","category-te-fundit"],"gt_translate_keys":[{"key":"link","format":"url"}],"_links":{"self":[{"href":"https:\/\/www.hashtag.al\/index.php\/wp-json\/wp\/v2\/posts\/324187","targetHints":{"allow":["GET"]}}],"collection":[{"href":"https:\/\/www.hashtag.al\/index.php\/wp-json\/wp\/v2\/posts"}],"about":[{"href":"https:\/\/www.hashtag.al\/index.php\/wp-json\/wp\/v2\/types\/post"}],"author":[{"embeddable":true,"href":"https:\/\/www.hashtag.al\/index.php\/wp-json\/wp\/v2\/users\/30"}],"replies":[{"embeddable":true,"href":"https:\/\/www.hashtag.al\/index.php\/wp-json\/wp\/v2\/comments?post=324187"}],"version-history":[{"count":0,"href":"https:\/\/www.hashtag.al\/index.php\/wp-json\/wp\/v2\/posts\/324187\/revisions"}],"wp:featuredmedia":[{"embeddable":true,"href":"https:\/\/www.hashtag.al\/index.php\/wp-json\/wp\/v2\/media\/324188"}],"wp:attachment":[{"href":"https:\/\/www.hashtag.al\/index.php\/wp-json\/wp\/v2\/media?parent=324187"}],"wp:term":[{"taxonomy":"category","embeddable":true,"href":"https:\/\/www.hashtag.al\/index.php\/wp-json\/wp\/v2\/categories?post=324187"},{"taxonomy":"post_tag","embeddable":true,"href":"https:\/\/www.hashtag.al\/index.php\/wp-json\/wp\/v2\/tags?post=324187"}],"curies":[{"name":"wp","href":"https:\/\/api.w.org\/{rel}","templated":true}]}}