{"id":323961,"date":"2019-09-25T10:37:35","date_gmt":"2019-09-25T08:37:35","guid":{"rendered":"https:\/\/hashtag.al\/?p=323961"},"modified":"2019-09-25T10:39:09","modified_gmt":"2019-09-25T08:39:09","slug":"gjuzi-e-gjiknuri-zihen-per-hajdarin-pse-foli-kaso-para-saj-sna-e-mbyll-dot-ti-gojen","status":"publish","type":"post","link":"https:\/\/www.hashtag.al\/index.php\/2019\/09\/25\/gjuzi-e-gjiknuri-zihen-per-hajdarin-pse-foli-kaso-para-saj-sna-e-mbyll-dot-ti-gojen\/","title":{"rendered":"Gjuzi e Gjiknuri zihen p\u00ebr Hajdarin: Pse foli Kaso para saj, s&#8217;na e mbyll dot ti goj\u00ebn","gt_translate_keys":[{"key":"rendered","format":"text"}]},"content":{"rendered":"<p><span style=\"color: #000000;\"><a style=\"color: #000000;\" href=\"https:\/\/hashtag.al\/wp-content\/uploads\/2019\/09\/Hajdari-Gjiknuri-gjuzi.jpg\"><img loading=\"lazy\" decoding=\"async\" class=\"aligncenter size-full wp-image-323963\" src=\"https:\/\/hashtag.al\/wp-content\/uploads\/2019\/09\/Hajdari-Gjiknuri-gjuzi.jpg\" alt=\"\" width=\"3264\" height=\"1440\" srcset=\"https:\/\/www.hashtag.al\/wp-content\/uploads\/2019\/09\/Hajdari-Gjiknuri-gjuzi.jpg 3264w, https:\/\/www.hashtag.al\/wp-content\/uploads\/2019\/09\/Hajdari-Gjiknuri-gjuzi-300x132.jpg 300w, https:\/\/www.hashtag.al\/wp-content\/uploads\/2019\/09\/Hajdari-Gjiknuri-gjuzi-768x339.jpg 768w, https:\/\/www.hashtag.al\/wp-content\/uploads\/2019\/09\/Hajdari-Gjiknuri-gjuzi-1024x452.jpg 1024w\" sizes=\"auto, (max-width: 3264px) 100vw, 3264px\" \/><\/a><\/span><\/p>\n<p><span style=\"color: #000000;\">N\u00eb tryez\u00ebn e mbledhur nga OSBE p\u00ebr reform\u00ebn zgjedhore, deputeti i ri n\u00eb Kuvend Kujtim Gjuzi, u fut n\u00eb debate me Damian Gjiknurin. Kjo pse p\u00ebrfaq\u00ebsuesit t\u00eb PD-s\u00eb Ivi Kaso, iu dha fjala para Rudina Hajdarit, e cila \u00ebsht\u00eb bashk\u00ebkryetare e Komisionit t\u00eb Reform\u00ebs Zgjedhore krah Damian Gjiknurit.<\/span><\/p>\n<p><span style=\"color: #000000;\">Gjuzi k\u00ebrkoi q\u00eb t\u00eb ishte Hajdari ajo q\u00eb t\u00eb fliste e para. Por Gjiknuri tha se gjith\u00e7ka ishte dakord\u00ebsuar m\u00eb par\u00eb, p\u00ebrfshi k\u00ebtu edhe konsensusin e Hajdarit p\u00ebr t\u00eb lejuar q\u00eb Kaso t\u00eb marr\u00eb fjal\u00ebn para saj n\u00eb k\u00ebt\u00eb konferenc\u00eb.<\/span><\/p>\n<p><span style=\"color: #000000;\"><strong>DEBATI:<\/strong><\/span><\/p>\n<p><span style=\"color: #000000;\"><strong>Kujtim Gjuzi:<\/strong>\u00a0Zoti Gjiknuri t\u00eb lutem, duhet t\u00eb flas\u00eb Rudina Hajdari para Ivit Kasos<\/span><br \/>\n<span style=\"color: #000000;\"><strong>Damian Gjiknuri:<\/strong> Axhenda \u00ebsht\u00eb dakord\u00ebsuar, nuk mund t\u00eb b\u00ebni avokatin e saj, zoti Gjuzi<\/span><br \/>\n<span style=\"color: #000000;\"><strong>Kujtim Gjuzi:\u00a0<\/strong>Ivi Kaso nuk mund t\u00eb flas\u00eb para Rudina Hajdarit, nuk na e mbyll dot goj\u00ebn<\/span><br \/>\n<span style=\"color: #000000;\"><strong>Damian Gjiknuri:<\/strong>\u00a0Rri si njeri aty&#8230;.mos b\u00ebn avokatin e saj. Un\u00eb e kuptoj se nuk jan\u00eb normale k\u00ebto, por e kuptoj emocionet&#8230;.<\/span><br \/>\n<span style=\"color: #000000;\"><strong>Adriatik Alimadhi:<\/strong>\u00a0I b\u00ebj thirrje Hajdarit dhe Murrizit q\u00eb t\u00eb ikim nga kjo tryez\u00eb\u00a0<\/span><\/p>\n","protected":false,"gt_translate_keys":[{"key":"rendered","format":"html"}]},"excerpt":{"rendered":"<p>N\u00eb tryez\u00ebn e mbledhur nga OSBE p\u00ebr reform\u00ebn zgjedhore, deputeti i ri n\u00eb Kuvend Kujtim Gjuzi, u fut n\u00eb debate me Damian Gjiknurin. Kjo pse p\u00ebrfaq\u00ebsuesit t\u00eb PD-s\u00eb Ivi Kaso, iu dha fjala para Rudina Hajdarit, e cila \u00ebsht\u00eb bashk\u00ebkryetare e Komisionit t\u00eb Reform\u00ebs Zgjedhore krah Damian Gjiknurit. Gjuzi k\u00ebrkoi q\u00eb t\u00eb ishte Hajdari ajo [&hellip;]<\/p>\n","protected":false,"gt_translate_keys":[{"key":"rendered","format":"html"}]},"author":30,"featured_media":323963,"comment_status":"open","ping_status":"open","sticky":false,"template":"","format":"standard","meta":{"footnotes":""},"categories":[65,13],"tags":[],"class_list":["post-323961","post","type-post","status-publish","format-standard","has-post-thumbnail","hentry","category-lajme","category-te-fundit"],"gt_translate_keys":[{"key":"link","format":"url"}],"_links":{"self":[{"href":"https:\/\/www.hashtag.al\/index.php\/wp-json\/wp\/v2\/posts\/323961","targetHints":{"allow":["GET"]}}],"collection":[{"href":"https:\/\/www.hashtag.al\/index.php\/wp-json\/wp\/v2\/posts"}],"about":[{"href":"https:\/\/www.hashtag.al\/index.php\/wp-json\/wp\/v2\/types\/post"}],"author":[{"embeddable":true,"href":"https:\/\/www.hashtag.al\/index.php\/wp-json\/wp\/v2\/users\/30"}],"replies":[{"embeddable":true,"href":"https:\/\/www.hashtag.al\/index.php\/wp-json\/wp\/v2\/comments?post=323961"}],"version-history":[{"count":0,"href":"https:\/\/www.hashtag.al\/index.php\/wp-json\/wp\/v2\/posts\/323961\/revisions"}],"wp:featuredmedia":[{"embeddable":true,"href":"https:\/\/www.hashtag.al\/index.php\/wp-json\/wp\/v2\/media\/323963"}],"wp:attachment":[{"href":"https:\/\/www.hashtag.al\/index.php\/wp-json\/wp\/v2\/media?parent=323961"}],"wp:term":[{"taxonomy":"category","embeddable":true,"href":"https:\/\/www.hashtag.al\/index.php\/wp-json\/wp\/v2\/categories?post=323961"},{"taxonomy":"post_tag","embeddable":true,"href":"https:\/\/www.hashtag.al\/index.php\/wp-json\/wp\/v2\/tags?post=323961"}],"curies":[{"name":"wp","href":"https:\/\/api.w.org\/{rel}","templated":true}]}}