{"id":323957,"date":"2019-09-25T10:27:12","date_gmt":"2019-09-25T08:27:12","guid":{"rendered":"https:\/\/hashtag.al\/?p=323957"},"modified":"2019-09-25T10:28:35","modified_gmt":"2019-09-25T08:28:35","slug":"perfaqesuesit-e-opozites-bejne-kerkesat-dhe-largohen-nga-tryeza-e-osbe-se","status":"publish","type":"post","link":"https:\/\/www.hashtag.al\/index.php\/2019\/09\/25\/perfaqesuesit-e-opozites-bejne-kerkesat-dhe-largohen-nga-tryeza-e-osbe-se\/","title":{"rendered":"P\u00ebrfaq\u00ebsuesit e opozit\u00ebs b\u00ebjn\u00eb k\u00ebrkesat dhe largohen nga tryeza e OSBE-s\u00eb","gt_translate_keys":[{"key":"rendered","format":"text"}]},"content":{"rendered":"<p><a href=\"https:\/\/hashtag.al\/wp-content\/uploads\/2019\/09\/KASO.jpg\"><img loading=\"lazy\" decoding=\"async\" class=\"aligncenter size-full wp-image-323958\" src=\"https:\/\/hashtag.al\/wp-content\/uploads\/2019\/09\/KASO.jpg\" alt=\"\" width=\"780\" height=\"440\" srcset=\"https:\/\/www.hashtag.al\/wp-content\/uploads\/2019\/09\/KASO.jpg 780w, https:\/\/www.hashtag.al\/wp-content\/uploads\/2019\/09\/KASO-300x169.jpg 300w, https:\/\/www.hashtag.al\/wp-content\/uploads\/2019\/09\/KASO-768x433.jpg 768w\" sizes=\"auto, (max-width: 780px) 100vw, 780px\" \/><\/a><\/p>\n<p><span style=\"color: #000000;\">Largohet nga tryeza e Komisionit t\u00eb Reform\u00ebs\u00a0 Zgjedhore, p\u00ebrfaq\u00ebsuesi i Partis\u00eb Demokratike, Ivi Kaso.<\/span><\/p>\n<p><span style=\"color: #000000;\">Para se t\u00eb largohej, ai bisedoi edhe me ambasadorin e OSBE-s\u00eb. Ai q\u00ebndroi n\u00eb tryez\u00eb vet\u00ebm p\u00ebr t\u00eb mbajtur fjalimin, \u00a0ku shprehu angazhimin e koalicionit opozitar p\u00ebr mb\u00ebshtetjen e realizimit t\u00eb k\u00ebsaj reforme.<\/span><\/p>\n<p><span style=\"color: #000000;\">Opozita konsideron se personat q\u00eb jan\u00eb subjekt i dosjes 339 dhe 184 jan\u00eb n\u00eb kushtet e konfliktit t\u00eb interesit me zgjedhjet e lira e t\u00eb ndershme dhe me reform\u00ebn e v\u00ebrtet\u00eb zgjedhore q\u00eb ka nevoj\u00eb vendi.<\/span><\/p>\n<p><span style=\"color: #000000;\">P\u00ebr k\u00ebt\u00eb arsye, thuhet n\u00eb q\u00ebndrimin e opozit\u00ebs s\u00eb bashkuar, se reforma e v\u00ebrtet\u00eb zgjedhore mund dhe duhet t\u00eb realizohet e zbatohet vet\u00ebm nga institucione apo subjekte zgjedhore q\u00eb kan\u00eb vullnet p\u00ebr t\u00eb garantuar zgjedhje t\u00eb lira dhe t\u00eb ndershme\u201d.<\/span><\/p>\n<p><span style=\"color: #000000;\">N\u00eb qendrimin e saj, opozita nuk e njeh legjitimitetin e Komisionit Parlamentar p\u00ebr Reform\u00ebn Zgjedhore. Duke e cil\u00ebsuar si nj\u00eb organ q\u00eb nuk p\u00ebrfaq\u00ebson vullnetin e qytetar\u00ebve,<\/span><\/p>\n<p><span style=\"color: #000000;\">Propozimi i opozit\u00ebs p\u00ebr zgjidhjen e k\u00ebtij problemi \u00ebsht\u00eb ngritja e nj\u00eb grupi t\u00eb posa\u00e7\u00ebm p\u00ebr reform\u00ebn, q\u00eb p\u00ebrfaq\u00ebson drejt elektoratin shqiptar, n\u00eb p\u00ebrb\u00ebrje t\u00eb t\u00eb cilit t\u00eb ket\u00eb edhe p\u00ebrfaqssues t\u00eb partner\u00ebve kryesor\u00eb nd\u00ebrkomb\u00ebtar\u00eb.<\/span><\/p>\n<p>P\u00ebrfaq\u00ebsuesit e opozit\u00ebs n\u00eb nivel teknik n\u00eb k\u00ebt\u00eb tryez\u00eb, u paraqit\u00ebn Ivi Kaso nga Partia Demokratike, Muharrem Caka nga LSI-ja dhe Arjan Madhi nga Partia Republikane.<\/p>\n","protected":false,"gt_translate_keys":[{"key":"rendered","format":"html"}]},"excerpt":{"rendered":"<p>Largohet nga tryeza e Komisionit t\u00eb Reform\u00ebs\u00a0 Zgjedhore, p\u00ebrfaq\u00ebsuesi i Partis\u00eb Demokratike, Ivi Kaso. Para se t\u00eb largohej, ai bisedoi edhe me ambasadorin e OSBE-s\u00eb. Ai q\u00ebndroi n\u00eb tryez\u00eb vet\u00ebm p\u00ebr t\u00eb mbajtur fjalimin, \u00a0ku shprehu angazhimin e koalicionit opozitar p\u00ebr mb\u00ebshtetjen e realizimit t\u00eb k\u00ebsaj reforme. Opozita konsideron se personat q\u00eb jan\u00eb subjekt i [&hellip;]<\/p>\n","protected":false,"gt_translate_keys":[{"key":"rendered","format":"html"}]},"author":30,"featured_media":323958,"comment_status":"open","ping_status":"open","sticky":false,"template":"","format":"standard","meta":{"footnotes":""},"categories":[65,13],"tags":[],"class_list":["post-323957","post","type-post","status-publish","format-standard","has-post-thumbnail","hentry","category-lajme","category-te-fundit"],"gt_translate_keys":[{"key":"link","format":"url"}],"_links":{"self":[{"href":"https:\/\/www.hashtag.al\/index.php\/wp-json\/wp\/v2\/posts\/323957","targetHints":{"allow":["GET"]}}],"collection":[{"href":"https:\/\/www.hashtag.al\/index.php\/wp-json\/wp\/v2\/posts"}],"about":[{"href":"https:\/\/www.hashtag.al\/index.php\/wp-json\/wp\/v2\/types\/post"}],"author":[{"embeddable":true,"href":"https:\/\/www.hashtag.al\/index.php\/wp-json\/wp\/v2\/users\/30"}],"replies":[{"embeddable":true,"href":"https:\/\/www.hashtag.al\/index.php\/wp-json\/wp\/v2\/comments?post=323957"}],"version-history":[{"count":0,"href":"https:\/\/www.hashtag.al\/index.php\/wp-json\/wp\/v2\/posts\/323957\/revisions"}],"wp:featuredmedia":[{"embeddable":true,"href":"https:\/\/www.hashtag.al\/index.php\/wp-json\/wp\/v2\/media\/323958"}],"wp:attachment":[{"href":"https:\/\/www.hashtag.al\/index.php\/wp-json\/wp\/v2\/media?parent=323957"}],"wp:term":[{"taxonomy":"category","embeddable":true,"href":"https:\/\/www.hashtag.al\/index.php\/wp-json\/wp\/v2\/categories?post=323957"},{"taxonomy":"post_tag","embeddable":true,"href":"https:\/\/www.hashtag.al\/index.php\/wp-json\/wp\/v2\/tags?post=323957"}],"curies":[{"name":"wp","href":"https:\/\/api.w.org\/{rel}","templated":true}]}}