{"id":323816,"date":"2019-09-24T16:57:45","date_gmt":"2019-09-24T14:57:45","guid":{"rendered":"https:\/\/hashtag.al\/?p=323816"},"modified":"2019-09-24T16:57:45","modified_gmt":"2019-09-24T14:57:45","slug":"thaci-kerkon-njohjen-nga-vatikani-pavaresia-e-kosoves-paqe-per-ballkanin","status":"publish","type":"post","link":"https:\/\/www.hashtag.al\/index.php\/2019\/09\/24\/thaci-kerkon-njohjen-nga-vatikani-pavaresia-e-kosoves-paqe-per-ballkanin\/","title":{"rendered":"Tha\u00e7i k\u00ebrkon njohjen nga Vatikani: Pavar\u00ebsia e Kosov\u00ebs, paqe p\u00ebr Ballkanin","gt_translate_keys":[{"key":"rendered","format":"text"}]},"content":{"rendered":"<p><img loading=\"lazy\" decoding=\"async\" class=\"aligncenter size-full wp-image-323817\" src=\"https:\/\/hashtag.al\/wp-content\/uploads\/2019\/09\/DSC_1755-1-600x450.jpg\" alt=\"\" width=\"600\" height=\"450\" srcset=\"https:\/\/www.hashtag.al\/wp-content\/uploads\/2019\/09\/DSC_1755-1-600x450.jpg 600w, https:\/\/www.hashtag.al\/wp-content\/uploads\/2019\/09\/DSC_1755-1-600x450-300x225.jpg 300w\" sizes=\"auto, (max-width: 600px) 100vw, 600px\" \/><\/p>\n<p><span style=\"color: #000000;\">Presidenti i Kosov\u00ebs, Hashim Tha\u00e7i i ka k\u00ebrkuar Selis\u00eb s\u00eb Shenjt\u00eb q\u00eb t\u00eb njoh\u00eb pavar\u00ebsin\u00eb e Kosov\u00ebs. K\u00ebrkesa \u00ebsht\u00eb b\u00ebr\u00eb gjat\u00eb nj\u00eb takimi me Sekretarin e Shtetit t\u00eb Selis\u00eb s\u00eb Shenjt\u00eb, Pietro Parolin, n\u00eb kuad\u00ebr t\u00eb punimeve t\u00eb Asambles\u00eb s\u00eb P\u00ebrgjithshme t\u00eb Kombeve t\u00eb Bashkuara.<\/span><\/p>\n<p><span style=\"color: #000000;\">Kreu i shtetit kosovar tha se njohja formale e Kosov\u00ebs nga Selia e Shenjt\u00eb do t\u00eb kuror\u00ebzonte krejt angazhimin e saj p\u00ebr sigurimin e paqes dhe stabilitetin n\u00eb Ballkanin Per\u00ebndimor dhe Evrop\u00eb.<\/span><\/p>\n<p><span style=\"color: #000000;\">\u201cPopulli i Kosov\u00ebs gjithmon\u00eb \u00ebsht\u00eb udh\u00ebhequr nga vlerat e Sh\u00ebn Terez\u00ebs, vlera t\u00eb toleranc\u00ebs, paqes dhe bashk\u00ebjetes\u00ebs. Jemi mir\u00ebnjoh\u00ebs p\u00ebr mb\u00ebshtetjen q\u00eb Selia e Shenjt\u00eb i ka dh\u00ebn\u00eb popullit t\u00eb Kosov\u00ebs. Krejt \u00e7far\u00eb ka mbetur \u00ebsht\u00eb njoha nga Vatikani\u201d, pohoi Tha\u00e7i.<\/span><\/p>\n<p><span style=\"color: #000000;\">Presidenti Tha\u00e7i, e ka informuar sekretarin Parolin p\u00ebr harmonin\u00eb fetare n\u00eb Kosov\u00eb, p\u00ebr bashk\u00ebjetes\u00ebn nd\u00ebrmjet komuniteteve, vlera mbi t\u00eb cilat \u00ebsht\u00eb nd\u00ebrtuar shteti i Kosov\u00ebs. Nga ana tjet\u00ebr, Sekretari i Shtetit t\u00eb Selis\u00eb s\u00eb Shenjt\u00eb, Pietro Parolin ka th\u00ebn\u00eb se Selia e Shenjt\u00eb \u00ebsht\u00eb e p\u00ebrkushtuar p\u00ebr paqen, toleranc\u00ebn dhe stabilitetin n\u00eb Kosov\u00eb.<\/span><\/p>\n","protected":false,"gt_translate_keys":[{"key":"rendered","format":"html"}]},"excerpt":{"rendered":"<p>Presidenti i Kosov\u00ebs, Hashim Tha\u00e7i i ka k\u00ebrkuar Selis\u00eb s\u00eb Shenjt\u00eb q\u00eb t\u00eb njoh\u00eb pavar\u00ebsin\u00eb e Kosov\u00ebs. K\u00ebrkesa \u00ebsht\u00eb b\u00ebr\u00eb gjat\u00eb nj\u00eb takimi me Sekretarin e Shtetit t\u00eb Selis\u00eb s\u00eb Shenjt\u00eb, Pietro Parolin, n\u00eb kuad\u00ebr t\u00eb punimeve t\u00eb Asambles\u00eb s\u00eb P\u00ebrgjithshme t\u00eb Kombeve t\u00eb Bashkuara. Kreu i shtetit kosovar tha se njohja formale e Kosov\u00ebs [&hellip;]<\/p>\n","protected":false,"gt_translate_keys":[{"key":"rendered","format":"html"}]},"author":32,"featured_media":323817,"comment_status":"open","ping_status":"open","sticky":false,"template":"","format":"standard","meta":{"footnotes":""},"categories":[149,13],"tags":[],"class_list":["post-323816","post","type-post","status-publish","format-standard","has-post-thumbnail","hentry","category-kosoverajon","category-te-fundit"],"gt_translate_keys":[{"key":"link","format":"url"}],"_links":{"self":[{"href":"https:\/\/www.hashtag.al\/index.php\/wp-json\/wp\/v2\/posts\/323816","targetHints":{"allow":["GET"]}}],"collection":[{"href":"https:\/\/www.hashtag.al\/index.php\/wp-json\/wp\/v2\/posts"}],"about":[{"href":"https:\/\/www.hashtag.al\/index.php\/wp-json\/wp\/v2\/types\/post"}],"author":[{"embeddable":true,"href":"https:\/\/www.hashtag.al\/index.php\/wp-json\/wp\/v2\/users\/32"}],"replies":[{"embeddable":true,"href":"https:\/\/www.hashtag.al\/index.php\/wp-json\/wp\/v2\/comments?post=323816"}],"version-history":[{"count":0,"href":"https:\/\/www.hashtag.al\/index.php\/wp-json\/wp\/v2\/posts\/323816\/revisions"}],"wp:featuredmedia":[{"embeddable":true,"href":"https:\/\/www.hashtag.al\/index.php\/wp-json\/wp\/v2\/media\/323817"}],"wp:attachment":[{"href":"https:\/\/www.hashtag.al\/index.php\/wp-json\/wp\/v2\/media?parent=323816"}],"wp:term":[{"taxonomy":"category","embeddable":true,"href":"https:\/\/www.hashtag.al\/index.php\/wp-json\/wp\/v2\/categories?post=323816"},{"taxonomy":"post_tag","embeddable":true,"href":"https:\/\/www.hashtag.al\/index.php\/wp-json\/wp\/v2\/tags?post=323816"}],"curies":[{"name":"wp","href":"https:\/\/api.w.org\/{rel}","templated":true}]}}