{"id":323801,"date":"2019-09-24T15:19:48","date_gmt":"2019-09-24T13:19:48","guid":{"rendered":"https:\/\/hashtag.al\/?p=323801"},"modified":"2019-09-24T15:19:48","modified_gmt":"2019-09-24T13:19:48","slug":"kryemadhi-kemi-gati-paketen-anti-krize-opozita-e-gatshme-per-dialog-institucional","status":"publish","type":"post","link":"https:\/\/www.hashtag.al\/index.php\/2019\/09\/24\/kryemadhi-kemi-gati-paketen-anti-krize-opozita-e-gatshme-per-dialog-institucional\/","title":{"rendered":"Kryemadhi: Kemi gati paket\u00ebn anti-kriz\u00eb, opozita e gatshme p\u00ebr dialog institucional","gt_translate_keys":[{"key":"rendered","format":"text"}]},"content":{"rendered":"<p><img loading=\"lazy\" decoding=\"async\" class=\"aligncenter size-full wp-image-319669\" src=\"https:\/\/hashtag.al\/wp-content\/uploads\/2019\/09\/Monika-Kryemadhi.jpg\" alt=\"\" width=\"796\" height=\"498\" srcset=\"https:\/\/www.hashtag.al\/wp-content\/uploads\/2019\/09\/Monika-Kryemadhi.jpg 796w, https:\/\/www.hashtag.al\/wp-content\/uploads\/2019\/09\/Monika-Kryemadhi-300x188.jpg 300w, https:\/\/www.hashtag.al\/wp-content\/uploads\/2019\/09\/Monika-Kryemadhi-768x480.jpg 768w\" sizes=\"auto, (max-width: 796px) 100vw, 796px\" \/><\/p>\n<p><span style=\"color: #000000;\">Kryetarja e L\u00ebvizjes Socialiste p\u00ebr Integrim Monika Kryemadhi ka folur pas takimit n\u00eb selin\u00eb blu me kryetar\u00ebt e partive opozitare duke deklaruar se opozita ka qen\u00eb gjithmon\u00eb p\u00ebr zgjidhjen e kriz\u00ebs politike dhe Kryeministri Rama ka qen\u00eb pengesa.<\/span><\/p>\n<p><span style=\"color: #000000;\">Takimi mes partive opozitare ishte p\u00ebr t\u00eb vendosur n\u00ebse do merrnin pjes\u00eb n\u00eb tryez\u00ebn e organizuar nga OSBE p\u00ebr reform\u00ebn zgjedhore.<\/span><\/p>\n<p><span style=\"color: #000000;\">Opozita do jet\u00eb e pranishme n\u00eb tryez\u00ebn q\u00eb do zhvilloj\u00eb OSBE, duke u p\u00ebrfaq\u00ebsuar n\u00eb nivel ekspert\u00ebsh.<\/span><\/p>\n<p><span style=\"color: #000000;\">Kryemadhi n\u00eb daljen p\u00ebr mediat deklaroi se opozita ka gati paket\u00ebn anti-kriz\u00eb t\u00eb cil\u00ebn do e prezantoj\u00eb s\u00eb shpejti. \u00a0<\/span><\/p>\n","protected":false,"gt_translate_keys":[{"key":"rendered","format":"html"}]},"excerpt":{"rendered":"<p>Kryetarja e L\u00ebvizjes Socialiste p\u00ebr Integrim Monika Kryemadhi ka folur pas takimit n\u00eb selin\u00eb blu me kryetar\u00ebt e partive opozitare duke deklaruar se opozita ka qen\u00eb gjithmon\u00eb p\u00ebr zgjidhjen e kriz\u00ebs politike dhe Kryeministri Rama ka qen\u00eb pengesa. Takimi mes partive opozitare ishte p\u00ebr t\u00eb vendosur n\u00ebse do merrnin pjes\u00eb n\u00eb tryez\u00ebn e organizuar nga [&hellip;]<\/p>\n","protected":false,"gt_translate_keys":[{"key":"rendered","format":"html"}]},"author":32,"featured_media":319669,"comment_status":"open","ping_status":"open","sticky":false,"template":"","format":"standard","meta":{"footnotes":""},"categories":[65,13],"tags":[],"class_list":["post-323801","post","type-post","status-publish","format-standard","has-post-thumbnail","hentry","category-lajme","category-te-fundit"],"gt_translate_keys":[{"key":"link","format":"url"}],"_links":{"self":[{"href":"https:\/\/www.hashtag.al\/index.php\/wp-json\/wp\/v2\/posts\/323801","targetHints":{"allow":["GET"]}}],"collection":[{"href":"https:\/\/www.hashtag.al\/index.php\/wp-json\/wp\/v2\/posts"}],"about":[{"href":"https:\/\/www.hashtag.al\/index.php\/wp-json\/wp\/v2\/types\/post"}],"author":[{"embeddable":true,"href":"https:\/\/www.hashtag.al\/index.php\/wp-json\/wp\/v2\/users\/32"}],"replies":[{"embeddable":true,"href":"https:\/\/www.hashtag.al\/index.php\/wp-json\/wp\/v2\/comments?post=323801"}],"version-history":[{"count":0,"href":"https:\/\/www.hashtag.al\/index.php\/wp-json\/wp\/v2\/posts\/323801\/revisions"}],"wp:featuredmedia":[{"embeddable":true,"href":"https:\/\/www.hashtag.al\/index.php\/wp-json\/wp\/v2\/media\/319669"}],"wp:attachment":[{"href":"https:\/\/www.hashtag.al\/index.php\/wp-json\/wp\/v2\/media?parent=323801"}],"wp:term":[{"taxonomy":"category","embeddable":true,"href":"https:\/\/www.hashtag.al\/index.php\/wp-json\/wp\/v2\/categories?post=323801"},{"taxonomy":"post_tag","embeddable":true,"href":"https:\/\/www.hashtag.al\/index.php\/wp-json\/wp\/v2\/tags?post=323801"}],"curies":[{"name":"wp","href":"https:\/\/api.w.org\/{rel}","templated":true}]}}