{"id":323756,"date":"2019-09-24T12:21:41","date_gmt":"2019-09-24T10:21:41","guid":{"rendered":"https:\/\/hashtag.al\/?p=323756"},"modified":"2019-09-27T20:44:59","modified_gmt":"2019-09-27T18:44:59","slug":"ne-fillim-termeti-sot-permbytja-si-eshte-katandisur-fakulteti-i-gjeologji-minierave-video","status":"publish","type":"post","link":"https:\/\/www.hashtag.al\/index.php\/2019\/09\/24\/ne-fillim-termeti-sot-permbytja-si-eshte-katandisur-fakulteti-i-gjeologji-minierave-video\/","title":{"rendered":"N\u00eb fillim t\u00ebrmeti, sot p\u00ebrmbytja &#8211; Si \u00ebsht\u00eb katandisur fakulteti i Gjeologji Minierave (VIDEO)","gt_translate_keys":[{"key":"rendered","format":"text"}]},"content":{"rendered":"<p><a href=\"https:\/\/hashtag.al\/wp-content\/uploads\/2019\/09\/termetigjeologji.jpg\"><img loading=\"lazy\" decoding=\"async\" class=\"aligncenter size-full wp-image-323293\" src=\"https:\/\/hashtag.al\/wp-content\/uploads\/2019\/09\/termetigjeologji.jpg\" alt=\"\" width=\"1032\" height=\"581\" srcset=\"https:\/\/www.hashtag.al\/wp-content\/uploads\/2019\/09\/termetigjeologji.jpg 1032w, https:\/\/www.hashtag.al\/wp-content\/uploads\/2019\/09\/termetigjeologji-300x169.jpg 300w, https:\/\/www.hashtag.al\/wp-content\/uploads\/2019\/09\/termetigjeologji-768x432.jpg 768w, https:\/\/www.hashtag.al\/wp-content\/uploads\/2019\/09\/termetigjeologji-1024x576.jpg 1024w\" sizes=\"auto, (max-width: 1032px) 100vw, 1032px\" \/><\/a><\/p>\n<p><span style=\"color: #000000;\">Pamjet e Fakultetit t\u00eb Gjeologji Minierave pas t\u00ebrmetit t\u00eb s\u00eb shtun\u00ebs, v\u00ebshtir\u00eb t\u00eb harrohen kollaj. Gur\u00ebt e m\u00ebdhenj dhe cop\u00ebza t\u00eb tjera t\u00eb nd\u00ebrtes\u00ebs, u rr\u00ebzuan n\u00eb oborrin e fakultetit duke d\u00ebmtuar edhe automjetet e parkuara aty pran\u00eb.<\/span><\/p>\n<p><span style=\"color: #000000;\">Por, mos mendoni se kjo \u00ebsht\u00eb goditja m\u00eb e madhe q\u00eb ka p\u00ebsuar kjo godin\u00eb , pasi vet\u00ebm dy dit\u00eb m\u00eb pas, ka edhe nj\u00eb problem tjet\u00ebr.<\/span><\/p>\n<p><span style=\"color: #000000;\">Sallat brenda fakultetit jan\u00eb p\u00ebrmbutur nga uji, sikurse mund ta shihni n\u00eb k\u00ebt\u00eb foto.<\/span><\/p>\n<p><span style=\"color: #000000;\">N\u00eb protestat e zhvilluara para disa muajsh n\u00ebp\u00ebr universitete, student\u00ebt e Gjeologji Minierave kishin nj\u00eb k\u00ebrkes\u00eb kryesore &#8211; rikonstruktimin e shkoll\u00ebs. Tani godina aq e dashur p\u00ebr ta, ndodhet n\u00eb nj\u00eb gjendje akoma m\u00eb t\u00eb mjeruar dhe absolutisht e pap\u00ebrshtatshme p\u00ebr t\u00eb zhvilluar m\u00ebsimin. Nuk dihet n\u00ebse \u00ebsht\u00eb ngritur ndonj\u00eb grup pune, q\u00eb do merret posa\u00e7\u00ebrisht me rikonstruksionin e k\u00ebtij fakulteti.<\/span><\/p>\n<div style=\"width: 264px;\" class=\"wp-video\"><video class=\"wp-video-shortcode\" id=\"video-323756-1\" width=\"264\" height=\"480\" preload=\"metadata\" controls=\"controls\"><source type=\"video\/mp4\" src=\"https:\/\/hashtag.al\/wp-content\/uploads\/2019\/09\/VIDEO-Pas-d\u00ebmtimit-t\u00eb-madh-nga-t\u00ebrmeti-ja-\u00e7\u2019ndodh-sot-te-Fakulteti-i-Gjeologjis\u00eb.-Uji-rr\u00ebke-brenda-sallave.mp4?_=1\" \/><a href=\"https:\/\/hashtag.al\/wp-content\/uploads\/2019\/09\/VIDEO-Pas-d\u00ebmtimit-t\u00eb-madh-nga-t\u00ebrmeti-ja-\u00e7\u2019ndodh-sot-te-Fakulteti-i-Gjeologjis\u00eb.-Uji-rr\u00ebke-brenda-sallave.mp4\">https:\/\/hashtag.al\/wp-content\/uploads\/2019\/09\/VIDEO-Pas-d\u00ebmtimit-t\u00eb-madh-nga-t\u00ebrmeti-ja-\u00e7\u2019ndodh-sot-te-Fakulteti-i-Gjeologjis\u00eb.-Uji-rr\u00ebke-brenda-sallave.mp4<\/a><\/video><\/div>\n<div style=\"width: 400px;\" class=\"wp-video\"><video class=\"wp-video-shortcode\" id=\"video-323756-2\" width=\"400\" height=\"230\" preload=\"metadata\" controls=\"controls\"><source type=\"video\/mp4\" src=\"https:\/\/hashtag.al\/wp-content\/uploads\/2019\/09\/72090850_2398028107101766_2959059195078377472_n.mp4?_=2\" \/><a href=\"https:\/\/hashtag.al\/wp-content\/uploads\/2019\/09\/72090850_2398028107101766_2959059195078377472_n.mp4\">https:\/\/hashtag.al\/wp-content\/uploads\/2019\/09\/72090850_2398028107101766_2959059195078377472_n.mp4<\/a><\/video><\/div>\n<div style=\"width: 400px;\" class=\"wp-video\"><video class=\"wp-video-shortcode\" id=\"video-323756-3\" width=\"400\" height=\"230\" preload=\"metadata\" controls=\"controls\"><source type=\"video\/mp4\" src=\"https:\/\/hashtag.al\/wp-content\/uploads\/2019\/09\/72031837_382863899299483_2481654317199654912_n.mp4?_=3\" \/><a href=\"https:\/\/hashtag.al\/wp-content\/uploads\/2019\/09\/72031837_382863899299483_2481654317199654912_n.mp4\">https:\/\/hashtag.al\/wp-content\/uploads\/2019\/09\/72031837_382863899299483_2481654317199654912_n.mp4<\/a><\/video><\/div>\n<div style=\"width: 400px;\" class=\"wp-video\"><video class=\"wp-video-shortcode\" id=\"video-323756-4\" width=\"400\" height=\"230\" preload=\"metadata\" controls=\"controls\"><source type=\"video\/mp4\" src=\"https:\/\/hashtag.al\/wp-content\/uploads\/2019\/09\/72248220_384168659171957_6570128312981520384_n.mp4?_=4\" \/><a href=\"https:\/\/hashtag.al\/wp-content\/uploads\/2019\/09\/72248220_384168659171957_6570128312981520384_n.mp4\">https:\/\/hashtag.al\/wp-content\/uploads\/2019\/09\/72248220_384168659171957_6570128312981520384_n.mp4<\/a><\/video><\/div>\n","protected":false,"gt_translate_keys":[{"key":"rendered","format":"html"}]},"excerpt":{"rendered":"<p>Pamjet e Fakultetit t\u00eb Gjeologji Minierave pas t\u00ebrmetit t\u00eb s\u00eb shtun\u00ebs, v\u00ebshtir\u00eb t\u00eb harrohen kollaj. Gur\u00ebt e m\u00ebdhenj dhe cop\u00ebza t\u00eb tjera t\u00eb nd\u00ebrtes\u00ebs, u rr\u00ebzuan n\u00eb oborrin e fakultetit duke d\u00ebmtuar edhe automjetet e parkuara aty pran\u00eb. Por, mos mendoni se kjo \u00ebsht\u00eb goditja m\u00eb e madhe q\u00eb ka p\u00ebsuar kjo godin\u00eb , pasi [&hellip;]<\/p>\n","protected":false,"gt_translate_keys":[{"key":"rendered","format":"html"}]},"author":30,"featured_media":323294,"comment_status":"open","ping_status":"open","sticky":false,"template":"","format":"standard","meta":{"footnotes":""},"categories":[65,13],"tags":[],"class_list":["post-323756","post","type-post","status-publish","format-standard","has-post-thumbnail","hentry","category-lajme","category-te-fundit"],"gt_translate_keys":[{"key":"link","format":"url"}],"_links":{"self":[{"href":"https:\/\/www.hashtag.al\/index.php\/wp-json\/wp\/v2\/posts\/323756","targetHints":{"allow":["GET"]}}],"collection":[{"href":"https:\/\/www.hashtag.al\/index.php\/wp-json\/wp\/v2\/posts"}],"about":[{"href":"https:\/\/www.hashtag.al\/index.php\/wp-json\/wp\/v2\/types\/post"}],"author":[{"embeddable":true,"href":"https:\/\/www.hashtag.al\/index.php\/wp-json\/wp\/v2\/users\/30"}],"replies":[{"embeddable":true,"href":"https:\/\/www.hashtag.al\/index.php\/wp-json\/wp\/v2\/comments?post=323756"}],"version-history":[{"count":0,"href":"https:\/\/www.hashtag.al\/index.php\/wp-json\/wp\/v2\/posts\/323756\/revisions"}],"wp:featuredmedia":[{"embeddable":true,"href":"https:\/\/www.hashtag.al\/index.php\/wp-json\/wp\/v2\/media\/323294"}],"wp:attachment":[{"href":"https:\/\/www.hashtag.al\/index.php\/wp-json\/wp\/v2\/media?parent=323756"}],"wp:term":[{"taxonomy":"category","embeddable":true,"href":"https:\/\/www.hashtag.al\/index.php\/wp-json\/wp\/v2\/categories?post=323756"},{"taxonomy":"post_tag","embeddable":true,"href":"https:\/\/www.hashtag.al\/index.php\/wp-json\/wp\/v2\/tags?post=323756"}],"curies":[{"name":"wp","href":"https:\/\/api.w.org\/{rel}","templated":true}]}}