{"id":323701,"date":"2019-09-24T09:39:17","date_gmt":"2019-09-24T07:39:17","guid":{"rendered":"https:\/\/hashtag.al\/?p=323701"},"modified":"2019-09-24T09:45:35","modified_gmt":"2019-09-24T07:45:35","slug":"permbyten-tre-shkolla-ne-tirane-nderpritet-mesimi","status":"publish","type":"post","link":"https:\/\/www.hashtag.al\/index.php\/2019\/09\/24\/permbyten-tre-shkolla-ne-tirane-nderpritet-mesimi\/","title":{"rendered":"P\u00ebrmbyten tre shkolla n\u00eb Tiran\u00eb, nd\u00ebrpritet m\u00ebsimi","gt_translate_keys":[{"key":"rendered","format":"text"}]},"content":{"rendered":"<p><span style=\"color: #000000;\"><a style=\"color: #000000;\" href=\"https:\/\/hashtag.al\/wp-content\/uploads\/2019\/09\/shkolla-5.jpg\"><img loading=\"lazy\" decoding=\"async\" class=\"aligncenter size-full wp-image-323702\" src=\"https:\/\/hashtag.al\/wp-content\/uploads\/2019\/09\/shkolla-5.jpg\" alt=\"\" width=\"900\" height=\"675\" srcset=\"https:\/\/www.hashtag.al\/wp-content\/uploads\/2019\/09\/shkolla-5.jpg 900w, https:\/\/www.hashtag.al\/wp-content\/uploads\/2019\/09\/shkolla-5-300x225.jpg 300w, https:\/\/www.hashtag.al\/wp-content\/uploads\/2019\/09\/shkolla-5-768x576.jpg 768w\" sizes=\"auto, (max-width: 900px) 100vw, 900px\" \/><\/a><\/span><\/p>\n<p><span style=\"color: #000000;\">Pas shirave t\u00eb dendur t\u00eb mbr\u00ebmjes s\u00eb kaluar, jan\u00eb p\u00ebrmbytur tre shkolla n\u00eb Tiran\u00eb. Si rezultat, ministrja e Arsimit, Besa Shahini ka njoftuar anulimin e m\u00ebsimit p\u00ebr sot.<\/span><\/p>\n<p><span style=\"color: #000000;\"><em>&#8221; P\u00ebr shkak t\u00eb reshjeve t\u00eb mbr\u00ebmshme jan\u00eb p\u00ebrmbytur katet e para t\u00eb shkoll\u00ebs 9-vje\u00e7are \u201cSabaudin Gabrani\u201d, shkoll\u00ebs 9-vje\u00e7are \u201cYzberisht\u201d dhe shkoll\u00ebs 9-vje\u00e7are Lalm &#8211; t\u00eb gjitha n\u00eb Tiran\u00eb. Si pasoj\u00eb, sot n\u00eb k\u00ebto shkolla nuk b\u00ebhet m\u00ebsim.<\/em><\/span><\/p>\n<p><span style=\"color: #000000;\"><em>Ekipet e Bashkis\u00eb dhe Ministris\u00eb jan\u00eb duke punuar n\u00eb terren. Dita e m\u00ebsimit sot do t\u00eb z\u00ebvend\u00ebsohet n\u00eb nj\u00eb dit\u00eb tjet\u00ebr nd\u00ebrsa po p\u00ebrpiqemi q\u00eb k\u00ebto shkolla t\u00eb hapen nes\u00ebr.&#8221;<\/em>, shkruan Shahini.<\/span><\/p>\n<p><span style=\"color: #000000;\">Kujtojm\u00eb se dit\u00ebn e djeshme, m\u00ebsimi ishte anuluar p\u00ebr shkak t\u00eb t\u00ebrmeteve, por ministrja Shahini tha se shkollat ishin gati p\u00ebt t\u00eb vijuar m\u00ebsimin t\u00eb mart\u00ebn. Por shirat e denduar, e ndryshuan k\u00ebt\u00eb plan.<\/span><\/p>\n","protected":false,"gt_translate_keys":[{"key":"rendered","format":"html"}]},"excerpt":{"rendered":"<p>Pas shirave t\u00eb dendur t\u00eb mbr\u00ebmjes s\u00eb kaluar, jan\u00eb p\u00ebrmbytur tre shkolla n\u00eb Tiran\u00eb. Si rezultat, ministrja e Arsimit, Besa Shahini ka njoftuar anulimin e m\u00ebsimit p\u00ebr sot. &#8221; P\u00ebr shkak t\u00eb reshjeve t\u00eb mbr\u00ebmshme jan\u00eb p\u00ebrmbytur katet e para t\u00eb shkoll\u00ebs 9-vje\u00e7are \u201cSabaudin Gabrani\u201d, shkoll\u00ebs 9-vje\u00e7are \u201cYzberisht\u201d dhe shkoll\u00ebs 9-vje\u00e7are Lalm &#8211; t\u00eb gjitha [&hellip;]<\/p>\n","protected":false,"gt_translate_keys":[{"key":"rendered","format":"html"}]},"author":30,"featured_media":323702,"comment_status":"open","ping_status":"open","sticky":false,"template":"","format":"standard","meta":{"footnotes":""},"categories":[65,13],"tags":[],"class_list":["post-323701","post","type-post","status-publish","format-standard","has-post-thumbnail","hentry","category-lajme","category-te-fundit"],"gt_translate_keys":[{"key":"link","format":"url"}],"_links":{"self":[{"href":"https:\/\/www.hashtag.al\/index.php\/wp-json\/wp\/v2\/posts\/323701","targetHints":{"allow":["GET"]}}],"collection":[{"href":"https:\/\/www.hashtag.al\/index.php\/wp-json\/wp\/v2\/posts"}],"about":[{"href":"https:\/\/www.hashtag.al\/index.php\/wp-json\/wp\/v2\/types\/post"}],"author":[{"embeddable":true,"href":"https:\/\/www.hashtag.al\/index.php\/wp-json\/wp\/v2\/users\/30"}],"replies":[{"embeddable":true,"href":"https:\/\/www.hashtag.al\/index.php\/wp-json\/wp\/v2\/comments?post=323701"}],"version-history":[{"count":0,"href":"https:\/\/www.hashtag.al\/index.php\/wp-json\/wp\/v2\/posts\/323701\/revisions"}],"wp:featuredmedia":[{"embeddable":true,"href":"https:\/\/www.hashtag.al\/index.php\/wp-json\/wp\/v2\/media\/323702"}],"wp:attachment":[{"href":"https:\/\/www.hashtag.al\/index.php\/wp-json\/wp\/v2\/media?parent=323701"}],"wp:term":[{"taxonomy":"category","embeddable":true,"href":"https:\/\/www.hashtag.al\/index.php\/wp-json\/wp\/v2\/categories?post=323701"},{"taxonomy":"post_tag","embeddable":true,"href":"https:\/\/www.hashtag.al\/index.php\/wp-json\/wp\/v2\/tags?post=323701"}],"curies":[{"name":"wp","href":"https:\/\/api.w.org\/{rel}","templated":true}]}}