{"id":323582,"date":"2019-09-23T15:40:31","date_gmt":"2019-09-23T13:40:31","guid":{"rendered":"https:\/\/hashtag.al\/?p=323582"},"modified":"2019-09-23T16:08:57","modified_gmt":"2019-09-23T14:08:57","slug":"tragjedi-ne-elbasan-humbin-jeten-ne-aksident-4-persona","status":"publish","type":"post","link":"https:\/\/www.hashtag.al\/index.php\/2019\/09\/23\/tragjedi-ne-elbasan-humbin-jeten-ne-aksident-4-persona\/","title":{"rendered":"Tragjedi n\u00eb Elbasan, humbin jet\u00ebn n\u00eb aksident 4 persona","gt_translate_keys":[{"key":"rendered","format":"text"}]},"content":{"rendered":"<p><span style=\"color: #000000;\"><img loading=\"lazy\" decoding=\"async\" class=\"aligncenter size-full wp-image-323592\" src=\"https:\/\/hashtag.al\/wp-content\/uploads\/2019\/09\/aksidentelbasan.jpeg\" alt=\"\" width=\"770\" height=\"433\" srcset=\"https:\/\/www.hashtag.al\/wp-content\/uploads\/2019\/09\/aksidentelbasan.jpeg 770w, https:\/\/www.hashtag.al\/wp-content\/uploads\/2019\/09\/aksidentelbasan-300x169.jpeg 300w, https:\/\/www.hashtag.al\/wp-content\/uploads\/2019\/09\/aksidentelbasan-768x432.jpeg 768w\" sizes=\"auto, (max-width: 770px) 100vw, 770px\" \/><\/span><\/p>\n<p><span style=\"color: #000000;\">4 persona kan\u00eb humbur n\u00eb nj\u00eb aksident automobilistik q\u00eb ka ndodhur n\u00eb Elbasan rreth or\u00ebs 15:00 t\u00eb dit\u00ebs s\u00eb sotme.<\/span><\/p>\n<p><span style=\"color: #000000;\">M\u00ebsohet se 3 makina jan\u00eb p\u00ebrplasur me nj\u00ebra-tjetr\u00ebn n\u00eb rrug\u00ebn Elbasan-Peqin pran\u00eb fshatit Pap\u00ebr.<\/span><\/p>\n<p><span style=\"color: #000000;\">P\u00ebrve\u00e7 4 viktimave jan\u00eb l\u00ebnduar edhe 2 persona t\u00eb cil\u00ebt jan\u00eb d\u00ebrguar n\u00eb spital p\u00ebr trajtim mjek\u00ebsor ku jan\u00eb n\u00eb gjendje t\u00eb r\u00ebnd\u00eb por jasht\u00eb rrezikut p\u00ebr jet\u00ebn.<\/span><\/p>\n<p><span style=\"color: #000000;\">Dyshohet se shkak i aksidentit \u00ebsht\u00eb b\u00ebr\u00eb shpejt\u00ebsia tej normave, lag\u00ebshtira n\u00eb rrug\u00eb dhe manovra e gabuar e nj\u00ebrit prej drejtuesve t\u00eb mjeteve t\u00eb p\u00ebrfshira n\u00eb aksident. <\/span><\/p>\n<p><span style=\"color: #000000;\">Nj\u00ebri nga mjetet ka kap\u00ebrcyer barrierat mbrojt\u00ebse dhe ka dal\u00eb jasht\u00eb rrug\u00ebs nd\u00ebrsa dy mjetet e tjera kan\u00eb mbetur n\u00eb rrug\u00eb. <\/span><\/p>\n<p><span style=\"color: #000000;\">Nj\u00ebra nga viktimat m\u00ebsohet se \u00ebsht\u00eb nj\u00eb vajz\u00eb 25-vje\u00e7are nd\u00ebrsa identiteti i viktimave dhe t\u00eb plagosurve nuk dihet ende. P\u00ebr shkak t\u00eb d\u00ebmtimeve t\u00eb m\u00ebdha t\u00eb mjeteve, p\u00ebr nxjerrjen e trupave \u00ebsht\u00eb dashur nd\u00ebrhyrja e zjarrfik\u00ebsve.<\/span><\/p>\n<p><span style=\"color: #000000;\"><strong>Informacion paraprak<\/strong><\/span><\/p>\n<p><span style=\"color: #000000;\"><em>M\u00eb dat\u00eb 23.09.2019, n\u00eb aksin rrugor Elbasan- Paperr, ka ndodhur nje aksident rrugor ku jan\u00eb p\u00ebrplasur tre automjete, mjeti me drejtues shtetasin G.K, mjeti me drejtues shtetasin O.Sh dhe mjeti me drejtues shtetasin E.R.<\/em><\/span><\/p>\n<p><span style=\"color: #000000;\"><em>P\u00ebr pasoj\u00eb kat\u00ebr shtetas kan\u00eb humbur jet\u00ebn t\u00eb cil\u00ebt ishin pasagjer\u00eb n\u00eb mjetin q\u00eb drejtohej nga shtetasi G.K. Nd\u00ebrsa dy t\u00eb tjer\u00eb jan\u00eb jasht\u00eb rrezikut p\u00ebr jet\u00ebn t\u00eb cil\u00ebt jan\u00eb transportuar p\u00ebr ndihm\u00eb mjek\u00ebsore. Grupi hetimor ka shkuar n\u00eb vendngjarje dhe po kryen veprimet p\u00ebr zbardhjen e shkakut t\u00eb aksidentit.<\/em><\/span><\/p>\n<p><span style=\"color: #000000;\"><em><strong>\/Hashtag.al<\/strong><\/em><\/span><\/p>\n<p>&nbsp;<\/p>\n","protected":false,"gt_translate_keys":[{"key":"rendered","format":"html"}]},"excerpt":{"rendered":"<p>4 persona kan\u00eb humbur n\u00eb nj\u00eb aksident automobilistik q\u00eb ka ndodhur n\u00eb Elbasan rreth or\u00ebs 15:00 t\u00eb dit\u00ebs s\u00eb sotme. M\u00ebsohet se 3 makina jan\u00eb p\u00ebrplasur me nj\u00ebra-tjetr\u00ebn n\u00eb rrug\u00ebn Elbasan-Peqin pran\u00eb fshatit Pap\u00ebr. P\u00ebrve\u00e7 4 viktimave jan\u00eb l\u00ebnduar edhe 2 persona t\u00eb cil\u00ebt jan\u00eb d\u00ebrguar n\u00eb spital p\u00ebr trajtim mjek\u00ebsor ku jan\u00eb n\u00eb gjendje [&hellip;]<\/p>\n","protected":false,"gt_translate_keys":[{"key":"rendered","format":"html"}]},"author":51,"featured_media":323592,"comment_status":"open","ping_status":"open","sticky":false,"template":"","format":"standard","meta":{"footnotes":""},"categories":[22,65,13],"tags":[],"class_list":["post-323582","post","type-post","status-publish","format-standard","has-post-thumbnail","hentry","category-ballina","category-lajme","category-te-fundit"],"gt_translate_keys":[{"key":"link","format":"url"}],"_links":{"self":[{"href":"https:\/\/www.hashtag.al\/index.php\/wp-json\/wp\/v2\/posts\/323582","targetHints":{"allow":["GET"]}}],"collection":[{"href":"https:\/\/www.hashtag.al\/index.php\/wp-json\/wp\/v2\/posts"}],"about":[{"href":"https:\/\/www.hashtag.al\/index.php\/wp-json\/wp\/v2\/types\/post"}],"author":[{"embeddable":true,"href":"https:\/\/www.hashtag.al\/index.php\/wp-json\/wp\/v2\/users\/51"}],"replies":[{"embeddable":true,"href":"https:\/\/www.hashtag.al\/index.php\/wp-json\/wp\/v2\/comments?post=323582"}],"version-history":[{"count":0,"href":"https:\/\/www.hashtag.al\/index.php\/wp-json\/wp\/v2\/posts\/323582\/revisions"}],"wp:featuredmedia":[{"embeddable":true,"href":"https:\/\/www.hashtag.al\/index.php\/wp-json\/wp\/v2\/media\/323592"}],"wp:attachment":[{"href":"https:\/\/www.hashtag.al\/index.php\/wp-json\/wp\/v2\/media?parent=323582"}],"wp:term":[{"taxonomy":"category","embeddable":true,"href":"https:\/\/www.hashtag.al\/index.php\/wp-json\/wp\/v2\/categories?post=323582"},{"taxonomy":"post_tag","embeddable":true,"href":"https:\/\/www.hashtag.al\/index.php\/wp-json\/wp\/v2\/tags?post=323582"}],"curies":[{"name":"wp","href":"https:\/\/api.w.org\/{rel}","templated":true}]}}