{"id":323579,"date":"2019-09-23T15:22:21","date_gmt":"2019-09-23T13:22:21","guid":{"rendered":"https:\/\/hashtag.al\/?p=323579"},"modified":"2019-09-23T15:22:21","modified_gmt":"2019-09-23T13:22:21","slug":"ujesjelles-kanalizimet-shendetesia-arsimi-e-rendi-te-sigurta-e-funksionale-brace","status":"publish","type":"post","link":"https:\/\/www.hashtag.al\/index.php\/2019\/09\/23\/ujesjelles-kanalizimet-shendetesia-arsimi-e-rendi-te-sigurta-e-funksionale-brace\/","title":{"rendered":"&#8220;Uj\u00ebsjell\u00ebs-kanalizimet, sh\u00ebndet\u00ebsia, arsimi e rendi t\u00eb sigurta e funksionale&#8221; &#8211; Bra\u00e7e","gt_translate_keys":[{"key":"rendered","format":"text"}]},"content":{"rendered":"<p><img loading=\"lazy\" decoding=\"async\" class=\"aligncenter size-full wp-image-323580\" src=\"https:\/\/hashtag.al\/wp-content\/uploads\/2019\/09\/brace-e1569244880212.jpg\" alt=\"\" width=\"1260\" height=\"752\" srcset=\"https:\/\/www.hashtag.al\/wp-content\/uploads\/2019\/09\/brace-e1569244880212.jpg 1260w, https:\/\/www.hashtag.al\/wp-content\/uploads\/2019\/09\/brace-e1569244880212-300x179.jpg 300w, https:\/\/www.hashtag.al\/wp-content\/uploads\/2019\/09\/brace-e1569244880212-768x458.jpg 768w, https:\/\/www.hashtag.al\/wp-content\/uploads\/2019\/09\/brace-e1569244880212-1024x611.jpg 1024w\" sizes=\"auto, (max-width: 1260px) 100vw, 1260px\" \/><\/p>\n<p><span style=\"color: #000000;\">Zv.kryeministri Bra\u00e7e ka deklaruar se t\u00eb gjitha infrastrukturat jan\u00eb n\u00eb gjendje t\u00eb sigurt e funksionale n\u00eb mbar\u00eb vendin duke nisur nga qytetet kryesore e deri n\u00eb zonat m\u00eb t\u00eb larg\u00ebta. <\/span><\/p>\n<p><span style=\"color: #000000;\">Ai tha se kryeministri po udh\u00ebheq t\u00eb gjith\u00eb procesin e kordinuar n\u00eb vend pas t\u00ebrmetit t\u00eb fuqish\u00ebm q\u00eb goditi Tiran\u00ebn, Durr\u00ebsin dhe disa qytete t\u00eb tjer\u00eb pasditen e s\u00eb shtun\u00ebs.<\/span><\/p>\n<p><span style=\"color: #000000;\"><em>\u201cRruga \u00ebsht\u00eb e aksesueshme dhe e sigurt, madje edhe n\u00eb zonat m\u00eb t\u00eb larg\u00ebta. Rrjeti uj\u00ebsjell\u00ebs-kanalizime jan\u00eb t\u00eb sigurta. Impiantet e ujit t\u00eb pijsh\u00ebm dhe ajo e uj\u00ebrave t\u00eb zeza. I gjith\u00eb rrjeti elektrik \u00ebsht\u00eb n\u00eb funksion t\u00eb plot\u00eb n\u00eb zonat urbane dhe n\u00eb territoret m\u00eb t\u00eb larg\u00ebta. E gjitha infrastruktura sh\u00ebndet\u00ebsore \u00ebsht\u00eb e aksesueshme dhe e siguruar, duke p\u00ebrfshir\u00eb, sh\u00ebrbimin spitalor, ambulant. E gjith\u00eb infrastruktura arsimore \u00ebsht\u00eb e sigurt, duke p\u00ebrfshir\u00eb \u00e7erdhet, kopshtet e shkollat. E gjitha infrastrutura sociale \u00ebsht\u00eb e aksesueshme p\u00ebr \u00e7do individ n\u00eb nevoj\u00eb. E gjith\u00eb infrastruktura e rendit \u00ebsht\u00eb e sigurt n\u00eb sh\u00ebrbim t\u00eb qytetar\u00ebve.\u201d<\/em> &#8211; tha Bra\u00e7e.<\/span><\/p>\n","protected":false,"gt_translate_keys":[{"key":"rendered","format":"html"}]},"excerpt":{"rendered":"<p>Zv.kryeministri Bra\u00e7e ka deklaruar se t\u00eb gjitha infrastrukturat jan\u00eb n\u00eb gjendje t\u00eb sigurt e funksionale n\u00eb mbar\u00eb vendin duke nisur nga qytetet kryesore e deri n\u00eb zonat m\u00eb t\u00eb larg\u00ebta. Ai tha se kryeministri po udh\u00ebheq t\u00eb gjith\u00eb procesin e kordinuar n\u00eb vend pas t\u00ebrmetit t\u00eb fuqish\u00ebm q\u00eb goditi Tiran\u00ebn, Durr\u00ebsin dhe disa qytete t\u00eb [&hellip;]<\/p>\n","protected":false,"gt_translate_keys":[{"key":"rendered","format":"html"}]},"author":51,"featured_media":323580,"comment_status":"open","ping_status":"open","sticky":false,"template":"","format":"standard","meta":{"footnotes":""},"categories":[65,13],"tags":[],"class_list":["post-323579","post","type-post","status-publish","format-standard","has-post-thumbnail","hentry","category-lajme","category-te-fundit"],"gt_translate_keys":[{"key":"link","format":"url"}],"_links":{"self":[{"href":"https:\/\/www.hashtag.al\/index.php\/wp-json\/wp\/v2\/posts\/323579","targetHints":{"allow":["GET"]}}],"collection":[{"href":"https:\/\/www.hashtag.al\/index.php\/wp-json\/wp\/v2\/posts"}],"about":[{"href":"https:\/\/www.hashtag.al\/index.php\/wp-json\/wp\/v2\/types\/post"}],"author":[{"embeddable":true,"href":"https:\/\/www.hashtag.al\/index.php\/wp-json\/wp\/v2\/users\/51"}],"replies":[{"embeddable":true,"href":"https:\/\/www.hashtag.al\/index.php\/wp-json\/wp\/v2\/comments?post=323579"}],"version-history":[{"count":0,"href":"https:\/\/www.hashtag.al\/index.php\/wp-json\/wp\/v2\/posts\/323579\/revisions"}],"wp:featuredmedia":[{"embeddable":true,"href":"https:\/\/www.hashtag.al\/index.php\/wp-json\/wp\/v2\/media\/323580"}],"wp:attachment":[{"href":"https:\/\/www.hashtag.al\/index.php\/wp-json\/wp\/v2\/media?parent=323579"}],"wp:term":[{"taxonomy":"category","embeddable":true,"href":"https:\/\/www.hashtag.al\/index.php\/wp-json\/wp\/v2\/categories?post=323579"},{"taxonomy":"post_tag","embeddable":true,"href":"https:\/\/www.hashtag.al\/index.php\/wp-json\/wp\/v2\/tags?post=323579"}],"curies":[{"name":"wp","href":"https:\/\/api.w.org\/{rel}","templated":true}]}}