{"id":323501,"date":"2019-09-23T09:12:41","date_gmt":"2019-09-23T07:12:41","guid":{"rendered":"https:\/\/hashtag.al\/?p=323501"},"modified":"2019-09-23T09:16:39","modified_gmt":"2019-09-23T07:16:39","slug":"meta-e-rama-mundohen-te-qetesojne-qytetaret-ti-kthehemi-jetes-normale","status":"publish","type":"post","link":"https:\/\/www.hashtag.al\/index.php\/2019\/09\/23\/meta-e-rama-mundohen-te-qetesojne-qytetaret-ti-kthehemi-jetes-normale\/","title":{"rendered":"Meta e Rama mundohen t\u00eb qet\u00ebsojn\u00eb qytetar\u00ebt: T&#8217;i kthehemi jet\u00ebs normale","gt_translate_keys":[{"key":"rendered","format":"text"}]},"content":{"rendered":"<p><a href=\"https:\/\/hashtag.al\/wp-content\/uploads\/2019\/05\/rama-meta22maj.jpg\"><img loading=\"lazy\" decoding=\"async\" class=\"aligncenter size-full wp-image-298633\" src=\"https:\/\/hashtag.al\/wp-content\/uploads\/2019\/05\/rama-meta22maj.jpg\" alt=\"\" width=\"960\" height=\"640\" srcset=\"https:\/\/www.hashtag.al\/wp-content\/uploads\/2019\/05\/rama-meta22maj.jpg 960w, https:\/\/www.hashtag.al\/wp-content\/uploads\/2019\/05\/rama-meta22maj-300x200.jpg 300w, https:\/\/www.hashtag.al\/wp-content\/uploads\/2019\/05\/rama-meta22maj-768x512.jpg 768w\" sizes=\"auto, (max-width: 960px) 100vw, 960px\" \/><\/a><\/p>\n<p><span style=\"color: #000000;\">K\u00ebt\u00eb t\u00eb h\u00ebn\u00eb, presidenti i vendit Ilir Meta kishte nj\u00eb mesazh p\u00ebr t\u00eb ndar\u00eb me qytetar\u00ebt. P\u00ebrmes nj\u00eb fotografie ku shfaqej me macen e tij, Meta \u00ebsht\u00eb p\u00ebrpjekur t\u00eb jap\u00eb nj\u00eb mesazh qet\u00ebsimi p\u00ebr gjith\u00eb shqiptar\u00ebt e p\u00ebrfshir\u00eb nga paniku pas t\u00ebrmetit t\u00eb fort\u00eb q\u00eb ra t\u00eb shtun\u00ebn.<\/span><\/p>\n<p><em><span style=\"color: #000000;\">\u201cMir\u00ebm\u00ebngjes t\u00eb dashur miq,<\/span><\/em><br \/>\n<span style=\"color: #000000;\"><em>Me r\u00ebnd\u00ebsi \u00ebsht\u00eb t\u2019i kthehemi jet\u00ebs s\u00eb p\u00ebrditshme dhe qet\u00ebsis\u00eb n\u00eb familjet tona! Ju uroj nj\u00eb jav\u00eb t\u00eb mbar\u00eb!\u201d<\/em>, shkruan Meta.<\/span><\/p>\n<p><a href=\"https:\/\/hashtag.al\/wp-content\/uploads\/2019\/09\/meta-termeti.png\"><img loading=\"lazy\" decoding=\"async\" class=\"aligncenter size-full wp-image-323503\" src=\"https:\/\/hashtag.al\/wp-content\/uploads\/2019\/09\/meta-termeti.png\" alt=\"\" width=\"507\" height=\"654\" srcset=\"https:\/\/www.hashtag.al\/wp-content\/uploads\/2019\/09\/meta-termeti.png 507w, https:\/\/www.hashtag.al\/wp-content\/uploads\/2019\/09\/meta-termeti-233x300.png 233w\" sizes=\"auto, (max-width: 507px) 100vw, 507px\" \/><\/a><\/p>\n<p><span style=\"color: #000000;\">Edhe kryeministri Edi Rama, u p\u00ebrpoq k\u00ebt\u00eb m\u00ebngjes t\u00eb qet\u00ebsoj\u00eb qytetar\u00ebt e p\u00ebrfshir\u00eb nga paniku mbr\u00ebmjen e kaluar, pas nj\u00eb lajmi q\u00eb qarkulloi n\u00eb rrjet p\u00ebr nj\u00eb tjet\u00ebr t\u00ebrmet t\u00eb fuqish\u00ebm q\u00eb supozohej t\u00eb binte n\u00eb 23:30.<\/span><\/p>\n<p><span style=\"color: #000000;\">Rama fton qytetaret t&#8217;i rikthehen jet\u00ebs normale dhe mos t&#8217;ja v\u00ebn\u00eb veshin &#8220;t\u00eb dal\u00ebve nga mendja&#8221; sikur shprehet ai p\u00ebr gazetar\u00ebt q\u00eb shp\u00ebrndan\u00eb lajmin.<\/span><\/p>\n<p><span style=\"color: #000000;\"><em>&#8220;MIR\u00cbM\u00cbNGJES\u00a0 dhe me lutjen q\u00eb mos t\u2019ua vini m\u00eb veshin t\u00eb dal\u00ebve nga mendja, t\u00eb cil\u00ebt si\u00e7 e pat\u00eb edhe nj\u00ebher\u00eb mbr\u00ebm\u00eb, jan\u00eb t\u00eb gatsh\u00ebm t\u00eb ndjellin e gatuajn\u00eb deri n\u00eb fund, m\u00eb t\u00eb keqen e t\u00eb keqes p\u00ebr k\u00ebt\u00eb vend e p\u00ebr k\u00ebt\u00eb popull; si edhe me apelin miq\u00ebsor q\u00eb sot gjithkush t\u00eb rikthehet n\u00eb jet\u00ebn normale (e m\u00eb mir\u00eb ju demokrat\u00ebt k\u00ebtu m\u00eb shani mua sa t\u00eb doni, se sa t\u00eb trembeni nga ata q\u00eb parashikojn\u00eb t\u00ebrmete), nd\u00ebrkoh\u00eb q\u00eb ne do t\u00eb vijojm\u00eb me p\u00ebrkushtim pun\u00ebn n\u00eb mb\u00ebshtetje t\u00eb familjeve m\u00eb t\u00eb prekura, ju uroj t\u00eb gjith\u00ebve pa p\u00ebrjashtim, nj\u00eb dit\u00eb t\u00eb zakonshme p\u00ebr veten e p\u00ebr familjet tuaja&#8221;,<\/em> shkruan Rama.<\/span><\/p>\n<p>&nbsp;<\/p>\n","protected":false,"gt_translate_keys":[{"key":"rendered","format":"html"}]},"excerpt":{"rendered":"<p>K\u00ebt\u00eb t\u00eb h\u00ebn\u00eb, presidenti i vendit Ilir Meta kishte nj\u00eb mesazh p\u00ebr t\u00eb ndar\u00eb me qytetar\u00ebt. P\u00ebrmes nj\u00eb fotografie ku shfaqej me macen e tij, Meta \u00ebsht\u00eb p\u00ebrpjekur t\u00eb jap\u00eb nj\u00eb mesazh qet\u00ebsimi p\u00ebr gjith\u00eb shqiptar\u00ebt e p\u00ebrfshir\u00eb nga paniku pas t\u00ebrmetit t\u00eb fort\u00eb q\u00eb ra t\u00eb shtun\u00ebn. \u201cMir\u00ebm\u00ebngjes t\u00eb dashur miq, Me r\u00ebnd\u00ebsi \u00ebsht\u00eb [&hellip;]<\/p>\n","protected":false,"gt_translate_keys":[{"key":"rendered","format":"html"}]},"author":30,"featured_media":271829,"comment_status":"open","ping_status":"open","sticky":false,"template":"","format":"standard","meta":{"footnotes":""},"categories":[65,13],"tags":[],"class_list":["post-323501","post","type-post","status-publish","format-standard","has-post-thumbnail","hentry","category-lajme","category-te-fundit"],"gt_translate_keys":[{"key":"link","format":"url"}],"_links":{"self":[{"href":"https:\/\/www.hashtag.al\/index.php\/wp-json\/wp\/v2\/posts\/323501","targetHints":{"allow":["GET"]}}],"collection":[{"href":"https:\/\/www.hashtag.al\/index.php\/wp-json\/wp\/v2\/posts"}],"about":[{"href":"https:\/\/www.hashtag.al\/index.php\/wp-json\/wp\/v2\/types\/post"}],"author":[{"embeddable":true,"href":"https:\/\/www.hashtag.al\/index.php\/wp-json\/wp\/v2\/users\/30"}],"replies":[{"embeddable":true,"href":"https:\/\/www.hashtag.al\/index.php\/wp-json\/wp\/v2\/comments?post=323501"}],"version-history":[{"count":0,"href":"https:\/\/www.hashtag.al\/index.php\/wp-json\/wp\/v2\/posts\/323501\/revisions"}],"wp:featuredmedia":[{"embeddable":true,"href":"https:\/\/www.hashtag.al\/index.php\/wp-json\/wp\/v2\/media\/271829"}],"wp:attachment":[{"href":"https:\/\/www.hashtag.al\/index.php\/wp-json\/wp\/v2\/media?parent=323501"}],"wp:term":[{"taxonomy":"category","embeddable":true,"href":"https:\/\/www.hashtag.al\/index.php\/wp-json\/wp\/v2\/categories?post=323501"},{"taxonomy":"post_tag","embeddable":true,"href":"https:\/\/www.hashtag.al\/index.php\/wp-json\/wp\/v2\/tags?post=323501"}],"curies":[{"name":"wp","href":"https:\/\/api.w.org\/{rel}","templated":true}]}}