{"id":323162,"date":"2019-09-21T14:08:33","date_gmt":"2019-09-21T12:08:33","guid":{"rendered":"https:\/\/hashtag.al\/?p=323162"},"modified":"2019-09-21T14:08:33","modified_gmt":"2019-09-21T12:08:33","slug":"gjykata-e-krimeve-te-renda-jep-masen-arrest-me-burg-per-arber-cekajn","status":"publish","type":"post","link":"https:\/\/www.hashtag.al\/index.php\/2019\/09\/21\/gjykata-e-krimeve-te-renda-jep-masen-arrest-me-burg-per-arber-cekajn\/","title":{"rendered":"Gjykata e Krimeve t\u00eb R\u00ebnda jep mas\u00ebn &#8220;arrest me burg&#8221; p\u00ebr Arb\u00ebr \u00c7ekajn","gt_translate_keys":[{"key":"rendered","format":"text"}]},"content":{"rendered":"<p><a href=\"https:\/\/hashtag.al\/wp-content\/uploads\/2018\/05\/arbercekaj2.png\"><img loading=\"lazy\" decoding=\"async\" class=\"aligncenter size-full wp-image-188913\" src=\"https:\/\/hashtag.al\/wp-content\/uploads\/2018\/05\/arbercekaj2.png\" alt=\"\" width=\"705\" height=\"461\" \/><\/a><\/p>\n<p><span style=\"color: #000000;\">Gjykata e Krimeve t\u00eb R\u00ebnda ka vendosur t\u00eb jap\u00eb mas\u00ebn e \u00a0siguris\u00eb &#8220;arrest me burg&#8221; p\u00ebr Arb\u00ebr \u00c7ekajn, i cili u ekstradua disa dit\u00eb m\u00eb par\u00eb nga Gjermania,.<\/span><\/p>\n<p><span style=\"color: #000000;\">Biznesmeni i bananeve pritet t\u00eb q\u00ebndroj\u00eb n\u00eb burgun 313 n\u00eb Tiran\u00eb deri n\u00eb dh\u00ebnien e d\u00ebnimit p\u00ebrfundimtar.<\/span><\/p>\n<p><span style=\"color: #000000;\">Arb\u00ebr \u00c7ekaj akuzohet p\u00ebr sasin\u00eb prej 613 kilogram\u00eb kokain\u00eb q\u00eb u kap rreth nj\u00eb vit m\u00eb par\u00eb n\u00eb portin e Durr\u00ebsit.<\/span><\/p>\n<p><span style=\"color: #000000;\">Avokati i tij \u00ebsht\u00eb Maks Haxhia, i nj\u00ebjti q\u00eb u mor me \u00e7\u00ebshtjen e ish-ministrit t\u00eb Brendsh\u00ebm Saimir Tahiri. Ai ka k\u00ebrkuar revokim mase, dhe ndryshimin e saj n\u00eb nj\u00eb mas\u00eb m\u00eb t\u00eb but\u00eb.<\/span><\/p>\n<p><span style=\"color: #000000;\">Sipas avokatit, Arb\u00ebr \u00c7ekaj ka patur vet\u00ebm bananet, nd\u00ebrsa pronari i kontenierit ka qen\u00eb dikush tjet\u00ebr.<\/span><\/p>\n<p><span style=\"color: #000000;\">Pas zbulimit t\u00eb 613 kilogram\u00ebve kokain\u00eb n\u00eb Portin e Durr\u00ebsit\u00a0t\u00eb ardhur nga Kolumbia n\u00eb mars t\u00eb vitit 2018, \u00c7ekaj u arratis n\u00eb Gjermani dhe k\u00ebrkoi atje azil politik me argumentin se n\u00eb Shqip\u00ebri i rrezikohet jeta.<\/span><\/p>\n","protected":false,"gt_translate_keys":[{"key":"rendered","format":"html"}]},"excerpt":{"rendered":"<p>Gjykata e Krimeve t\u00eb R\u00ebnda ka vendosur t\u00eb jap\u00eb mas\u00ebn e \u00a0siguris\u00eb &#8220;arrest me burg&#8221; p\u00ebr Arb\u00ebr \u00c7ekajn, i cili u ekstradua disa dit\u00eb m\u00eb par\u00eb nga Gjermania,. Biznesmeni i bananeve pritet t\u00eb q\u00ebndroj\u00eb n\u00eb burgun 313 n\u00eb Tiran\u00eb deri n\u00eb dh\u00ebnien e d\u00ebnimit p\u00ebrfundimtar. Arb\u00ebr \u00c7ekaj akuzohet p\u00ebr sasin\u00eb prej 613 kilogram\u00eb kokain\u00eb q\u00eb [&hellip;]<\/p>\n","protected":false,"gt_translate_keys":[{"key":"rendered","format":"html"}]},"author":30,"featured_media":288598,"comment_status":"open","ping_status":"open","sticky":false,"template":"","format":"standard","meta":{"footnotes":""},"categories":[65,13],"tags":[],"class_list":["post-323162","post","type-post","status-publish","format-standard","has-post-thumbnail","hentry","category-lajme","category-te-fundit"],"gt_translate_keys":[{"key":"link","format":"url"}],"_links":{"self":[{"href":"https:\/\/www.hashtag.al\/index.php\/wp-json\/wp\/v2\/posts\/323162","targetHints":{"allow":["GET"]}}],"collection":[{"href":"https:\/\/www.hashtag.al\/index.php\/wp-json\/wp\/v2\/posts"}],"about":[{"href":"https:\/\/www.hashtag.al\/index.php\/wp-json\/wp\/v2\/types\/post"}],"author":[{"embeddable":true,"href":"https:\/\/www.hashtag.al\/index.php\/wp-json\/wp\/v2\/users\/30"}],"replies":[{"embeddable":true,"href":"https:\/\/www.hashtag.al\/index.php\/wp-json\/wp\/v2\/comments?post=323162"}],"version-history":[{"count":0,"href":"https:\/\/www.hashtag.al\/index.php\/wp-json\/wp\/v2\/posts\/323162\/revisions"}],"wp:featuredmedia":[{"embeddable":true,"href":"https:\/\/www.hashtag.al\/index.php\/wp-json\/wp\/v2\/media\/288598"}],"wp:attachment":[{"href":"https:\/\/www.hashtag.al\/index.php\/wp-json\/wp\/v2\/media?parent=323162"}],"wp:term":[{"taxonomy":"category","embeddable":true,"href":"https:\/\/www.hashtag.al\/index.php\/wp-json\/wp\/v2\/categories?post=323162"},{"taxonomy":"post_tag","embeddable":true,"href":"https:\/\/www.hashtag.al\/index.php\/wp-json\/wp\/v2\/tags?post=323162"}],"curies":[{"name":"wp","href":"https:\/\/api.w.org\/{rel}","templated":true}]}}