{"id":322948,"date":"2019-09-20T14:23:49","date_gmt":"2019-09-20T12:23:49","guid":{"rendered":"https:\/\/hashtag.al\/?p=322948"},"modified":"2019-09-20T14:27:46","modified_gmt":"2019-09-20T12:27:46","slug":"dalin-foto-te-reja-juan-guaido-ne-makine-me-anetarin-e-kartelit-te-droges","status":"publish","type":"post","link":"https:\/\/www.hashtag.al\/index.php\/2019\/09\/20\/dalin-foto-te-reja-juan-guaido-ne-makine-me-anetarin-e-kartelit-te-droges\/","title":{"rendered":"Dalin foto t\u00eb reja, Juan Guaido n\u00eb makin\u00eb me an\u00ebtarin e kartelit t\u00eb drog\u00ebs","gt_translate_keys":[{"key":"rendered","format":"text"}]},"content":{"rendered":"<p><img loading=\"lazy\" decoding=\"async\" class=\"aligncenter size-full wp-image-322952\" src=\"https:\/\/hashtag.al\/wp-content\/uploads\/2019\/09\/foto-4.png\" alt=\"\" width=\"768\" height=\"445\" srcset=\"https:\/\/www.hashtag.al\/wp-content\/uploads\/2019\/09\/foto-4.png 768w, https:\/\/www.hashtag.al\/wp-content\/uploads\/2019\/09\/foto-4-300x174.png 300w\" sizes=\"auto, (max-width: 768px) 100vw, 768px\" \/><\/p>\n<p><span style=\"color: #000000;\">Publikohen t\u00eb tjera foto t\u00eb liderit t\u00eb opozit\u00ebs t\u00eb mb\u00ebshte\u00ebtur nga Amerika, Juan Guaido, i cili shihet n\u00eb makin\u00eb me nj\u00eb an\u00ebtar t\u00eb nj\u00eb karteli droge, i cili dyshohet se e ka ndihmuar at\u00eb t\u00eb hynte i sigurt n\u00eb Kolumbi.<\/span><\/p>\n<p><span style=\"color: #000000;\">N\u00eb janar, Guaido e deklaroi veten <em>&#8220;president t\u00eb p\u00ebrkohsh\u00ebm&#8221;<\/em> dhe q\u00eb at\u00ebhere ka b\u00ebr\u00eb p\u00ebrpjekje p\u00ebr t\u00eb marr\u00eb pushtetin me mb\u00ebshtetjen e Washingtonit.<\/span><\/p>\n<p><span style=\"color: #000000;\">Gjat\u00eb nj\u00ebr\u00ebs prej k\u00ebtyre p\u00ebrpjekjeve n\u00eb shkurt, Guaido udh\u00ebtoi n\u00eb Kolumbi p\u00ebr t\u00eb marr\u00eb pjes\u00eb n\u00eb nj\u00eb koncert dhe t\u00eb fuste n\u00eb vend nj\u00eb kolon\u00eb kamion\u00ebsh q\u00eb p\u00ebrmbanin &#8220;ndihma humanitare&#8221; t\u00eb siguruara nga SHBA, t\u00eb cilat u ndaluan p\u00ebrfundimisht nga rojet kufitare Venezuel\u00ebs.<\/span><\/p>\n<p><span style=\"color: #000000;\">Jav\u00ebn e kaluar, nj\u00eb OJQ kolumbiane publikoi foto ku Guaido shfaqej p\u00ebrkrah dy personave t\u00eb identifikuar m\u00eb von\u00eb si an\u00ebtar\u00eb t\u00eb nj\u00eb karteli droge t\u00eb quajtur Los Rastrojos. U<\/span><span style=\"color: #000000;\">\u00a0ngrit\u00ebn dyshime n\u00ebse Guaido kishte kaluar kufirin me ndihm\u00ebn e bandave.<\/span><\/p>\n<p><span style=\"color: #000000;\">Fotot e reja t\u00eb publikuara t\u00eb enjten, i shtuan akoma m\u00eb shum\u00eb dyshimet duke konfirmuar teorin\u00eb. Guaido shihet i buz\u00ebqeshur duke p\u00ebrqafuar nj\u00eb burr\u00eb t\u00eb identifikuar si Jonathan Orlando Zambrano Garcia, me emrin &#8220;Patron Pobre&#8221;, nj\u00eb komandant i nivelit t\u00eb mes\u00ebm i kartelit Los Rastrojos.<\/span><\/p>\n<p><img loading=\"lazy\" decoding=\"async\" class=\"aligncenter size-full wp-image-322950\" src=\"https:\/\/hashtag.al\/wp-content\/uploads\/2019\/09\/foto-2.png\" alt=\"\" width=\"782\" height=\"432\" srcset=\"https:\/\/www.hashtag.al\/wp-content\/uploads\/2019\/09\/foto-2.png 782w, https:\/\/www.hashtag.al\/wp-content\/uploads\/2019\/09\/foto-2-300x166.png 300w, https:\/\/www.hashtag.al\/wp-content\/uploads\/2019\/09\/foto-2-768x424.png 768w\" sizes=\"auto, (max-width: 782px) 100vw, 782px\" \/><\/p>\n<p><span style=\"color: #000000;\">Ai shihet duke drejtuar makin\u00ebn n\u00eb t\u00eb cil\u00ebn futet Guaido p\u00ebr t\u00eb vijuar me udh\u00ebtimin.<\/span><\/p>\n<p><span style=\"color: #000000;\">Rrobat e Guaidos n\u00eb foto jan\u00eb t\u00eb nj\u00ebjtat q\u00eb ai veshi gjat\u00eb udh\u00ebtimit t\u00eb tij n\u00eb Kolumbi n\u00eb shkurt. Imazhet u publikuan s\u00eb pari nga &#8216;Con el Mazo Dando&#8217;, nj\u00eb program televiziv i moderuar nga Diosdado Cabello.<\/span><\/p>\n<p><span style=\"color: #000000;\">Cabello raportoi se Los Rastrojos kishte provuar t\u00eb vriste nj\u00eb njeri t\u00eb njohur si &#8220;El Menor&#8221;, nj\u00eb nga dy an\u00ebtar\u00ebt e kartelit t\u00eb p\u00ebrmendur s\u00eb bashku me Guaido n\u00eb fotot q\u00eb dol\u00ebn jav\u00ebn e kaluar.<\/span><\/p>\n<p><span style=\"color: #000000;\">Ai tha se atentator\u00ebt nuk kishin arritur ta gjejn\u00eb at\u00eb dhe n\u00eb vend t\u00eb k\u00ebsaj vran\u00eb prind\u00ebrit e tij dhe dy an\u00ebtar\u00ebt e tjer\u00eb t\u00eb familjes.<\/span><\/p>\n<p><span style=\"color: #000000;\">Guaido ka mohuar t\u00eb jet\u00eb ndihmuar nga Los Rastrojos dhe tha se nuk mund t\u00eb mbante p\u00ebrgjegj\u00ebsi p\u00ebr k\u00ebt\u00eb pasi kishte pozuar me dy personat si me qindra njer\u00ebzit e tjer\u00eb q\u00eb i kan\u00eb k\u00ebrkuar foto gjat\u00eb udh\u00ebtimit.<\/span><\/p>\n<p><span style=\"color: #000000;\">Autoritetet kolumbiane, konfirmuan q\u00eb t\u00eb dy individ\u00ebt ishin an\u00ebtar\u00eb t\u00eb organizat\u00ebs, por than\u00eb se udh\u00ebheq\u00ebsi i opozit\u00ebs nuk u shoq\u00ebrua nga asnj\u00eb kriminel gjat\u00eb vizit\u00ebs s\u00eb tij n\u00eb vend.<\/span><\/p>\n<p><span style=\"color: #000000;\">Lidhjet midis burrit n\u00eb fotografit\u00eb e reja dhe Los Rastrojos, megjithat\u00eb, jan\u00eb m\u00eb pak t\u00eb qarta. Sipas gazet\u00ebs kolumbiane El Espectador, rojet kufitare kolumbiane nuk besojn\u00eb se ai \u00ebsht\u00eb pjes\u00eb e organizat\u00ebs kriminale.<\/span><\/p>\n<p><span style=\"color: #000000;\"><strong><span style=\"color: #ff0000;\">VINI RE:<\/span> Ky material \u00ebsht\u00eb pron\u00ebsi intelektuale e <span style=\"color: #0000ff;\"><a style=\"color: #0000ff;\" href=\"https:\/\/www.rt.com\/news\/469220-guaido-drug-cartel-photos\/\">RT<\/a><\/span>\/ P\u00ebrshtati n\u00eb shqip Hashtag.al<\/strong><\/span><\/p>\n<p><img loading=\"lazy\" decoding=\"async\" class=\"aligncenter size-full wp-image-322949\" src=\"https:\/\/hashtag.al\/wp-content\/uploads\/2019\/09\/foto-1.png\" alt=\"\" width=\"676\" height=\"394\" srcset=\"https:\/\/www.hashtag.al\/wp-content\/uploads\/2019\/09\/foto-1.png 676w, https:\/\/www.hashtag.al\/wp-content\/uploads\/2019\/09\/foto-1-300x175.png 300w\" sizes=\"auto, (max-width: 676px) 100vw, 676px\" \/> <img loading=\"lazy\" decoding=\"async\" class=\"aligncenter size-full wp-image-322951\" src=\"https:\/\/hashtag.al\/wp-content\/uploads\/2019\/09\/foto-3.png\" alt=\"\" width=\"787\" height=\"442\" srcset=\"https:\/\/www.hashtag.al\/wp-content\/uploads\/2019\/09\/foto-3.png 787w, https:\/\/www.hashtag.al\/wp-content\/uploads\/2019\/09\/foto-3-300x168.png 300w, https:\/\/www.hashtag.al\/wp-content\/uploads\/2019\/09\/foto-3-768x431.png 768w\" sizes=\"auto, (max-width: 787px) 100vw, 787px\" \/><\/p>\n","protected":false,"gt_translate_keys":[{"key":"rendered","format":"html"}]},"excerpt":{"rendered":"<p>Publikohen t\u00eb tjera foto t\u00eb liderit t\u00eb opozit\u00ebs t\u00eb mb\u00ebshte\u00ebtur nga Amerika, Juan Guaido, i cili shihet n\u00eb makin\u00eb me nj\u00eb an\u00ebtar t\u00eb nj\u00eb karteli droge, i cili dyshohet se e ka ndihmuar at\u00eb t\u00eb hynte i sigurt n\u00eb Kolumbi. N\u00eb janar, Guaido e deklaroi veten &#8220;president t\u00eb p\u00ebrkohsh\u00ebm&#8221; dhe q\u00eb at\u00ebhere ka b\u00ebr\u00eb p\u00ebrpjekje [&hellip;]<\/p>\n","protected":false,"gt_translate_keys":[{"key":"rendered","format":"html"}]},"author":30,"featured_media":322952,"comment_status":"open","ping_status":"open","sticky":false,"template":"","format":"standard","meta":{"footnotes":""},"categories":[22,6],"tags":[],"class_list":["post-322948","post","type-post","status-publish","format-standard","has-post-thumbnail","hentry","category-ballina","category-nderkombetare"],"gt_translate_keys":[{"key":"link","format":"url"}],"_links":{"self":[{"href":"https:\/\/www.hashtag.al\/index.php\/wp-json\/wp\/v2\/posts\/322948","targetHints":{"allow":["GET"]}}],"collection":[{"href":"https:\/\/www.hashtag.al\/index.php\/wp-json\/wp\/v2\/posts"}],"about":[{"href":"https:\/\/www.hashtag.al\/index.php\/wp-json\/wp\/v2\/types\/post"}],"author":[{"embeddable":true,"href":"https:\/\/www.hashtag.al\/index.php\/wp-json\/wp\/v2\/users\/30"}],"replies":[{"embeddable":true,"href":"https:\/\/www.hashtag.al\/index.php\/wp-json\/wp\/v2\/comments?post=322948"}],"version-history":[{"count":0,"href":"https:\/\/www.hashtag.al\/index.php\/wp-json\/wp\/v2\/posts\/322948\/revisions"}],"wp:featuredmedia":[{"embeddable":true,"href":"https:\/\/www.hashtag.al\/index.php\/wp-json\/wp\/v2\/media\/322952"}],"wp:attachment":[{"href":"https:\/\/www.hashtag.al\/index.php\/wp-json\/wp\/v2\/media?parent=322948"}],"wp:term":[{"taxonomy":"category","embeddable":true,"href":"https:\/\/www.hashtag.al\/index.php\/wp-json\/wp\/v2\/categories?post=322948"},{"taxonomy":"post_tag","embeddable":true,"href":"https:\/\/www.hashtag.al\/index.php\/wp-json\/wp\/v2\/tags?post=322948"}],"curies":[{"name":"wp","href":"https:\/\/api.w.org\/{rel}","templated":true}]}}