{"id":322879,"date":"2019-09-20T11:09:24","date_gmt":"2019-09-20T09:09:24","guid":{"rendered":"https:\/\/hashtag.al\/?p=322879"},"modified":"2019-09-20T11:09:24","modified_gmt":"2019-09-20T09:09:24","slug":"rama-ne-merak-per-shkodren-mbledh-ne-velipoje-koordinatoret","status":"publish","type":"post","link":"https:\/\/www.hashtag.al\/index.php\/2019\/09\/20\/rama-ne-merak-per-shkodren-mbledh-ne-velipoje-koordinatoret\/","title":{"rendered":"\u00a0Rama n\u00eb merak p\u00ebr Shkodr\u00ebn, mbledh n\u00eb Velipoj\u00eb koordinator\u00ebt","gt_translate_keys":[{"key":"rendered","format":"text"}]},"content":{"rendered":"<p><img loading=\"lazy\" decoding=\"async\" class=\"aligncenter size-full wp-image-322880\" src=\"https:\/\/hashtag.al\/wp-content\/uploads\/2019\/09\/rama-lleshi.jpg\" alt=\"\" width=\"480\" height=\"320\" srcset=\"https:\/\/www.hashtag.al\/wp-content\/uploads\/2019\/09\/rama-lleshi.jpg 480w, https:\/\/www.hashtag.al\/wp-content\/uploads\/2019\/09\/rama-lleshi-300x200.jpg 300w\" sizes=\"auto, (max-width: 480px) 100vw, 480px\" \/><\/p>\n<p><span style=\"color: #000000;\">Kryeministri Edi Rama ka mbledhur sot n\u00eb Velipoj\u00eb K\u00ebshillin Koordinues t\u00eb PS-s\u00eb p\u00ebr Rajonin e Veriut.<\/span><\/p>\n<p><span style=\"color: #000000;\">N\u00eb k\u00ebt\u00eb mbledhje marrin pjes\u00eb ministri i Brendsh\u00ebm Sand\u00ebr Lleshaj, i cili \u00ebsht\u00eb edhe koordinator politik i PS-s\u00eb p\u00ebr qarkun Lezh\u00ebs si edhe deputet\u00ebt Paulin Sterkaj, Luan Harusha dhe Tom Doshi, gjithashtu edhe kryetari i Bashkis\u00eb se Lezh\u00ebs, Pjerin Ndreu.<\/span><\/p>\n<p><span style=\"color: #000000;\">Ky takim vjen pas tensioneve t\u00eb krijuara n\u00eb bashkin\u00eb e Shkodr\u00ebs, pas zgjedhjeve t\u00eb 30 qershorit ku PS kandidoi me Valdrin Pjetrin, i cili u denoncua nga PD-ja se kishte qen\u00eb i d\u00ebnuar n\u00eb Itali. Ky i fundit u detyrua t\u00eb jepte dor\u00ebheqjen, duke v\u00ebn\u00eb n\u00eb situat\u00eb t\u00eb v\u00ebshtir\u00eb PS-s\u00eb n\u00eb qarkun m\u00eb t\u00eb madh t\u00eb Veriut.<\/span><\/p>\n","protected":false,"gt_translate_keys":[{"key":"rendered","format":"html"}]},"excerpt":{"rendered":"<p>Kryeministri Edi Rama ka mbledhur sot n\u00eb Velipoj\u00eb K\u00ebshillin Koordinues t\u00eb PS-s\u00eb p\u00ebr Rajonin e Veriut. N\u00eb k\u00ebt\u00eb mbledhje marrin pjes\u00eb ministri i Brendsh\u00ebm Sand\u00ebr Lleshaj, i cili \u00ebsht\u00eb edhe koordinator politik i PS-s\u00eb p\u00ebr qarkun Lezh\u00ebs si edhe deputet\u00ebt Paulin Sterkaj, Luan Harusha dhe Tom Doshi, gjithashtu edhe kryetari i Bashkis\u00eb se Lezh\u00ebs, Pjerin [&hellip;]<\/p>\n","protected":false,"gt_translate_keys":[{"key":"rendered","format":"html"}]},"author":30,"featured_media":322880,"comment_status":"open","ping_status":"open","sticky":false,"template":"","format":"standard","meta":{"footnotes":""},"categories":[65,13],"tags":[],"class_list":["post-322879","post","type-post","status-publish","format-standard","has-post-thumbnail","hentry","category-lajme","category-te-fundit"],"gt_translate_keys":[{"key":"link","format":"url"}],"_links":{"self":[{"href":"https:\/\/www.hashtag.al\/index.php\/wp-json\/wp\/v2\/posts\/322879","targetHints":{"allow":["GET"]}}],"collection":[{"href":"https:\/\/www.hashtag.al\/index.php\/wp-json\/wp\/v2\/posts"}],"about":[{"href":"https:\/\/www.hashtag.al\/index.php\/wp-json\/wp\/v2\/types\/post"}],"author":[{"embeddable":true,"href":"https:\/\/www.hashtag.al\/index.php\/wp-json\/wp\/v2\/users\/30"}],"replies":[{"embeddable":true,"href":"https:\/\/www.hashtag.al\/index.php\/wp-json\/wp\/v2\/comments?post=322879"}],"version-history":[{"count":0,"href":"https:\/\/www.hashtag.al\/index.php\/wp-json\/wp\/v2\/posts\/322879\/revisions"}],"wp:featuredmedia":[{"embeddable":true,"href":"https:\/\/www.hashtag.al\/index.php\/wp-json\/wp\/v2\/media\/322880"}],"wp:attachment":[{"href":"https:\/\/www.hashtag.al\/index.php\/wp-json\/wp\/v2\/media?parent=322879"}],"wp:term":[{"taxonomy":"category","embeddable":true,"href":"https:\/\/www.hashtag.al\/index.php\/wp-json\/wp\/v2\/categories?post=322879"},{"taxonomy":"post_tag","embeddable":true,"href":"https:\/\/www.hashtag.al\/index.php\/wp-json\/wp\/v2\/tags?post=322879"}],"curies":[{"name":"wp","href":"https:\/\/api.w.org\/{rel}","templated":true}]}}